{"id":1166,"date":"2018-06-20T22:46:32","date_gmt":"2018-06-20T20:46:32","guid":{"rendered":"http:\/\/wandern.minnerop.de\/?p=1166"},"modified":"2018-06-25T14:44:58","modified_gmt":"2018-06-25T12:44:58","slug":"tag-52-auf-dem-e1-von-darmstadt-nach-reichenbach-lautertal-20-06-18","status":"publish","type":"post","link":"https:\/\/wandern.minnerop.de\/?p=1166","title":{"rendered":"Tag 52 auf dem E1 von Darmstadt nach Reichenbach Lautertal 20.06.18"},"content":{"rendered":"<audio class=\"wp-audio-shortcode\" id=\"audio-1166-1\" preload=\"none\" style=\"width: 100%;\" controls=\"controls\"><source type=\"audio\/mpeg\" src=\"http:\/\/wandern.minnerop.de\/wp-content\/uploads\/2018\/06\/20180620073323trimm.mp3?_=1\" \/><a href=\"http:\/\/wandern.minnerop.de\/wp-content\/uploads\/2018\/06\/20180620073323trimm.mp3\">http:\/\/wandern.minnerop.de\/wp-content\/uploads\/2018\/06\/20180620073323trimm.mp3<\/a><\/audio>\n<p>Audiotagebuch zum anh\u00f6ren<\/p>\n<p><a href=\"http:\/\/wandern.minnerop.de\/wp-content\/uploads\/2018\/06\/2018-06-20_36023982_09-2-darmstadt-oberwaldhaus-lautertal-reichenbach-20-06-18_export.gpx\">2018-06-20_36023982_09-2-darmstadt-oberwaldhaus-lautertal-reichenbach-20-06-18_export<\/a><\/p>\n<p>GPX Datei von Darmstadt nach Lautertal Reichenbach<\/p>\n<p>Dies war meine erste Nacht in Deutschland, in der ich wild gecampt habe. In der Nacht hatte ich Besuch von einer Herde Rehe. Als ich durch ihr knacken der \u00c4ste wach wurde, und mich umdrehte, quietschte meine Isomatte. Sofort rannten alle Weg, was in der Nacht ein richtiges Get\u00f6se verursachte. Ansonsten habe ich wunderbar geschlafen. Erst um 6:45 Uhr wurde ich wach und musste mich aus dem Bett zwingen. Sonst bin ich schon immer vor 6 Uhr wach und kann es nicht erwarten, dass ich aufstehen kann.<\/p>\n<p>Als alles gepackt war lief ich los. Nach kurzer Zeit kam ich an einem Biohof mit Cafe vorbei. Kuchen gab es noch keinen, aber leckeren Kaffee und Wasser f\u00fcr meinen Trinkschlauch. Alles Prima.<\/p>\n<p>Weiter ging es dann durch die TU-Darmstadt und den Zoo Vivarium. Es war viel los, weil gerade eine Menge Studenten den Waldweg als Zufahrt zur Uni nutzten. An einem Rastplatz bog mein Weg dann ab und es wurde ruhiger.<\/p>\n<figure id=\"attachment_1168\" aria-describedby=\"caption-attachment-1168\" style=\"width: 840px\" class=\"wp-caption aligncenter\"><a href=\"http:\/\/wandern.minnerop.de\/wp-content\/uploads\/2018\/06\/1529476730221.949a9811-3e12-4244-ae5b-c51214bbd98d.jpg\"><img loading=\"lazy\" decoding=\"async\" class=\"size-large wp-image-1168\" src=\"http:\/\/wandern.minnerop.de\/wp-content\/uploads\/2018\/06\/1529476730221.949a9811-3e12-4244-ae5b-c51214bbd98d-1024x576.jpg\" alt=\"\" width=\"840\" height=\"473\" srcset=\"https:\/\/wandern.minnerop.de\/wp-content\/uploads\/2018\/06\/1529476730221.949a9811-3e12-4244-ae5b-c51214bbd98d-1024x576.jpg 1024w, https:\/\/wandern.minnerop.de\/wp-content\/uploads\/2018\/06\/1529476730221.949a9811-3e12-4244-ae5b-c51214bbd98d-300x169.jpg 300w, https:\/\/wandern.minnerop.de\/wp-content\/uploads\/2018\/06\/1529476730221.949a9811-3e12-4244-ae5b-c51214bbd98d-768x432.jpg 768w, https:\/\/wandern.minnerop.de\/wp-content\/uploads\/2018\/06\/1529476730221.949a9811-3e12-4244-ae5b-c51214bbd98d-1200x675.jpg 1200w, https:\/\/wandern.minnerop.de\/wp-content\/uploads\/2018\/06\/1529476730221.949a9811-3e12-4244-ae5b-c51214bbd98d.jpg 2016w\" sizes=\"auto, (max-width: 840px) 100vw, 840px\" \/><\/a><figcaption id=\"caption-attachment-1168\" class=\"wp-caption-text\">Rastplatz in der N\u00e4he der TU-Darmstadt<\/figcaption><\/figure>\n<p>Es war bereits morgens um 9 Uhr sehr warm, \u00fcber 20 Grad. Der Tag sollte noch richtig hei\u00df werden. Dann kamen einige idyllische Fischteiche.<\/p>\n<figure id=\"attachment_1169\" aria-describedby=\"caption-attachment-1169\" style=\"width: 840px\" class=\"wp-caption aligncenter\"><a href=\"http:\/\/wandern.minnerop.de\/wp-content\/uploads\/2018\/06\/1529477395484.46d1c919-767e-4bb3-81f2-2e7670bccc83.jpg\"><img loading=\"lazy\" decoding=\"async\" class=\"size-large wp-image-1169\" src=\"http:\/\/wandern.minnerop.de\/wp-content\/uploads\/2018\/06\/1529477395484.46d1c919-767e-4bb3-81f2-2e7670bccc83-1024x576.jpg\" alt=\"\" width=\"840\" height=\"473\" srcset=\"https:\/\/wandern.minnerop.de\/wp-content\/uploads\/2018\/06\/1529477395484.46d1c919-767e-4bb3-81f2-2e7670bccc83-1024x576.jpg 1024w, https:\/\/wandern.minnerop.de\/wp-content\/uploads\/2018\/06\/1529477395484.46d1c919-767e-4bb3-81f2-2e7670bccc83-300x169.jpg 300w, https:\/\/wandern.minnerop.de\/wp-content\/uploads\/2018\/06\/1529477395484.46d1c919-767e-4bb3-81f2-2e7670bccc83-768x432.jpg 768w, https:\/\/wandern.minnerop.de\/wp-content\/uploads\/2018\/06\/1529477395484.46d1c919-767e-4bb3-81f2-2e7670bccc83-1200x675.jpg 1200w, https:\/\/wandern.minnerop.de\/wp-content\/uploads\/2018\/06\/1529477395484.46d1c919-767e-4bb3-81f2-2e7670bccc83.jpg 2016w\" sizes=\"auto, (max-width: 840px) 100vw, 840px\" \/><\/a><figcaption id=\"caption-attachment-1169\" class=\"wp-caption-text\">Fischteiche<\/figcaption><\/figure>\n<p>Es ging dann durch Ober-Ramstadt. Hier fing es an, dass der Weg fast ausschlie\u00dflich \u00fcber Stra\u00dfen ohne Schatten ging. Irgendwie habe ich mir dabei einen Weg geholt. Ich habe Kopfschmerzen und mir ist schwindelig. Getrunken habe ich fast 5 Liter heute, aber die vielen Kilometer auf der Stra\u00dfe waren bei der Hitze wirklich hart. Die Aussichten aber toll.<\/p>\n<p><a href=\"http:\/\/wandern.minnerop.de\/wp-content\/uploads\/2018\/06\/1529489804664.f2d4455b-64e9-4edf-8e12-3717d132d1ef.jpg\"><img loading=\"lazy\" decoding=\"async\" class=\"aligncenter size-large wp-image-1170\" src=\"http:\/\/wandern.minnerop.de\/wp-content\/uploads\/2018\/06\/1529489804664.f2d4455b-64e9-4edf-8e12-3717d132d1ef-1024x576.jpg\" alt=\"\" width=\"840\" height=\"473\" srcset=\"https:\/\/wandern.minnerop.de\/wp-content\/uploads\/2018\/06\/1529489804664.f2d4455b-64e9-4edf-8e12-3717d132d1ef-1024x576.jpg 1024w, https:\/\/wandern.minnerop.de\/wp-content\/uploads\/2018\/06\/1529489804664.f2d4455b-64e9-4edf-8e12-3717d132d1ef-300x169.jpg 300w, https:\/\/wandern.minnerop.de\/wp-content\/uploads\/2018\/06\/1529489804664.f2d4455b-64e9-4edf-8e12-3717d132d1ef-768x432.jpg 768w, https:\/\/wandern.minnerop.de\/wp-content\/uploads\/2018\/06\/1529489804664.f2d4455b-64e9-4edf-8e12-3717d132d1ef-1200x675.jpg 1200w, https:\/\/wandern.minnerop.de\/wp-content\/uploads\/2018\/06\/1529489804664.f2d4455b-64e9-4edf-8e12-3717d132d1ef.jpg 2016w\" sizes=\"auto, (max-width: 840px) 100vw, 840px\" \/><\/a><\/p>\n<p><a href=\"http:\/\/wandern.minnerop.de\/wp-content\/uploads\/2018\/06\/1529489934246.3258df79-bfcf-46a8-a60a-584a1bd48fee.jpg\"><img loading=\"lazy\" decoding=\"async\" class=\"aligncenter size-large wp-image-1171\" src=\"http:\/\/wandern.minnerop.de\/wp-content\/uploads\/2018\/06\/1529489934246.3258df79-bfcf-46a8-a60a-584a1bd48fee-1024x576.jpg\" alt=\"\" width=\"840\" height=\"473\" srcset=\"https:\/\/wandern.minnerop.de\/wp-content\/uploads\/2018\/06\/1529489934246.3258df79-bfcf-46a8-a60a-584a1bd48fee-1024x576.jpg 1024w, https:\/\/wandern.minnerop.de\/wp-content\/uploads\/2018\/06\/1529489934246.3258df79-bfcf-46a8-a60a-584a1bd48fee-300x169.jpg 300w, https:\/\/wandern.minnerop.de\/wp-content\/uploads\/2018\/06\/1529489934246.3258df79-bfcf-46a8-a60a-584a1bd48fee-768x432.jpg 768w, https:\/\/wandern.minnerop.de\/wp-content\/uploads\/2018\/06\/1529489934246.3258df79-bfcf-46a8-a60a-584a1bd48fee-1200x675.jpg 1200w, https:\/\/wandern.minnerop.de\/wp-content\/uploads\/2018\/06\/1529489934246.3258df79-bfcf-46a8-a60a-584a1bd48fee.jpg 2016w\" sizes=\"auto, (max-width: 840px) 100vw, 840px\" \/><\/a><\/p>\n<p><a href=\"http:\/\/wandern.minnerop.de\/wp-content\/uploads\/2018\/06\/1529493133169.e9cee4b2-7e1b-4b10-93bd-dbb9260d35a7.jpg\"><img loading=\"lazy\" decoding=\"async\" class=\"aligncenter size-large wp-image-1172\" src=\"http:\/\/wandern.minnerop.de\/wp-content\/uploads\/2018\/06\/1529493133169.e9cee4b2-7e1b-4b10-93bd-dbb9260d35a7-1024x576.jpg\" alt=\"\" width=\"840\" height=\"473\" srcset=\"https:\/\/wandern.minnerop.de\/wp-content\/uploads\/2018\/06\/1529493133169.e9cee4b2-7e1b-4b10-93bd-dbb9260d35a7-1024x576.jpg 1024w, https:\/\/wandern.minnerop.de\/wp-content\/uploads\/2018\/06\/1529493133169.e9cee4b2-7e1b-4b10-93bd-dbb9260d35a7-300x169.jpg 300w, https:\/\/wandern.minnerop.de\/wp-content\/uploads\/2018\/06\/1529493133169.e9cee4b2-7e1b-4b10-93bd-dbb9260d35a7-768x432.jpg 768w, https:\/\/wandern.minnerop.de\/wp-content\/uploads\/2018\/06\/1529493133169.e9cee4b2-7e1b-4b10-93bd-dbb9260d35a7-1200x675.jpg 1200w, https:\/\/wandern.minnerop.de\/wp-content\/uploads\/2018\/06\/1529493133169.e9cee4b2-7e1b-4b10-93bd-dbb9260d35a7.jpg 2016w\" sizes=\"auto, (max-width: 840px) 100vw, 840px\" \/><\/a>Nach endlosen Kilometern auf der Stra\u00dfe kam ich an die Kuralpe. Ausflugsrestaurant und Hotel. Von dort geht es auf den Felsberg. Dort hat man ein Herz f\u00fcr Hunde. Neben der Terasse ist ein Au\u00dfenanschluss f\u00fcr Wasser und einige Hundetr\u00e4nken. Mein Wasser war sch\u00f6n eine Stunde alle. Also habe ich den Wasseranschlu\u00df f\u00fcr mich genutzt. Erstmal alle Wasserbeh\u00e4lter nachgef\u00fcllt, dann mich mit dem herrlich kalten Wasser abgek\u00fchlt.<\/p>\n<p>Danach kam dann der Hammer des Tages. Erst ein megasteiler Aufstieg auf den Felsberg, dann ein noch Biel l\u00e4ngerer Abstieg durch das sehenswerte Felsenmeer.<\/p>\n<figure id=\"attachment_1173\" aria-describedby=\"caption-attachment-1173\" style=\"width: 576px\" class=\"wp-caption aligncenter\"><a href=\"http:\/\/wandern.minnerop.de\/wp-content\/uploads\/2018\/06\/1529504066893.60905399-b93d-4069-951c-52b1cd765a12.jpg\"><img loading=\"lazy\" decoding=\"async\" class=\"size-large wp-image-1173\" src=\"http:\/\/wandern.minnerop.de\/wp-content\/uploads\/2018\/06\/1529504066893.60905399-b93d-4069-951c-52b1cd765a12-576x1024.jpg\" alt=\"\" width=\"576\" height=\"1024\" srcset=\"https:\/\/wandern.minnerop.de\/wp-content\/uploads\/2018\/06\/1529504066893.60905399-b93d-4069-951c-52b1cd765a12-576x1024.jpg 576w, https:\/\/wandern.minnerop.de\/wp-content\/uploads\/2018\/06\/1529504066893.60905399-b93d-4069-951c-52b1cd765a12-169x300.jpg 169w, https:\/\/wandern.minnerop.de\/wp-content\/uploads\/2018\/06\/1529504066893.60905399-b93d-4069-951c-52b1cd765a12-768x1365.jpg 768w, https:\/\/wandern.minnerop.de\/wp-content\/uploads\/2018\/06\/1529504066893.60905399-b93d-4069-951c-52b1cd765a12.jpg 1134w\" sizes=\"auto, (max-width: 576px) 100vw, 576px\" \/><\/a><figcaption id=\"caption-attachment-1173\" class=\"wp-caption-text\">Felsenmeer am Felsberg<\/figcaption><\/figure>\n<figure id=\"attachment_1174\" aria-describedby=\"caption-attachment-1174\" style=\"width: 840px\" class=\"wp-caption aligncenter\"><a href=\"http:\/\/wandern.minnerop.de\/wp-content\/uploads\/2018\/06\/1529502029425.0af4cd0c-41fc-4431-8e2b-3ba016ab427a.jpg\"><img loading=\"lazy\" decoding=\"async\" class=\"size-large wp-image-1174\" src=\"http:\/\/wandern.minnerop.de\/wp-content\/uploads\/2018\/06\/1529502029425.0af4cd0c-41fc-4431-8e2b-3ba016ab427a-1024x576.jpg\" alt=\"\" width=\"840\" height=\"473\" srcset=\"https:\/\/wandern.minnerop.de\/wp-content\/uploads\/2018\/06\/1529502029425.0af4cd0c-41fc-4431-8e2b-3ba016ab427a-1024x576.jpg 1024w, https:\/\/wandern.minnerop.de\/wp-content\/uploads\/2018\/06\/1529502029425.0af4cd0c-41fc-4431-8e2b-3ba016ab427a-300x169.jpg 300w, https:\/\/wandern.minnerop.de\/wp-content\/uploads\/2018\/06\/1529502029425.0af4cd0c-41fc-4431-8e2b-3ba016ab427a-768x432.jpg 768w, https:\/\/wandern.minnerop.de\/wp-content\/uploads\/2018\/06\/1529502029425.0af4cd0c-41fc-4431-8e2b-3ba016ab427a-1200x675.jpg 1200w, https:\/\/wandern.minnerop.de\/wp-content\/uploads\/2018\/06\/1529502029425.0af4cd0c-41fc-4431-8e2b-3ba016ab427a.jpg 2016w\" sizes=\"auto, (max-width: 840px) 100vw, 840px\" \/><\/a><figcaption id=\"caption-attachment-1174\" class=\"wp-caption-text\">Felsenmeer<\/figcaption><\/figure>\n<p>Ich h\u00e4tte wohl besser die Umleitung nehmen sollen. Es gibt daf\u00fcr bei Sven extra einen GPX -Track. Umleitung Reichenbach.<\/p>\n<p>Nach getaner Arbeit kam ich dann endlich im Gasthof zur Traube an. Ein urigernDorfgasthof mit leckerem und preiswertem Essen und drei G\u00e4steh\u00e4usern. Das war ein harter Tag bei gnadenloser Hitze.<\/p>\n","protected":false},"excerpt":{"rendered":"<p>Audiotagebuch zum anh\u00f6ren 2018-06-20_36023982_09-2-darmstadt-oberwaldhaus-lautertal-reichenbach-20-06-18_export GPX Datei von Darmstadt nach Lautertal Reichenbach Dies war meine erste Nacht in Deutschland, in der ich wild gecampt habe. In der Nacht hatte ich Besuch von einer Herde Rehe. Als ich durch ihr knacken der \u00c4ste wach wurde, und mich umdrehte, quietschte meine Isomatte. Sofort rannten alle Weg, was in [&hellip;]<\/p>\n","protected":false},"author":1,"featured_media":0,"comment_status":"open","ping_status":"open","sticky":false,"template":"","format":"standard","meta":{"footnotes":""},"categories":[2],"tags":[],"class_list":["post-1166","post","type-post","status-publish","format-standard","hentry","category-fernwanderweg-e1"],"_links":{"self":[{"href":"https:\/\/wandern.minnerop.de\/index.php?rest_route=\/wp\/v2\/posts\/1166","targetHints":{"allow":["GET"]}}],"collection":[{"href":"https:\/\/wandern.minnerop.de\/index.php?rest_route=\/wp\/v2\/posts"}],"about":[{"href":"https:\/\/wandern.minnerop.de\/index.php?rest_route=\/wp\/v2\/types\/post"}],"author":[{"embeddable":true,"href":"https:\/\/wandern.minnerop.de\/index.php?rest_route=\/wp\/v2\/users\/1"}],"replies":[{"embeddable":true,"href":"https:\/\/wandern.minnerop.de\/index.php?rest_route=%2Fwp%2Fv2%2Fcomments&post=1166"}],"version-history":[{"count":4,"href":"https:\/\/wandern.minnerop.de\/index.php?rest_route=\/wp\/v2\/posts\/1166\/revisions"}],"predecessor-version":[{"id":1224,"href":"https:\/\/wandern.minnerop.de\/index.php?rest_route=\/wp\/v2\/posts\/1166\/revisions\/1224"}],"wp:attachment":[{"href":"https:\/\/wandern.minnerop.de\/index.php?rest_route=%2Fwp%2Fv2%2Fmedia&parent=1166"}],"wp:term":[{"taxonomy":"category","embeddable":true,"href":"https:\/\/wandern.minnerop.de\/index.php?rest_route=%2Fwp%2Fv2%2Fcategories&post=1166"},{"taxonomy":"post_tag","embeddable":true,"href":"https:\/\/wandern.minnerop.de\/index.php?rest_route=%2Fwp%2Fv2%2Ftags&post=1166"}],"curies":[{"name":"wp","href":"https:\/\/api.w.org\/{rel}","templated":true}]}}