{"id":1180,"date":"2018-06-21T19:54:11","date_gmt":"2018-06-21T17:54:11","guid":{"rendered":"http:\/\/wandern.minnerop.de\/?p=1180"},"modified":"2018-06-21T19:54:11","modified_gmt":"2018-06-21T17:54:11","slug":"tag-53-auf-dem-e1-von-reichenbach-nach-birkenau-21-06-18","status":"publish","type":"post","link":"https:\/\/wandern.minnerop.de\/?p=1180","title":{"rendered":"Tag 53 auf dem E1 von Reichenbach nach Birkenau 21.06.18"},"content":{"rendered":"<audio class=\"wp-audio-shortcode\" id=\"audio-1180-1\" preload=\"none\" style=\"width: 100%;\" controls=\"controls\"><source type=\"audio\/mpeg\" src=\"http:\/\/wandern.minnerop.de\/wp-content\/uploads\/2018\/06\/2018_06_21_08_34_42.mp3?_=1\" \/><a href=\"http:\/\/wandern.minnerop.de\/wp-content\/uploads\/2018\/06\/2018_06_21_08_34_42.mp3\">http:\/\/wandern.minnerop.de\/wp-content\/uploads\/2018\/06\/2018_06_21_08_34_42.mp3<\/a><\/audio>\n<p>Audiotagebuch zum anh\u00f6ren<\/p>\n<p><a href=\"http:\/\/wandern.minnerop.de\/wp-content\/uploads\/2018\/06\/2018-06-21_36122024_9-3-lautertal-reichenbach-birkenau-21-06-18_export.gpx\">2018-06-21_36122024_9-3-lautertal-reichenbach-birkenau-21-06-18_export<\/a><\/p>\n<p>GPX Datei von Reichenbach nach Birkenau zum runterladen<\/p>\n<p>\u00dcbernachtet hatte ich im Haus Zur Krone. Die haben drei Schlafh\u00e4user nah am Restaurant, wo es das Fr\u00fchst\u00fcck gibt. Alles war OK dort.<\/p>\n<p>Vom Hotel ging es direkt steil in die Berge. Ich war schon nach einer viertel Stunde nass geschwitzt. Es war wieder m\u00f6rderhei\u00df.<\/p>\n<figure id=\"attachment_1183\" aria-describedby=\"caption-attachment-1183\" style=\"width: 840px\" class=\"wp-caption aligncenter\"><a href=\"http:\/\/wandern.minnerop.de\/wp-content\/uploads\/2018\/06\/1529563253595.57a00416-7277-4662-b63e-17786382ded7.jpg\"><img loading=\"lazy\" decoding=\"async\" class=\"size-large wp-image-1183\" src=\"http:\/\/wandern.minnerop.de\/wp-content\/uploads\/2018\/06\/1529563253595.57a00416-7277-4662-b63e-17786382ded7-1024x576.jpg\" alt=\"\" width=\"840\" height=\"473\" srcset=\"https:\/\/wandern.minnerop.de\/wp-content\/uploads\/2018\/06\/1529563253595.57a00416-7277-4662-b63e-17786382ded7-1024x576.jpg 1024w, https:\/\/wandern.minnerop.de\/wp-content\/uploads\/2018\/06\/1529563253595.57a00416-7277-4662-b63e-17786382ded7-300x169.jpg 300w, https:\/\/wandern.minnerop.de\/wp-content\/uploads\/2018\/06\/1529563253595.57a00416-7277-4662-b63e-17786382ded7-768x432.jpg 768w, https:\/\/wandern.minnerop.de\/wp-content\/uploads\/2018\/06\/1529563253595.57a00416-7277-4662-b63e-17786382ded7-1200x675.jpg 1200w, https:\/\/wandern.minnerop.de\/wp-content\/uploads\/2018\/06\/1529563253595.57a00416-7277-4662-b63e-17786382ded7.jpg 2016w\" sizes=\"auto, (max-width: 840px) 100vw, 840px\" \/><\/a><figcaption id=\"caption-attachment-1183\" class=\"wp-caption-text\">Blick zur\u00fcck auf einen Teil von Reichenbach<\/figcaption><\/figure>\n<p>Es ging dann \u00fcber einen Zwischenberg auf den Hauptberg. Von 2 Std Marsch ging es 1,5 Std stramm bergauf bis auf 450m. Das meiste davon im Wald. Irgendwann h\u00f6rte der Wald auf, die Landschaft \u00f6ffnete sich und der Rest des Weges war gepr\u00e4gt von wechselnden Landschaften und tollen Aussichten. Da sich der Himmel zugezogen hatte, war es nicht so schlimm, dass es dann keinen Schatten mehr gab.<\/p>\n<p><a href=\"http:\/\/wandern.minnerop.de\/wp-content\/uploads\/2018\/06\/1529565558392.06fee641-6fb6-445c-a3ce-edc2eb528af0.jpg\"><img loading=\"lazy\" decoding=\"async\" class=\"aligncenter size-large wp-image-1184\" src=\"http:\/\/wandern.minnerop.de\/wp-content\/uploads\/2018\/06\/1529565558392.06fee641-6fb6-445c-a3ce-edc2eb528af0-1024x576.jpg\" alt=\"\" width=\"840\" height=\"473\" srcset=\"https:\/\/wandern.minnerop.de\/wp-content\/uploads\/2018\/06\/1529565558392.06fee641-6fb6-445c-a3ce-edc2eb528af0-1024x576.jpg 1024w, https:\/\/wandern.minnerop.de\/wp-content\/uploads\/2018\/06\/1529565558392.06fee641-6fb6-445c-a3ce-edc2eb528af0-300x169.jpg 300w, https:\/\/wandern.minnerop.de\/wp-content\/uploads\/2018\/06\/1529565558392.06fee641-6fb6-445c-a3ce-edc2eb528af0-768x432.jpg 768w, https:\/\/wandern.minnerop.de\/wp-content\/uploads\/2018\/06\/1529565558392.06fee641-6fb6-445c-a3ce-edc2eb528af0-1200x675.jpg 1200w, https:\/\/wandern.minnerop.de\/wp-content\/uploads\/2018\/06\/1529565558392.06fee641-6fb6-445c-a3ce-edc2eb528af0.jpg 2016w\" sizes=\"auto, (max-width: 840px) 100vw, 840px\" \/><\/a><\/p>\n<p><a href=\"http:\/\/wandern.minnerop.de\/wp-content\/uploads\/2018\/06\/1529569360422.259d6c86-e782-4b0c-a1ca-d8f94e0431d7.jpg\"><img loading=\"lazy\" decoding=\"async\" class=\"aligncenter size-large wp-image-1185\" src=\"http:\/\/wandern.minnerop.de\/wp-content\/uploads\/2018\/06\/1529569360422.259d6c86-e782-4b0c-a1ca-d8f94e0431d7-1024x576.jpg\" alt=\"\" width=\"840\" height=\"473\" srcset=\"https:\/\/wandern.minnerop.de\/wp-content\/uploads\/2018\/06\/1529569360422.259d6c86-e782-4b0c-a1ca-d8f94e0431d7-1024x576.jpg 1024w, https:\/\/wandern.minnerop.de\/wp-content\/uploads\/2018\/06\/1529569360422.259d6c86-e782-4b0c-a1ca-d8f94e0431d7-300x169.jpg 300w, https:\/\/wandern.minnerop.de\/wp-content\/uploads\/2018\/06\/1529569360422.259d6c86-e782-4b0c-a1ca-d8f94e0431d7-768x432.jpg 768w, https:\/\/wandern.minnerop.de\/wp-content\/uploads\/2018\/06\/1529569360422.259d6c86-e782-4b0c-a1ca-d8f94e0431d7-1200x675.jpg 1200w, https:\/\/wandern.minnerop.de\/wp-content\/uploads\/2018\/06\/1529569360422.259d6c86-e782-4b0c-a1ca-d8f94e0431d7.jpg 2016w\" sizes=\"auto, (max-width: 840px) 100vw, 840px\" \/><\/a><\/p>\n<p>Sp\u00e4ter kam ich dann, mal wieder im Wald, an die herrlich k\u00fchle und klare Andreasquelle. Standesgem\u00e4\u00df oder? Der Wanderer folgt dem Andreaskreuz und erfrischt sich an der Andreasquelle.<\/p>\n<figure id=\"attachment_1186\" aria-describedby=\"caption-attachment-1186\" style=\"width: 576px\" class=\"wp-caption aligncenter\"><a href=\"http:\/\/wandern.minnerop.de\/wp-content\/uploads\/2018\/06\/1529570725864.f02917ba-23e1-44c4-8218-9efa40d8edf2.jpg\"><img loading=\"lazy\" decoding=\"async\" class=\"size-large wp-image-1186\" src=\"http:\/\/wandern.minnerop.de\/wp-content\/uploads\/2018\/06\/1529570725864.f02917ba-23e1-44c4-8218-9efa40d8edf2-576x1024.jpg\" alt=\"\" width=\"576\" height=\"1024\" srcset=\"https:\/\/wandern.minnerop.de\/wp-content\/uploads\/2018\/06\/1529570725864.f02917ba-23e1-44c4-8218-9efa40d8edf2-576x1024.jpg 576w, https:\/\/wandern.minnerop.de\/wp-content\/uploads\/2018\/06\/1529570725864.f02917ba-23e1-44c4-8218-9efa40d8edf2-169x300.jpg 169w, https:\/\/wandern.minnerop.de\/wp-content\/uploads\/2018\/06\/1529570725864.f02917ba-23e1-44c4-8218-9efa40d8edf2-768x1365.jpg 768w, https:\/\/wandern.minnerop.de\/wp-content\/uploads\/2018\/06\/1529570725864.f02917ba-23e1-44c4-8218-9efa40d8edf2.jpg 1134w\" sizes=\"auto, (max-width: 576px) 100vw, 576px\" \/><\/a><figcaption id=\"caption-attachment-1186\" class=\"wp-caption-text\">St. Andreas Quelle<\/figcaption><\/figure>\n<p><a href=\"http:\/\/wandern.minnerop.de\/wp-content\/uploads\/2018\/06\/1529574985121.cb3a06a2-3398-42bf-8569-9040f6125b59.jpg\"><img loading=\"lazy\" decoding=\"async\" class=\"aligncenter size-large wp-image-1187\" src=\"http:\/\/wandern.minnerop.de\/wp-content\/uploads\/2018\/06\/1529574985121.cb3a06a2-3398-42bf-8569-9040f6125b59-1024x576.jpg\" alt=\"\" width=\"840\" height=\"473\" srcset=\"https:\/\/wandern.minnerop.de\/wp-content\/uploads\/2018\/06\/1529574985121.cb3a06a2-3398-42bf-8569-9040f6125b59-1024x576.jpg 1024w, https:\/\/wandern.minnerop.de\/wp-content\/uploads\/2018\/06\/1529574985121.cb3a06a2-3398-42bf-8569-9040f6125b59-300x169.jpg 300w, https:\/\/wandern.minnerop.de\/wp-content\/uploads\/2018\/06\/1529574985121.cb3a06a2-3398-42bf-8569-9040f6125b59-768x432.jpg 768w, https:\/\/wandern.minnerop.de\/wp-content\/uploads\/2018\/06\/1529574985121.cb3a06a2-3398-42bf-8569-9040f6125b59-1200x675.jpg 1200w, https:\/\/wandern.minnerop.de\/wp-content\/uploads\/2018\/06\/1529574985121.cb3a06a2-3398-42bf-8569-9040f6125b59.jpg 2016w\" sizes=\"auto, (max-width: 840px) 100vw, 840px\" \/><\/a><\/p>\n<p><a href=\"http:\/\/wandern.minnerop.de\/wp-content\/uploads\/2018\/06\/1529573289571.16555a38-10b5-4672-bcc0-2013b05b5d04.jpg\"><img loading=\"lazy\" decoding=\"async\" class=\"aligncenter size-large wp-image-1188\" src=\"http:\/\/wandern.minnerop.de\/wp-content\/uploads\/2018\/06\/1529573289571.16555a38-10b5-4672-bcc0-2013b05b5d04-1024x576.jpg\" alt=\"\" width=\"840\" height=\"473\" srcset=\"https:\/\/wandern.minnerop.de\/wp-content\/uploads\/2018\/06\/1529573289571.16555a38-10b5-4672-bcc0-2013b05b5d04-1024x576.jpg 1024w, https:\/\/wandern.minnerop.de\/wp-content\/uploads\/2018\/06\/1529573289571.16555a38-10b5-4672-bcc0-2013b05b5d04-300x169.jpg 300w, https:\/\/wandern.minnerop.de\/wp-content\/uploads\/2018\/06\/1529573289571.16555a38-10b5-4672-bcc0-2013b05b5d04-768x432.jpg 768w, https:\/\/wandern.minnerop.de\/wp-content\/uploads\/2018\/06\/1529573289571.16555a38-10b5-4672-bcc0-2013b05b5d04-1200x675.jpg 1200w, https:\/\/wandern.minnerop.de\/wp-content\/uploads\/2018\/06\/1529573289571.16555a38-10b5-4672-bcc0-2013b05b5d04.jpg 2016w\" sizes=\"auto, (max-width: 840px) 100vw, 840px\" \/><\/a><\/p>\n<p><a href=\"http:\/\/wandern.minnerop.de\/wp-content\/uploads\/2018\/06\/1529573175833.2bd216fe-6651-413f-bee2-585e88633a6c.jpg\"><img loading=\"lazy\" decoding=\"async\" class=\"aligncenter size-large wp-image-1189\" src=\"http:\/\/wandern.minnerop.de\/wp-content\/uploads\/2018\/06\/1529573175833.2bd216fe-6651-413f-bee2-585e88633a6c-1024x576.jpg\" alt=\"\" width=\"840\" height=\"473\" srcset=\"https:\/\/wandern.minnerop.de\/wp-content\/uploads\/2018\/06\/1529573175833.2bd216fe-6651-413f-bee2-585e88633a6c-1024x576.jpg 1024w, https:\/\/wandern.minnerop.de\/wp-content\/uploads\/2018\/06\/1529573175833.2bd216fe-6651-413f-bee2-585e88633a6c-300x169.jpg 300w, https:\/\/wandern.minnerop.de\/wp-content\/uploads\/2018\/06\/1529573175833.2bd216fe-6651-413f-bee2-585e88633a6c-768x432.jpg 768w, https:\/\/wandern.minnerop.de\/wp-content\/uploads\/2018\/06\/1529573175833.2bd216fe-6651-413f-bee2-585e88633a6c-1200x675.jpg 1200w, https:\/\/wandern.minnerop.de\/wp-content\/uploads\/2018\/06\/1529573175833.2bd216fe-6651-413f-bee2-585e88633a6c.jpg 2016w\" sizes=\"auto, (max-width: 840px) 100vw, 840px\" \/><\/a><\/p>\n<p><a href=\"http:\/\/wandern.minnerop.de\/wp-content\/uploads\/2018\/06\/1529571428615.fbfc4c01-d8a1-4b9e-b3e2-5132ed5b0c4a.jpg\"><img loading=\"lazy\" decoding=\"async\" class=\"aligncenter size-large wp-image-1190\" src=\"http:\/\/wandern.minnerop.de\/wp-content\/uploads\/2018\/06\/1529571428615.fbfc4c01-d8a1-4b9e-b3e2-5132ed5b0c4a-1024x576.jpg\" alt=\"\" width=\"840\" height=\"473\" srcset=\"https:\/\/wandern.minnerop.de\/wp-content\/uploads\/2018\/06\/1529571428615.fbfc4c01-d8a1-4b9e-b3e2-5132ed5b0c4a-1024x576.jpg 1024w, https:\/\/wandern.minnerop.de\/wp-content\/uploads\/2018\/06\/1529571428615.fbfc4c01-d8a1-4b9e-b3e2-5132ed5b0c4a-300x169.jpg 300w, https:\/\/wandern.minnerop.de\/wp-content\/uploads\/2018\/06\/1529571428615.fbfc4c01-d8a1-4b9e-b3e2-5132ed5b0c4a-768x432.jpg 768w, https:\/\/wandern.minnerop.de\/wp-content\/uploads\/2018\/06\/1529571428615.fbfc4c01-d8a1-4b9e-b3e2-5132ed5b0c4a-1200x675.jpg 1200w, https:\/\/wandern.minnerop.de\/wp-content\/uploads\/2018\/06\/1529571428615.fbfc4c01-d8a1-4b9e-b3e2-5132ed5b0c4a.jpg 2016w\" sizes=\"auto, (max-width: 840px) 100vw, 840px\" \/><\/a><\/p>\n<figure id=\"attachment_1191\" aria-describedby=\"caption-attachment-1191\" style=\"width: 840px\" class=\"wp-caption aligncenter\"><a href=\"http:\/\/wandern.minnerop.de\/wp-content\/uploads\/2018\/06\/1529571407554.592c1a37-6031-4fd6-bf0d-55f56c86176b.jpg\"><img loading=\"lazy\" decoding=\"async\" class=\"size-large wp-image-1191\" src=\"http:\/\/wandern.minnerop.de\/wp-content\/uploads\/2018\/06\/1529571407554.592c1a37-6031-4fd6-bf0d-55f56c86176b-1024x576.jpg\" alt=\"\" width=\"840\" height=\"473\" srcset=\"https:\/\/wandern.minnerop.de\/wp-content\/uploads\/2018\/06\/1529571407554.592c1a37-6031-4fd6-bf0d-55f56c86176b-1024x576.jpg 1024w, https:\/\/wandern.minnerop.de\/wp-content\/uploads\/2018\/06\/1529571407554.592c1a37-6031-4fd6-bf0d-55f56c86176b-300x169.jpg 300w, https:\/\/wandern.minnerop.de\/wp-content\/uploads\/2018\/06\/1529571407554.592c1a37-6031-4fd6-bf0d-55f56c86176b-768x432.jpg 768w, https:\/\/wandern.minnerop.de\/wp-content\/uploads\/2018\/06\/1529571407554.592c1a37-6031-4fd6-bf0d-55f56c86176b-1200x675.jpg 1200w, https:\/\/wandern.minnerop.de\/wp-content\/uploads\/2018\/06\/1529571407554.592c1a37-6031-4fd6-bf0d-55f56c86176b.jpg 2016w\" sizes=\"auto, (max-width: 840px) 100vw, 840px\" \/><\/a><figcaption id=\"caption-attachment-1191\" class=\"wp-caption-text\">Eine von drei Schutzh\u00fctten an denen ich heute vorbeigekommen bin<\/figcaption><\/figure>\n<p><a href=\"http:\/\/wandern.minnerop.de\/wp-content\/uploads\/2018\/06\/1529580990086.ebca93b2-94c9-416d-9199-9f86243369b2.jpg\"><img loading=\"lazy\" decoding=\"async\" class=\"aligncenter size-large wp-image-1192\" src=\"http:\/\/wandern.minnerop.de\/wp-content\/uploads\/2018\/06\/1529580990086.ebca93b2-94c9-416d-9199-9f86243369b2-1024x576.jpg\" alt=\"\" width=\"840\" height=\"473\" srcset=\"https:\/\/wandern.minnerop.de\/wp-content\/uploads\/2018\/06\/1529580990086.ebca93b2-94c9-416d-9199-9f86243369b2-1024x576.jpg 1024w, https:\/\/wandern.minnerop.de\/wp-content\/uploads\/2018\/06\/1529580990086.ebca93b2-94c9-416d-9199-9f86243369b2-300x169.jpg 300w, https:\/\/wandern.minnerop.de\/wp-content\/uploads\/2018\/06\/1529580990086.ebca93b2-94c9-416d-9199-9f86243369b2-768x432.jpg 768w, https:\/\/wandern.minnerop.de\/wp-content\/uploads\/2018\/06\/1529580990086.ebca93b2-94c9-416d-9199-9f86243369b2-1200x675.jpg 1200w, https:\/\/wandern.minnerop.de\/wp-content\/uploads\/2018\/06\/1529580990086.ebca93b2-94c9-416d-9199-9f86243369b2.jpg 2016w\" sizes=\"auto, (max-width: 840px) 100vw, 840px\" \/><\/a><\/p>\n<figure id=\"attachment_1193\" aria-describedby=\"caption-attachment-1193\" style=\"width: 840px\" class=\"wp-caption aligncenter\"><a href=\"http:\/\/wandern.minnerop.de\/wp-content\/uploads\/2018\/06\/1529586097961.bcd36aab-e725-4e53-a897-7f53e0c6f152.jpg\"><img loading=\"lazy\" decoding=\"async\" class=\"size-large wp-image-1193\" src=\"http:\/\/wandern.minnerop.de\/wp-content\/uploads\/2018\/06\/1529586097961.bcd36aab-e725-4e53-a897-7f53e0c6f152-1024x576.jpg\" alt=\"\" width=\"840\" height=\"473\" srcset=\"https:\/\/wandern.minnerop.de\/wp-content\/uploads\/2018\/06\/1529586097961.bcd36aab-e725-4e53-a897-7f53e0c6f152-1024x576.jpg 1024w, https:\/\/wandern.minnerop.de\/wp-content\/uploads\/2018\/06\/1529586097961.bcd36aab-e725-4e53-a897-7f53e0c6f152-300x169.jpg 300w, https:\/\/wandern.minnerop.de\/wp-content\/uploads\/2018\/06\/1529586097961.bcd36aab-e725-4e53-a897-7f53e0c6f152-768x432.jpg 768w, https:\/\/wandern.minnerop.de\/wp-content\/uploads\/2018\/06\/1529586097961.bcd36aab-e725-4e53-a897-7f53e0c6f152-1200x675.jpg 1200w, https:\/\/wandern.minnerop.de\/wp-content\/uploads\/2018\/06\/1529586097961.bcd36aab-e725-4e53-a897-7f53e0c6f152.jpg 2016w\" sizes=\"auto, (max-width: 840px) 100vw, 840px\" \/><\/a><figcaption id=\"caption-attachment-1193\" class=\"wp-caption-text\">\u00d6kobr\u00fccke f\u00fcr die Tiere<\/figcaption><\/figure>\n<figure id=\"attachment_1194\" aria-describedby=\"caption-attachment-1194\" style=\"width: 840px\" class=\"wp-caption aligncenter\"><a href=\"http:\/\/wandern.minnerop.de\/wp-content\/uploads\/2018\/06\/1529586455821.7b0b4d1c-1b6d-4b85-8ad8-56442a314343.jpg\"><img loading=\"lazy\" decoding=\"async\" class=\"size-large wp-image-1194\" src=\"http:\/\/wandern.minnerop.de\/wp-content\/uploads\/2018\/06\/1529586455821.7b0b4d1c-1b6d-4b85-8ad8-56442a314343-1024x576.jpg\" alt=\"\" width=\"840\" height=\"473\" srcset=\"https:\/\/wandern.minnerop.de\/wp-content\/uploads\/2018\/06\/1529586455821.7b0b4d1c-1b6d-4b85-8ad8-56442a314343-1024x576.jpg 1024w, https:\/\/wandern.minnerop.de\/wp-content\/uploads\/2018\/06\/1529586455821.7b0b4d1c-1b6d-4b85-8ad8-56442a314343-300x169.jpg 300w, https:\/\/wandern.minnerop.de\/wp-content\/uploads\/2018\/06\/1529586455821.7b0b4d1c-1b6d-4b85-8ad8-56442a314343-768x432.jpg 768w, https:\/\/wandern.minnerop.de\/wp-content\/uploads\/2018\/06\/1529586455821.7b0b4d1c-1b6d-4b85-8ad8-56442a314343-1200x675.jpg 1200w, https:\/\/wandern.minnerop.de\/wp-content\/uploads\/2018\/06\/1529586455821.7b0b4d1c-1b6d-4b85-8ad8-56442a314343.jpg 2016w\" sizes=\"auto, (max-width: 840px) 100vw, 840px\" \/><\/a><figcaption id=\"caption-attachment-1194\" class=\"wp-caption-text\">Blick Richtung Birkenau<\/figcaption><\/figure>\n<p>&nbsp;<\/p>\n","protected":false},"excerpt":{"rendered":"<p>Audiotagebuch zum anh\u00f6ren 2018-06-21_36122024_9-3-lautertal-reichenbach-birkenau-21-06-18_export GPX Datei von Reichenbach nach Birkenau zum runterladen \u00dcbernachtet hatte ich im Haus Zur Krone. Die haben drei Schlafh\u00e4user nah am Restaurant, wo es das Fr\u00fchst\u00fcck gibt. Alles war OK dort. Vom Hotel ging es direkt steil in die Berge. Ich war schon nach einer viertel Stunde nass geschwitzt. Es war [&hellip;]<\/p>\n","protected":false},"author":1,"featured_media":0,"comment_status":"open","ping_status":"open","sticky":false,"template":"","format":"standard","meta":{"footnotes":""},"categories":[2],"tags":[],"class_list":["post-1180","post","type-post","status-publish","format-standard","hentry","category-fernwanderweg-e1"],"_links":{"self":[{"href":"https:\/\/wandern.minnerop.de\/index.php?rest_route=\/wp\/v2\/posts\/1180","targetHints":{"allow":["GET"]}}],"collection":[{"href":"https:\/\/wandern.minnerop.de\/index.php?rest_route=\/wp\/v2\/posts"}],"about":[{"href":"https:\/\/wandern.minnerop.de\/index.php?rest_route=\/wp\/v2\/types\/post"}],"author":[{"embeddable":true,"href":"https:\/\/wandern.minnerop.de\/index.php?rest_route=\/wp\/v2\/users\/1"}],"replies":[{"embeddable":true,"href":"https:\/\/wandern.minnerop.de\/index.php?rest_route=%2Fwp%2Fv2%2Fcomments&post=1180"}],"version-history":[{"count":1,"href":"https:\/\/wandern.minnerop.de\/index.php?rest_route=\/wp\/v2\/posts\/1180\/revisions"}],"predecessor-version":[{"id":1195,"href":"https:\/\/wandern.minnerop.de\/index.php?rest_route=\/wp\/v2\/posts\/1180\/revisions\/1195"}],"wp:attachment":[{"href":"https:\/\/wandern.minnerop.de\/index.php?rest_route=%2Fwp%2Fv2%2Fmedia&parent=1180"}],"wp:term":[{"taxonomy":"category","embeddable":true,"href":"https:\/\/wandern.minnerop.de\/index.php?rest_route=%2Fwp%2Fv2%2Fcategories&post=1180"},{"taxonomy":"post_tag","embeddable":true,"href":"https:\/\/wandern.minnerop.de\/index.php?rest_route=%2Fwp%2Fv2%2Ftags&post=1180"}],"curies":[{"name":"wp","href":"https:\/\/api.w.org\/{rel}","templated":true}]}}