{"id":1196,"date":"2018-06-23T20:09:53","date_gmt":"2018-06-23T18:09:53","guid":{"rendered":"http:\/\/wandern.minnerop.de\/?p=1196"},"modified":"2018-06-23T20:11:19","modified_gmt":"2018-06-23T18:11:19","slug":"tag-54-auf-dem-e1-von-gorxheimer-tal-nach-heidelberg-ziegelhausen-22-06-18","status":"publish","type":"post","link":"https:\/\/wandern.minnerop.de\/?p=1196","title":{"rendered":"Tag 54 auf dem E1 von Gorxheimer Tal nach Heidelberg-Ziegelhausen 22.06.18"},"content":{"rendered":"<audio class=\"wp-audio-shortcode\" id=\"audio-1196-1\" preload=\"none\" style=\"width: 100%;\" controls=\"controls\"><source type=\"audio\/mpeg\" src=\"http:\/\/wandern.minnerop.de\/wp-content\/uploads\/2018\/06\/2018_06_22_09_16_51.mp3?_=1\" \/><a href=\"http:\/\/wandern.minnerop.de\/wp-content\/uploads\/2018\/06\/2018_06_22_09_16_51.mp3\">http:\/\/wandern.minnerop.de\/wp-content\/uploads\/2018\/06\/2018_06_22_09_16_51.mp3<\/a><\/audio>\n<p>Audiotagebuch zum anh\u00f6ren<\/p>\n<p><a href=\"http:\/\/wandern.minnerop.de\/wp-content\/uploads\/2018\/06\/2018-06-22_36207397_9-4-gorxheimertal-ziegelhausen_export.gpx\">2018-06-22_36207397_9-4-gorxheimertal-ziegelhausen_export<\/a><\/p>\n<p>GPX Datei von Gorxheimer Tal nach Ziegelhausen zum runterladen<\/p>\n<p>\u00dcbernachtet hatte ich in der Pension Bergh\u00e4user in Birkenau. Nach einem leckeren Fr\u00fchst\u00fcck hatte mich der Wirt zum Bahnhof gefahren. Von dort bin ich nach Gorxheimer Tal gefahren, ein Dorf weiter.<\/p>\n<p>Mir hing irgendwie noch mein kleiner Sonnenstich in den Knochen. M\u00fcde, abgespannt, Kopfschmerzen. So k\u00f6nnte ich die Etappe, die heute \u00fcber 30km gewesen w\u00e4re, auf unter 25km verk\u00fcrzen.<\/p>\n<p>Es ging erstmal auf der Stra\u00dfe aus dem Ort. Dann in den Wald und steil bergauf. Die Etappe hat heute erhebliche Steigungen, und das mehrfach!<\/p>\n<p><a href=\"http:\/\/wandern.minnerop.de\/wp-content\/uploads\/2018\/06\/1529653609477.456d6849-a14a-4270-b2ab-0e5518696707.jpg\"><img loading=\"lazy\" decoding=\"async\" class=\"aligncenter size-large wp-image-1199\" src=\"http:\/\/wandern.minnerop.de\/wp-content\/uploads\/2018\/06\/1529653609477.456d6849-a14a-4270-b2ab-0e5518696707-1024x576.jpg\" alt=\"\" width=\"840\" height=\"473\" srcset=\"https:\/\/wandern.minnerop.de\/wp-content\/uploads\/2018\/06\/1529653609477.456d6849-a14a-4270-b2ab-0e5518696707-1024x576.jpg 1024w, https:\/\/wandern.minnerop.de\/wp-content\/uploads\/2018\/06\/1529653609477.456d6849-a14a-4270-b2ab-0e5518696707-300x169.jpg 300w, https:\/\/wandern.minnerop.de\/wp-content\/uploads\/2018\/06\/1529653609477.456d6849-a14a-4270-b2ab-0e5518696707-768x432.jpg 768w, https:\/\/wandern.minnerop.de\/wp-content\/uploads\/2018\/06\/1529653609477.456d6849-a14a-4270-b2ab-0e5518696707-1200x675.jpg 1200w, https:\/\/wandern.minnerop.de\/wp-content\/uploads\/2018\/06\/1529653609477.456d6849-a14a-4270-b2ab-0e5518696707.jpg 2016w\" sizes=\"auto, (max-width: 840px) 100vw, 840px\" \/><\/a><\/p>\n<p>Der Weg wechselt ab zwischen Wald und offenen H\u00f6hen. Sehr sch\u00f6ne Aussichten, steile H\u00e4ngen!<\/p>\n<p>Nach gut einer Stunde war die Dienstgipfelh\u00f6he des Tages von gut 410m erreicht. Dort stand eine Schutzh\u00fctte, Pause war angesagt. Hier kam eine \u00e4ltere Frau mit Down-Syndrom vorbei. Nach einem kurzen Gespr\u00e4ch zog sie weiter.<\/p>\n<p><a href=\"http:\/\/wandern.minnerop.de\/wp-content\/uploads\/2018\/06\/1529653636924.da48ff35-b9ca-4582-af31-0964d8b8ad2b.jpg\"><img loading=\"lazy\" decoding=\"async\" class=\"aligncenter size-large wp-image-1200\" src=\"http:\/\/wandern.minnerop.de\/wp-content\/uploads\/2018\/06\/1529653636924.da48ff35-b9ca-4582-af31-0964d8b8ad2b-1024x576.jpg\" alt=\"\" width=\"840\" height=\"473\" srcset=\"https:\/\/wandern.minnerop.de\/wp-content\/uploads\/2018\/06\/1529653636924.da48ff35-b9ca-4582-af31-0964d8b8ad2b-1024x576.jpg 1024w, https:\/\/wandern.minnerop.de\/wp-content\/uploads\/2018\/06\/1529653636924.da48ff35-b9ca-4582-af31-0964d8b8ad2b-300x169.jpg 300w, https:\/\/wandern.minnerop.de\/wp-content\/uploads\/2018\/06\/1529653636924.da48ff35-b9ca-4582-af31-0964d8b8ad2b-768x432.jpg 768w, https:\/\/wandern.minnerop.de\/wp-content\/uploads\/2018\/06\/1529653636924.da48ff35-b9ca-4582-af31-0964d8b8ad2b-1200x675.jpg 1200w, https:\/\/wandern.minnerop.de\/wp-content\/uploads\/2018\/06\/1529653636924.da48ff35-b9ca-4582-af31-0964d8b8ad2b.jpg 2016w\" sizes=\"auto, (max-width: 840px) 100vw, 840px\" \/><\/a><\/p>\n<p>Vorbei an einem Naturfreundehaus ging es in ein Walderlebniszentrum mit alten Kohlemeilern<\/p>\n<p><a href=\"http:\/\/wandern.minnerop.de\/wp-content\/uploads\/2018\/06\/1529659885454.9dea1fb8-d458-462e-afe2-51633d297b43.jpg\"><img loading=\"lazy\" decoding=\"async\" class=\"aligncenter size-large wp-image-1201\" src=\"http:\/\/wandern.minnerop.de\/wp-content\/uploads\/2018\/06\/1529659885454.9dea1fb8-d458-462e-afe2-51633d297b43-1024x576.jpg\" alt=\"\" width=\"840\" height=\"473\" srcset=\"https:\/\/wandern.minnerop.de\/wp-content\/uploads\/2018\/06\/1529659885454.9dea1fb8-d458-462e-afe2-51633d297b43-1024x576.jpg 1024w, https:\/\/wandern.minnerop.de\/wp-content\/uploads\/2018\/06\/1529659885454.9dea1fb8-d458-462e-afe2-51633d297b43-300x169.jpg 300w, https:\/\/wandern.minnerop.de\/wp-content\/uploads\/2018\/06\/1529659885454.9dea1fb8-d458-462e-afe2-51633d297b43-768x432.jpg 768w, https:\/\/wandern.minnerop.de\/wp-content\/uploads\/2018\/06\/1529659885454.9dea1fb8-d458-462e-afe2-51633d297b43-1200x675.jpg 1200w, https:\/\/wandern.minnerop.de\/wp-content\/uploads\/2018\/06\/1529659885454.9dea1fb8-d458-462e-afe2-51633d297b43.jpg 2016w\" sizes=\"auto, (max-width: 840px) 100vw, 840px\" \/><\/a><\/p>\n<p>Sp\u00e4ter er\u00f6ffnete sich ein Blick auf das noch Ferne Heidelberg.<\/p>\n<figure id=\"attachment_1202\" aria-describedby=\"caption-attachment-1202\" style=\"width: 840px\" class=\"wp-caption aligncenter\"><a href=\"http:\/\/wandern.minnerop.de\/wp-content\/uploads\/2018\/06\/1529662320068.41d1f52a-d654-4e55-92e8-020a48579eed.jpg\"><img loading=\"lazy\" decoding=\"async\" class=\"size-large wp-image-1202\" src=\"http:\/\/wandern.minnerop.de\/wp-content\/uploads\/2018\/06\/1529662320068.41d1f52a-d654-4e55-92e8-020a48579eed-1024x576.jpg\" alt=\"\" width=\"840\" height=\"473\" srcset=\"https:\/\/wandern.minnerop.de\/wp-content\/uploads\/2018\/06\/1529662320068.41d1f52a-d654-4e55-92e8-020a48579eed-1024x576.jpg 1024w, https:\/\/wandern.minnerop.de\/wp-content\/uploads\/2018\/06\/1529662320068.41d1f52a-d654-4e55-92e8-020a48579eed-300x169.jpg 300w, https:\/\/wandern.minnerop.de\/wp-content\/uploads\/2018\/06\/1529662320068.41d1f52a-d654-4e55-92e8-020a48579eed-768x432.jpg 768w, https:\/\/wandern.minnerop.de\/wp-content\/uploads\/2018\/06\/1529662320068.41d1f52a-d654-4e55-92e8-020a48579eed-1200x675.jpg 1200w, https:\/\/wandern.minnerop.de\/wp-content\/uploads\/2018\/06\/1529662320068.41d1f52a-d654-4e55-92e8-020a48579eed.jpg 2016w\" sizes=\"auto, (max-width: 840px) 100vw, 840px\" \/><\/a><figcaption id=\"caption-attachment-1202\" class=\"wp-caption-text\">Heidelberg aus der Ferne<\/figcaption><\/figure>\n<p>Dann, auf \u00fcber 500m H\u00f6he und nach einem steilen Anstieg, erreichte ich den Teltschik Aussichtsturm. Ein beeindruckender Holzturm von 42m H\u00f6he.<\/p>\n<p><a href=\"http:\/\/wandern.minnerop.de\/wp-content\/uploads\/2018\/06\/1529663883741.533c1ca8-9d59-4d08-bf5e-d18952f5be10.jpg\"><img loading=\"lazy\" decoding=\"async\" class=\"aligncenter size-large wp-image-1203\" src=\"http:\/\/wandern.minnerop.de\/wp-content\/uploads\/2018\/06\/1529663883741.533c1ca8-9d59-4d08-bf5e-d18952f5be10-1024x576.jpg\" alt=\"\" width=\"840\" height=\"473\" srcset=\"https:\/\/wandern.minnerop.de\/wp-content\/uploads\/2018\/06\/1529663883741.533c1ca8-9d59-4d08-bf5e-d18952f5be10-1024x576.jpg 1024w, https:\/\/wandern.minnerop.de\/wp-content\/uploads\/2018\/06\/1529663883741.533c1ca8-9d59-4d08-bf5e-d18952f5be10-300x169.jpg 300w, https:\/\/wandern.minnerop.de\/wp-content\/uploads\/2018\/06\/1529663883741.533c1ca8-9d59-4d08-bf5e-d18952f5be10-768x432.jpg 768w, https:\/\/wandern.minnerop.de\/wp-content\/uploads\/2018\/06\/1529663883741.533c1ca8-9d59-4d08-bf5e-d18952f5be10-1200x675.jpg 1200w, https:\/\/wandern.minnerop.de\/wp-content\/uploads\/2018\/06\/1529663883741.533c1ca8-9d59-4d08-bf5e-d18952f5be10.jpg 2016w\" sizes=\"auto, (max-width: 840px) 100vw, 840px\" \/><\/a><\/p>\n<figure id=\"attachment_1204\" aria-describedby=\"caption-attachment-1204\" style=\"width: 576px\" class=\"wp-caption aligncenter\"><a href=\"http:\/\/wandern.minnerop.de\/wp-content\/uploads\/2018\/06\/1529663808593.02a3fac2-6d3a-4f79-bfdc-b15d12dd6610.jpg\"><img loading=\"lazy\" decoding=\"async\" class=\"size-large wp-image-1204\" src=\"http:\/\/wandern.minnerop.de\/wp-content\/uploads\/2018\/06\/1529663808593.02a3fac2-6d3a-4f79-bfdc-b15d12dd6610-576x1024.jpg\" alt=\"\" width=\"576\" height=\"1024\" srcset=\"https:\/\/wandern.minnerop.de\/wp-content\/uploads\/2018\/06\/1529663808593.02a3fac2-6d3a-4f79-bfdc-b15d12dd6610-576x1024.jpg 576w, https:\/\/wandern.minnerop.de\/wp-content\/uploads\/2018\/06\/1529663808593.02a3fac2-6d3a-4f79-bfdc-b15d12dd6610-169x300.jpg 169w, https:\/\/wandern.minnerop.de\/wp-content\/uploads\/2018\/06\/1529663808593.02a3fac2-6d3a-4f79-bfdc-b15d12dd6610-768x1365.jpg 768w, https:\/\/wandern.minnerop.de\/wp-content\/uploads\/2018\/06\/1529663808593.02a3fac2-6d3a-4f79-bfdc-b15d12dd6610.jpg 1134w\" sizes=\"auto, (max-width: 576px) 100vw, 576px\" \/><\/a><figcaption id=\"caption-attachment-1204\" class=\"wp-caption-text\">Teltschik-Aussichtsturm<\/figcaption><\/figure>\n<p>Ein weiteres Highlight war das Treffen mit zwei Wegewarten, die gerade die Kennzeichnung des Weges erneuerten. W\u00e4hrend wir fachsimpelten kam noch ein E1 Wanderer dazu, der den Weg von S\u00fcd nach Nord l\u00e4uft.<\/p>\n<figure id=\"attachment_1205\" aria-describedby=\"caption-attachment-1205\" style=\"width: 576px\" class=\"wp-caption aligncenter\"><a href=\"http:\/\/wandern.minnerop.de\/wp-content\/uploads\/2018\/06\/1529669994852.78519a67-5f21-4a83-b1a5-e1689ff11cb5.jpg\"><img loading=\"lazy\" decoding=\"async\" class=\"size-large wp-image-1205\" src=\"http:\/\/wandern.minnerop.de\/wp-content\/uploads\/2018\/06\/1529669994852.78519a67-5f21-4a83-b1a5-e1689ff11cb5-576x1024.jpg\" alt=\"\" width=\"576\" height=\"1024\" srcset=\"https:\/\/wandern.minnerop.de\/wp-content\/uploads\/2018\/06\/1529669994852.78519a67-5f21-4a83-b1a5-e1689ff11cb5-576x1024.jpg 576w, https:\/\/wandern.minnerop.de\/wp-content\/uploads\/2018\/06\/1529669994852.78519a67-5f21-4a83-b1a5-e1689ff11cb5-169x300.jpg 169w, https:\/\/wandern.minnerop.de\/wp-content\/uploads\/2018\/06\/1529669994852.78519a67-5f21-4a83-b1a5-e1689ff11cb5-768x1365.jpg 768w, https:\/\/wandern.minnerop.de\/wp-content\/uploads\/2018\/06\/1529669994852.78519a67-5f21-4a83-b1a5-e1689ff11cb5.jpg 1134w\" sizes=\"auto, (max-width: 576px) 100vw, 576px\" \/><\/a><figcaption id=\"caption-attachment-1205\" class=\"wp-caption-text\">Wegewarte bei der Kennzeichnung des Weges<\/figcaption><\/figure>\n<figure id=\"attachment_1206\" aria-describedby=\"caption-attachment-1206\" style=\"width: 840px\" class=\"wp-caption aligncenter\"><a href=\"http:\/\/wandern.minnerop.de\/wp-content\/uploads\/2018\/06\/1529673194188.8cee9295-6d0b-4b1f-8e8d-85327608dfc0.jpg\"><img loading=\"lazy\" decoding=\"async\" class=\"size-large wp-image-1206\" src=\"http:\/\/wandern.minnerop.de\/wp-content\/uploads\/2018\/06\/1529673194188.8cee9295-6d0b-4b1f-8e8d-85327608dfc0-1024x576.jpg\" alt=\"\" width=\"840\" height=\"473\" srcset=\"https:\/\/wandern.minnerop.de\/wp-content\/uploads\/2018\/06\/1529673194188.8cee9295-6d0b-4b1f-8e8d-85327608dfc0-1024x576.jpg 1024w, https:\/\/wandern.minnerop.de\/wp-content\/uploads\/2018\/06\/1529673194188.8cee9295-6d0b-4b1f-8e8d-85327608dfc0-300x169.jpg 300w, https:\/\/wandern.minnerop.de\/wp-content\/uploads\/2018\/06\/1529673194188.8cee9295-6d0b-4b1f-8e8d-85327608dfc0-768x432.jpg 768w, https:\/\/wandern.minnerop.de\/wp-content\/uploads\/2018\/06\/1529673194188.8cee9295-6d0b-4b1f-8e8d-85327608dfc0-1200x675.jpg 1200w, https:\/\/wandern.minnerop.de\/wp-content\/uploads\/2018\/06\/1529673194188.8cee9295-6d0b-4b1f-8e8d-85327608dfc0.jpg 2016w\" sizes=\"auto, (max-width: 840px) 100vw, 840px\" \/><\/a><figcaption id=\"caption-attachment-1206\" class=\"wp-caption-text\">Der Neckar<\/figcaption><\/figure>\n<p>Nach der \u00dcberquerung des Neckar war es nicht mehr weit zum Campingplatz. Dort war auch Hubert untergekommen, und es wurde ein kurzweiliger Abend.<\/p>\n<p>&nbsp;<\/p>\n","protected":false},"excerpt":{"rendered":"<p>Audiotagebuch zum anh\u00f6ren 2018-06-22_36207397_9-4-gorxheimertal-ziegelhausen_export GPX Datei von Gorxheimer Tal nach Ziegelhausen zum runterladen \u00dcbernachtet hatte ich in der Pension Bergh\u00e4user in Birkenau. Nach einem leckeren Fr\u00fchst\u00fcck hatte mich der Wirt zum Bahnhof gefahren. Von dort bin ich nach Gorxheimer Tal gefahren, ein Dorf weiter. Mir hing irgendwie noch mein kleiner Sonnenstich in den Knochen. M\u00fcde, [&hellip;]<\/p>\n","protected":false},"author":1,"featured_media":0,"comment_status":"open","ping_status":"open","sticky":false,"template":"","format":"standard","meta":{"footnotes":""},"categories":[2],"tags":[],"class_list":["post-1196","post","type-post","status-publish","format-standard","hentry","category-fernwanderweg-e1"],"_links":{"self":[{"href":"https:\/\/wandern.minnerop.de\/index.php?rest_route=\/wp\/v2\/posts\/1196","targetHints":{"allow":["GET"]}}],"collection":[{"href":"https:\/\/wandern.minnerop.de\/index.php?rest_route=\/wp\/v2\/posts"}],"about":[{"href":"https:\/\/wandern.minnerop.de\/index.php?rest_route=\/wp\/v2\/types\/post"}],"author":[{"embeddable":true,"href":"https:\/\/wandern.minnerop.de\/index.php?rest_route=\/wp\/v2\/users\/1"}],"replies":[{"embeddable":true,"href":"https:\/\/wandern.minnerop.de\/index.php?rest_route=%2Fwp%2Fv2%2Fcomments&post=1196"}],"version-history":[{"count":2,"href":"https:\/\/wandern.minnerop.de\/index.php?rest_route=\/wp\/v2\/posts\/1196\/revisions"}],"predecessor-version":[{"id":1208,"href":"https:\/\/wandern.minnerop.de\/index.php?rest_route=\/wp\/v2\/posts\/1196\/revisions\/1208"}],"wp:attachment":[{"href":"https:\/\/wandern.minnerop.de\/index.php?rest_route=%2Fwp%2Fv2%2Fmedia&parent=1196"}],"wp:term":[{"taxonomy":"category","embeddable":true,"href":"https:\/\/wandern.minnerop.de\/index.php?rest_route=%2Fwp%2Fv2%2Fcategories&post=1196"},{"taxonomy":"post_tag","embeddable":true,"href":"https:\/\/wandern.minnerop.de\/index.php?rest_route=%2Fwp%2Fv2%2Ftags&post=1196"}],"curies":[{"name":"wp","href":"https:\/\/api.w.org\/{rel}","templated":true}]}}