{"id":1237,"date":"2018-06-25T22:01:41","date_gmt":"2018-06-25T20:01:41","guid":{"rendered":"http:\/\/wandern.minnerop.de\/?p=1237"},"modified":"2018-08-30T17:32:37","modified_gmt":"2018-08-30T15:32:37","slug":"tag-57-auf-dem-e1-von-oestringen-nach-gochsheim-bergfest-oder-1000km-gewandert","status":"publish","type":"post","link":"https:\/\/wandern.minnerop.de\/?p=1237","title":{"rendered":"Tag 57 auf dem E1 von \u00d6stringen nach Gochsheim, Bergfest oder 1000km gewandert am 25.06.18"},"content":{"rendered":"<audio class=\"wp-audio-shortcode\" id=\"audio-1237-1\" preload=\"none\" style=\"width: 100%;\" controls=\"controls\"><source type=\"audio\/mpeg\" src=\"http:\/\/wandern.minnerop.de\/wp-content\/uploads\/2018\/06\/2018_06_25_07_35_17-1.mp3?_=1\" \/><a href=\"http:\/\/wandern.minnerop.de\/wp-content\/uploads\/2018\/06\/2018_06_25_07_35_17-1.mp3\">http:\/\/wandern.minnerop.de\/wp-content\/uploads\/2018\/06\/2018_06_25_07_35_17-1.mp3<\/a><\/audio>\n<p>Audiotagebuch zum anh\u00f6ren<\/p>\n<p><a href=\"http:\/\/wandern.minnerop.de\/wp-content\/uploads\/2018\/06\/2018-06-25_36510415_9-6b-oestringen-kraichtal-gochsheim-25-06-18_export.gpx\">2018-06-25_36510415_9-6b-oestringen-kraichtal-gochsheim-25-06-18_export<\/a><\/p>\n<p>GPX Datei von \u00d6stringen nach Gochsheim zum runterladen<\/p>\n<p>Die Hauptsache des Tages ist, dass ich heute etwa die halbeStrecke hinter mich gebracht habe. Etwa 1000km sind gewandert!!!<\/p>\n<p>Nach der Nacht im Zelt brach ich fr\u00fch auf. Kurz hinter meinem Schlafplatz kam ich am Gallus Bildst\u00f6ckel vorbei. Eine Marienverehrung wie man sie hier in der Gegend h\u00e4ufig trifft.<\/p>\n<p>Da ich sehr fr\u00fch dran war, \u00a0hatte ich Zeit mich mal wieder mehr um die Pflanzenwelt zu k\u00fcmmern. Die hat in Teilen komplett gewechselt. Hier wachsen ganz andere Wildblumen als auf dem Weg bisher. Einzelheiten im Audiotagebuch.<\/p>\n<p>In Odenheim konnte ich dann meine Vorr\u00e4te auffrischen und einen leckeren Kaffee trinken. Aus dem Ort heraus ging es dann der Berg hoch, bis zum Modellflughafen. Dort baute gerade jemand sein Flugzeug zusammen und machte eine tolle Vorf\u00fchrung f\u00fcr mich. Ich habe dort Pause gemacht und lange mit dem Mann geplaudert.<\/p>\n<p>Durch den Forst &#8222;Schwarzes Loch&#8220; ging es weiter. Es kam dann eine Gegend mit Hohlwegen bis 8m Wandj\u00f6he, die in Jahrhunderten \u010furch Fuhrwerke entstanden sind.<\/p>\n<p>Mittags erreichte ich dann die H\u00fctte des Odenwaldclubs, die f\u00fcr uns so toll die Wege mit dem gr\u00fcnen Andreaskreuz schm\u00fccken. Durch Weinberge und Obstalleen mir herrliche S\u00fc\u00dfkirschen. Die waren richtig lecker. Insgesamt war das heute wieder eine herrlche Gegend, die sich eignet tolle Postkarten von den Aussichten herzustellen.<\/p>\n<p>In \u00d6stringen angekommen war ich schnell im Hotel Stadtsch\u00e4nke. Ein paar Stunden sp\u00e4ter kam auch Hubert hier an. Wir waren dann noch zusammen essen.<\/p>\n<p>Wahrscheinlich ist er auch Schuld, dass es heute keine Bilder gibt. Seit er hier ist, ist das Internet total langsam. \ud83d\ude09<\/p>\n<p>&nbsp;<\/p>\n","protected":false},"excerpt":{"rendered":"<p>Audiotagebuch zum anh\u00f6ren 2018-06-25_36510415_9-6b-oestringen-kraichtal-gochsheim-25-06-18_export GPX Datei von \u00d6stringen nach Gochsheim zum runterladen Die Hauptsache des Tages ist, dass ich heute etwa die halbeStrecke hinter mich gebracht habe. Etwa 1000km sind gewandert!!! Nach der Nacht im Zelt brach ich fr\u00fch auf. Kurz hinter meinem Schlafplatz kam ich am Gallus Bildst\u00f6ckel vorbei. Eine Marienverehrung wie man sie [&hellip;]<\/p>\n","protected":false},"author":1,"featured_media":0,"comment_status":"open","ping_status":"open","sticky":false,"template":"","format":"standard","meta":{"footnotes":""},"categories":[2],"tags":[],"class_list":["post-1237","post","type-post","status-publish","format-standard","hentry","category-fernwanderweg-e1"],"_links":{"self":[{"href":"https:\/\/wandern.minnerop.de\/index.php?rest_route=\/wp\/v2\/posts\/1237","targetHints":{"allow":["GET"]}}],"collection":[{"href":"https:\/\/wandern.minnerop.de\/index.php?rest_route=\/wp\/v2\/posts"}],"about":[{"href":"https:\/\/wandern.minnerop.de\/index.php?rest_route=\/wp\/v2\/types\/post"}],"author":[{"embeddable":true,"href":"https:\/\/wandern.minnerop.de\/index.php?rest_route=\/wp\/v2\/users\/1"}],"replies":[{"embeddable":true,"href":"https:\/\/wandern.minnerop.de\/index.php?rest_route=%2Fwp%2Fv2%2Fcomments&post=1237"}],"version-history":[{"count":4,"href":"https:\/\/wandern.minnerop.de\/index.php?rest_route=\/wp\/v2\/posts\/1237\/revisions"}],"predecessor-version":[{"id":1274,"href":"https:\/\/wandern.minnerop.de\/index.php?rest_route=\/wp\/v2\/posts\/1237\/revisions\/1274"}],"wp:attachment":[{"href":"https:\/\/wandern.minnerop.de\/index.php?rest_route=%2Fwp%2Fv2%2Fmedia&parent=1237"}],"wp:term":[{"taxonomy":"category","embeddable":true,"href":"https:\/\/wandern.minnerop.de\/index.php?rest_route=%2Fwp%2Fv2%2Fcategories&post=1237"},{"taxonomy":"post_tag","embeddable":true,"href":"https:\/\/wandern.minnerop.de\/index.php?rest_route=%2Fwp%2Fv2%2Ftags&post=1237"}],"curies":[{"name":"wp","href":"https:\/\/api.w.org\/{rel}","templated":true}]}}