{"id":1241,"date":"2018-06-27T19:00:35","date_gmt":"2018-06-27T17:00:35","guid":{"rendered":"http:\/\/wandern.minnerop.de\/?p=1241"},"modified":"2018-06-29T19:59:34","modified_gmt":"2018-06-29T17:59:34","slug":"tag-58-von-gochsheim-ueber-bretten-in-den-wald-bei-stein","status":"publish","type":"post","link":"https:\/\/wandern.minnerop.de\/?p=1241","title":{"rendered":"Tag 58 von Gochsheim \u00fcber Bretten in den Wald bei Stein 26.06.18"},"content":{"rendered":"<p><a href=\"http:\/\/wandern.minnerop.de\/wp-content\/uploads\/2018\/06\/2018-06-26_36606159_9-7-gochsheim-bretten_export.gpx\">2018-06-26_36606159_9-7-gochsheim-bretten_export<\/a><\/p>\n<p>GPX Datei von Gochsheim nach einem Wald bei Stein, hinter Bretten.<\/p>\n<p>Bilder gibt es heute nicht, das WLAN in der DJH Pforzheim ist total \u00fcberlastet.<\/p>\n<p>Die Idee des Tages war, die hier etwas krausen Tourl\u00e4ngen zu begradigen. F\u00fcr diesen Tag ging die offizielle Tour bis Bretten. Das waren aber nur etwa 11km. Der n\u00e4chste Tag bis Pforzheim w\u00e4ren dann etwa 28km geworden. Also wollten Hubert und ich das etwas ausgleichen, und weiter laufen als bis Bretten.<\/p>\n<p>Das ist uns auch gelungen. Wir sind dann knapp 28km gelaufen, so dass die n\u00e4chste Tour nur 12km ist, wir haben also die beiden Tage nur umgedreht. Herzlichen Gl\u00fcckwunsch! \ud83d\ude09<\/p>\n<p>Der Tag selbst war wieder ein sch\u00f6ner Mix aus Wald, offener Landschaft, B\u00e4ckerstube zum Kaffeettrinken und Gastst\u00e4tte f\u00fcr ein k\u00fchles Abendgetr\u00e4nk. Diese Gegend ist wirklich au\u00dferordentlich sch\u00f6n in ihren Fern- und Aussichten!<\/p>\n<p>Es gab zwei wirklich interessante Begegnungen mit guten Gespr\u00e4chen. Einmal trafen wir einen \u00e4lteren Herrn und haben dann \u00fcber Gott und die Welt geplaudert. W\u00f6rtlich! Sp\u00e4ter trafen wir eine junge Frau, die trotz ihrer Jugend schon viele, auch ferne, Touren unternommen hat, und auch noch S\u00fcdost Asien und Indien auf ihrer Liste hat.<\/p>\n<p>Nach einer sp\u00e4ten Cola in Stein suchten wir uns dann dahinter auf einer Wiese im Wald einen Platz im Zelt. Wir wussten da noch nicht, dass die Nacht bitter kalt werden w\u00fcrde. Einstellige Temperaturen im Juni, Schafsk\u00e4lte halt. Die gut 27km waren bis nach 19Uhr abends sehr gem\u00fctlich gelaufen, so dass sich die Schmerzen sehr zur\u00fcckhielten.<\/p>\n<p>Lediglich einige Rehe waren mit uns nicht einverstanden, und hustete uns aus der Ferne deutlich an. Dies ist eigentlich unsere Wiese hie\u00df das. An diesem Abend mussten sie Teilen.<\/p>\n","protected":false},"excerpt":{"rendered":"<p>2018-06-26_36606159_9-7-gochsheim-bretten_export GPX Datei von Gochsheim nach einem Wald bei Stein, hinter Bretten. Bilder gibt es heute nicht, das WLAN in der DJH Pforzheim ist total \u00fcberlastet. Die Idee des Tages war, die hier etwas krausen Tourl\u00e4ngen zu begradigen. F\u00fcr diesen Tag ging die offizielle Tour bis Bretten. Das waren aber nur etwa 11km. Der n\u00e4chste [&hellip;]<\/p>\n","protected":false},"author":1,"featured_media":0,"comment_status":"open","ping_status":"open","sticky":false,"template":"","format":"standard","meta":{"footnotes":""},"categories":[2],"tags":[],"class_list":["post-1241","post","type-post","status-publish","format-standard","hentry","category-fernwanderweg-e1"],"_links":{"self":[{"href":"https:\/\/wandern.minnerop.de\/index.php?rest_route=\/wp\/v2\/posts\/1241","targetHints":{"allow":["GET"]}}],"collection":[{"href":"https:\/\/wandern.minnerop.de\/index.php?rest_route=\/wp\/v2\/posts"}],"about":[{"href":"https:\/\/wandern.minnerop.de\/index.php?rest_route=\/wp\/v2\/types\/post"}],"author":[{"embeddable":true,"href":"https:\/\/wandern.minnerop.de\/index.php?rest_route=\/wp\/v2\/users\/1"}],"replies":[{"embeddable":true,"href":"https:\/\/wandern.minnerop.de\/index.php?rest_route=%2Fwp%2Fv2%2Fcomments&post=1241"}],"version-history":[{"count":3,"href":"https:\/\/wandern.minnerop.de\/index.php?rest_route=\/wp\/v2\/posts\/1241\/revisions"}],"predecessor-version":[{"id":1271,"href":"https:\/\/wandern.minnerop.de\/index.php?rest_route=\/wp\/v2\/posts\/1241\/revisions\/1271"}],"wp:attachment":[{"href":"https:\/\/wandern.minnerop.de\/index.php?rest_route=%2Fwp%2Fv2%2Fmedia&parent=1241"}],"wp:term":[{"taxonomy":"category","embeddable":true,"href":"https:\/\/wandern.minnerop.de\/index.php?rest_route=%2Fwp%2Fv2%2Fcategories&post=1241"},{"taxonomy":"post_tag","embeddable":true,"href":"https:\/\/wandern.minnerop.de\/index.php?rest_route=%2Fwp%2Fv2%2Ftags&post=1241"}],"curies":[{"name":"wp","href":"https:\/\/api.w.org\/{rel}","templated":true}]}}