{"id":1243,"date":"2018-06-27T19:44:35","date_gmt":"2018-06-27T17:44:35","guid":{"rendered":"http:\/\/wandern.minnerop.de\/?p=1243"},"modified":"2018-06-29T19:55:43","modified_gmt":"2018-06-29T17:55:43","slug":"tag-59-auf-dem-e1-von-stein-nach-pforzheim","status":"publish","type":"post","link":"https:\/\/wandern.minnerop.de\/?p=1243","title":{"rendered":"Tag 59 auf dem E1 von Stein nach Pforzheim 27.06.18"},"content":{"rendered":"<audio class=\"wp-audio-shortcode\" id=\"audio-1243-1\" preload=\"none\" style=\"width: 100%;\" controls=\"controls\"><source type=\"audio\/mpeg\" src=\"http:\/\/wandern.minnerop.de\/wp-content\/uploads\/2018\/06\/2018_06_27_07_19_01.mp3?_=1\" \/><a href=\"http:\/\/wandern.minnerop.de\/wp-content\/uploads\/2018\/06\/2018_06_27_07_19_01.mp3\">http:\/\/wandern.minnerop.de\/wp-content\/uploads\/2018\/06\/2018_06_27_07_19_01.mp3<\/a><\/audio>\n<p>Audiotagebuch zum anh\u00f6ren<\/p>\n<p><a href=\"http:\/\/wandern.minnerop.de\/wp-content\/uploads\/2018\/06\/2018-06-27_36693514_9-8b-hinter-bretten-pforzheim_export.gpx\">2018-06-27_36693514_9-8b-hinter-bretten-pforzheim_export<\/a><\/p>\n<p>GPX Datei von Stein, hinter Bretten, nach Pforzheim zum runterladen<\/p>\n<p>Brrrr, das war ein b\u00f6ses Erwachen. Es war richtig kalt morgens. Wir verzichteten auf Fr\u00fchst\u00fcck, packten unsere vom Tau nassen Zelte ein, und verlie\u00dfen fluchtartig die eigentlich sch\u00f6ne Wiese.<\/p>\n<p>Hubert fand eine kleine Entsch\u00e4digung in den hier reichlich vorhandenen reifen Kirschen. Viele B\u00e4ume mit reifen Kirschen stehen am Wegesrand. Das steigert das Tempo beim Wandern nicht wirklich.<\/p>\n<p>Der Weg f\u00fchrte uns als erstes nach Ispringen. Ein nettes Dorf am Rande von Pforzheim. Es hat eine B\u00e4ckerei mit einer netten B\u00e4ckerin, leckeren Kaffee und Br\u00f6tchen. Genau das, was zwei durchgefroren Wanderer, die noch kein Fr\u00fchst\u00fcck hatten, brauchen.<\/p>\n<p>Satt und warm beschlossen wir, nicht durch Pforzheim zu laufen. Wir gingen in Ispringen zur S-Bahn u d f\u00fchren \u010firekt nach Pforzheim-Weisensee. \u010eort ist die Jugendherberge. Wir kamen \u010fort sch\u00f6n morgens an und legten nur unser Gep\u00e4ck ab, um dann nach Pforzheim zu fahren und den Tag in der Stadt zu genie\u00dfen.<\/p>\n<figure id=\"attachment_1244\" aria-describedby=\"caption-attachment-1244\" style=\"width: 576px\" class=\"wp-caption aligncenter\"><a href=\"http:\/\/wandern.minnerop.de\/wp-content\/uploads\/2018\/06\/20180627_141454-e1530121440624.jpg\"><img loading=\"lazy\" decoding=\"async\" class=\"size-large wp-image-1244\" src=\"http:\/\/wandern.minnerop.de\/wp-content\/uploads\/2018\/06\/20180627_141454-e1530121440624-576x1024.jpg\" alt=\"\" width=\"576\" height=\"1024\" srcset=\"https:\/\/wandern.minnerop.de\/wp-content\/uploads\/2018\/06\/20180627_141454-e1530121440624-576x1024.jpg 576w, https:\/\/wandern.minnerop.de\/wp-content\/uploads\/2018\/06\/20180627_141454-e1530121440624-169x300.jpg 169w, https:\/\/wandern.minnerop.de\/wp-content\/uploads\/2018\/06\/20180627_141454-e1530121440624-768x1365.jpg 768w, https:\/\/wandern.minnerop.de\/wp-content\/uploads\/2018\/06\/20180627_141454-e1530121440624-1200x2133.jpg 1200w\" sizes=\"auto, (max-width: 576px) 100vw, 576px\" \/><\/a><figcaption id=\"caption-attachment-1244\" class=\"wp-caption-text\">Der Ritter des Hauses<\/figcaption><\/figure>\n","protected":false},"excerpt":{"rendered":"<p>Audiotagebuch zum anh\u00f6ren 2018-06-27_36693514_9-8b-hinter-bretten-pforzheim_export GPX Datei von Stein, hinter Bretten, nach Pforzheim zum runterladen Brrrr, das war ein b\u00f6ses Erwachen. Es war richtig kalt morgens. Wir verzichteten auf Fr\u00fchst\u00fcck, packten unsere vom Tau nassen Zelte ein, und verlie\u00dfen fluchtartig die eigentlich sch\u00f6ne Wiese. Hubert fand eine kleine Entsch\u00e4digung in den hier reichlich vorhandenen reifen Kirschen. [&hellip;]<\/p>\n","protected":false},"author":1,"featured_media":0,"comment_status":"open","ping_status":"open","sticky":false,"template":"","format":"standard","meta":{"footnotes":""},"categories":[2],"tags":[],"class_list":["post-1243","post","type-post","status-publish","format-standard","hentry","category-fernwanderweg-e1"],"_links":{"self":[{"href":"https:\/\/wandern.minnerop.de\/index.php?rest_route=\/wp\/v2\/posts\/1243","targetHints":{"allow":["GET"]}}],"collection":[{"href":"https:\/\/wandern.minnerop.de\/index.php?rest_route=\/wp\/v2\/posts"}],"about":[{"href":"https:\/\/wandern.minnerop.de\/index.php?rest_route=\/wp\/v2\/types\/post"}],"author":[{"embeddable":true,"href":"https:\/\/wandern.minnerop.de\/index.php?rest_route=\/wp\/v2\/users\/1"}],"replies":[{"embeddable":true,"href":"https:\/\/wandern.minnerop.de\/index.php?rest_route=%2Fwp%2Fv2%2Fcomments&post=1243"}],"version-history":[{"count":4,"href":"https:\/\/wandern.minnerop.de\/index.php?rest_route=\/wp\/v2\/posts\/1243\/revisions"}],"predecessor-version":[{"id":1268,"href":"https:\/\/wandern.minnerop.de\/index.php?rest_route=\/wp\/v2\/posts\/1243\/revisions\/1268"}],"wp:attachment":[{"href":"https:\/\/wandern.minnerop.de\/index.php?rest_route=%2Fwp%2Fv2%2Fmedia&parent=1243"}],"wp:term":[{"taxonomy":"category","embeddable":true,"href":"https:\/\/wandern.minnerop.de\/index.php?rest_route=%2Fwp%2Fv2%2Fcategories&post=1243"},{"taxonomy":"post_tag","embeddable":true,"href":"https:\/\/wandern.minnerop.de\/index.php?rest_route=%2Fwp%2Fv2%2Ftags&post=1243"}],"curies":[{"name":"wp","href":"https:\/\/api.w.org\/{rel}","templated":true}]}}