{"id":1252,"date":"2018-06-29T19:46:21","date_gmt":"2018-06-29T17:46:21","guid":{"rendered":"http:\/\/wandern.minnerop.de\/?p=1252"},"modified":"2018-06-29T19:46:21","modified_gmt":"2018-06-29T17:46:21","slug":"tag-61-auf-dem-e1-von-pforzheim-nach-dobel-29-06-18","status":"publish","type":"post","link":"https:\/\/wandern.minnerop.de\/?p=1252","title":{"rendered":"Tag 61 auf dem E1 von Pforzheim nach Dobel, 29.06.18"},"content":{"rendered":"<audio class=\"wp-audio-shortcode\" id=\"audio-1252-1\" preload=\"none\" style=\"width: 100%;\" controls=\"controls\"><source type=\"audio\/mpeg\" src=\"http:\/\/wandern.minnerop.de\/wp-content\/uploads\/2018\/06\/2018_06_29_08_11_59.mp3?_=1\" \/><a href=\"http:\/\/wandern.minnerop.de\/wp-content\/uploads\/2018\/06\/2018_06_29_08_11_59.mp3\">http:\/\/wandern.minnerop.de\/wp-content\/uploads\/2018\/06\/2018_06_29_08_11_59.mp3<\/a><\/audio>\n<p>Audiotagebuch zum anh\u00f6ren<\/p>\n<p><a href=\"http:\/\/wandern.minnerop.de\/wp-content\/uploads\/2018\/06\/2018-06-29_36873324_10-01-pforzheim-dobel-29-06-18_export.gpx\">2018-06-29_36873324_10-01-pforzheim-dobel-29-06-18_export<\/a><\/p>\n<p>GPX Datei von Pforzheim nach Dobel zum runterladen.<\/p>\n<p>Um kurz nach 8 Uhr ging es los von der Jugendherberge in Pforzheim. Die ist im Prinzip OK, Einzelheiten im Audiotagebuch<\/p>\n<p>Entlang des Fl\u00fcsschens Nagold ging es in die Vororte von Pforzheim, und dann hoch in den Wald. Die Generalrichtung heute ist: bergauf! Der Schwarzwald beginnt.<\/p>\n<p>Ab hier gilt wieder eine neue Markierung, ein rotes Karo f\u00fcr den Westweg. Ich fand aber, dass der Weg auf weiten Strecken wenig bis gar nicht markiert ist. Teilweise weicht der Westweg vom E1 ab. Da ich keine Lust auf experimentelle Umwege hatte, bin ich den E1 Track von Sven gelaufen.<\/p>\n<p><a href=\"http:\/\/wandern.minnerop.de\/wp-content\/uploads\/2018\/06\/1530269093196.22dc43d6-0330-4223-9e14-4277bc26e41c.jpg\"><img loading=\"lazy\" decoding=\"async\" class=\"aligncenter size-large wp-image-1255\" src=\"http:\/\/wandern.minnerop.de\/wp-content\/uploads\/2018\/06\/1530269093196.22dc43d6-0330-4223-9e14-4277bc26e41c-1024x576.jpg\" alt=\"\" width=\"840\" height=\"473\" srcset=\"https:\/\/wandern.minnerop.de\/wp-content\/uploads\/2018\/06\/1530269093196.22dc43d6-0330-4223-9e14-4277bc26e41c-1024x576.jpg 1024w, https:\/\/wandern.minnerop.de\/wp-content\/uploads\/2018\/06\/1530269093196.22dc43d6-0330-4223-9e14-4277bc26e41c-300x169.jpg 300w, https:\/\/wandern.minnerop.de\/wp-content\/uploads\/2018\/06\/1530269093196.22dc43d6-0330-4223-9e14-4277bc26e41c-768x432.jpg 768w, https:\/\/wandern.minnerop.de\/wp-content\/uploads\/2018\/06\/1530269093196.22dc43d6-0330-4223-9e14-4277bc26e41c-1200x675.jpg 1200w, https:\/\/wandern.minnerop.de\/wp-content\/uploads\/2018\/06\/1530269093196.22dc43d6-0330-4223-9e14-4277bc26e41c.jpg 2016w\" sizes=\"auto, (max-width: 840px) 100vw, 840px\" \/><\/a><\/p>\n<p>Der erste Ort durch den es dann ging war Birkenfeld. Traditionsgem\u00e4\u00df wurde der B\u00e4cker gest\u00fcrmt. Lecker Kuchen. <\/p>\n<p>Nach einiger Zeit im Wald kam dann die erste sch\u00f6ne Aussicht im Schwarzwald. Ich hoffe, davon kommen noch viele. Weiter ging es dann durch das Tal der Enz.<\/p>\n<figure id=\"attachment_1256\" aria-describedby=\"caption-attachment-1256\" style=\"width: 840px\" class=\"wp-caption aligncenter\"><a href=\"http:\/\/wandern.minnerop.de\/wp-content\/uploads\/2018\/06\/1530256024917.3d400e7f-cb21-4a89-8bb9-3d1ed417f8a5.jpg\"><img loading=\"lazy\" decoding=\"async\" class=\"size-large wp-image-1256\" src=\"http:\/\/wandern.minnerop.de\/wp-content\/uploads\/2018\/06\/1530256024917.3d400e7f-cb21-4a89-8bb9-3d1ed417f8a5-1024x576.jpg\" alt=\"\" width=\"840\" height=\"473\" srcset=\"https:\/\/wandern.minnerop.de\/wp-content\/uploads\/2018\/06\/1530256024917.3d400e7f-cb21-4a89-8bb9-3d1ed417f8a5-1024x576.jpg 1024w, https:\/\/wandern.minnerop.de\/wp-content\/uploads\/2018\/06\/1530256024917.3d400e7f-cb21-4a89-8bb9-3d1ed417f8a5-300x169.jpg 300w, https:\/\/wandern.minnerop.de\/wp-content\/uploads\/2018\/06\/1530256024917.3d400e7f-cb21-4a89-8bb9-3d1ed417f8a5-768x432.jpg 768w, https:\/\/wandern.minnerop.de\/wp-content\/uploads\/2018\/06\/1530256024917.3d400e7f-cb21-4a89-8bb9-3d1ed417f8a5-1200x675.jpg 1200w, https:\/\/wandern.minnerop.de\/wp-content\/uploads\/2018\/06\/1530256024917.3d400e7f-cb21-4a89-8bb9-3d1ed417f8a5.jpg 2016w\" sizes=\"auto, (max-width: 840px) 100vw, 840px\" \/><\/a><figcaption id=\"caption-attachment-1256\" class=\"wp-caption-text\">Die glasklare Enz<\/figcaption><\/figure>\n<p>Nach Neuenb\u00fcrg kam ein interessantes Felsenmeer, entstanden aus Bundsandstein.<\/p>\n<figure id=\"attachment_1257\" aria-describedby=\"caption-attachment-1257\" style=\"width: 840px\" class=\"wp-caption aligncenter\"><a href=\"http:\/\/wandern.minnerop.de\/wp-content\/uploads\/2018\/06\/1530277097099.02fc733d-c519-4095-9c11-a3e650590386.jpg\"><img loading=\"lazy\" decoding=\"async\" class=\"size-large wp-image-1257\" src=\"http:\/\/wandern.minnerop.de\/wp-content\/uploads\/2018\/06\/1530277097099.02fc733d-c519-4095-9c11-a3e650590386-1024x576.jpg\" alt=\"\" width=\"840\" height=\"473\" srcset=\"https:\/\/wandern.minnerop.de\/wp-content\/uploads\/2018\/06\/1530277097099.02fc733d-c519-4095-9c11-a3e650590386-1024x576.jpg 1024w, https:\/\/wandern.minnerop.de\/wp-content\/uploads\/2018\/06\/1530277097099.02fc733d-c519-4095-9c11-a3e650590386-300x169.jpg 300w, https:\/\/wandern.minnerop.de\/wp-content\/uploads\/2018\/06\/1530277097099.02fc733d-c519-4095-9c11-a3e650590386-768x432.jpg 768w, https:\/\/wandern.minnerop.de\/wp-content\/uploads\/2018\/06\/1530277097099.02fc733d-c519-4095-9c11-a3e650590386-1200x675.jpg 1200w, https:\/\/wandern.minnerop.de\/wp-content\/uploads\/2018\/06\/1530277097099.02fc733d-c519-4095-9c11-a3e650590386.jpg 2016w\" sizes=\"auto, (max-width: 840px) 100vw, 840px\" \/><\/a><figcaption id=\"caption-attachment-1257\" class=\"wp-caption-text\">Felsenmeer Volzemer Stein<\/figcaption><\/figure>\n<p><a href=\"http:\/\/wandern.minnerop.de\/wp-content\/uploads\/2018\/06\/1530277079896.07fbb8f4-2e9e-4424-bdfa-2090cd485146.jpg\"><img loading=\"lazy\" decoding=\"async\" class=\"aligncenter size-large wp-image-1258\" src=\"http:\/\/wandern.minnerop.de\/wp-content\/uploads\/2018\/06\/1530277079896.07fbb8f4-2e9e-4424-bdfa-2090cd485146-1024x576.jpg\" alt=\"\" width=\"840\" height=\"473\" srcset=\"https:\/\/wandern.minnerop.de\/wp-content\/uploads\/2018\/06\/1530277079896.07fbb8f4-2e9e-4424-bdfa-2090cd485146-1024x576.jpg 1024w, https:\/\/wandern.minnerop.de\/wp-content\/uploads\/2018\/06\/1530277079896.07fbb8f4-2e9e-4424-bdfa-2090cd485146-300x169.jpg 300w, https:\/\/wandern.minnerop.de\/wp-content\/uploads\/2018\/06\/1530277079896.07fbb8f4-2e9e-4424-bdfa-2090cd485146-768x432.jpg 768w, https:\/\/wandern.minnerop.de\/wp-content\/uploads\/2018\/06\/1530277079896.07fbb8f4-2e9e-4424-bdfa-2090cd485146-1200x675.jpg 1200w, https:\/\/wandern.minnerop.de\/wp-content\/uploads\/2018\/06\/1530277079896.07fbb8f4-2e9e-4424-bdfa-2090cd485146.jpg 2016w\" sizes=\"auto, (max-width: 840px) 100vw, 840px\" \/><\/a><a href=\"http:\/\/wandern.minnerop.de\/wp-content\/uploads\/2018\/06\/1530277209158.896ee864-19c8-4cd3-ae8c-deaeccfd0d75.jpg\"><img loading=\"lazy\" decoding=\"async\" class=\"aligncenter size-large wp-image-1259\" src=\"http:\/\/wandern.minnerop.de\/wp-content\/uploads\/2018\/06\/1530277209158.896ee864-19c8-4cd3-ae8c-deaeccfd0d75-576x1024.jpg\" alt=\"\" width=\"576\" height=\"1024\" srcset=\"https:\/\/wandern.minnerop.de\/wp-content\/uploads\/2018\/06\/1530277209158.896ee864-19c8-4cd3-ae8c-deaeccfd0d75-576x1024.jpg 576w, https:\/\/wandern.minnerop.de\/wp-content\/uploads\/2018\/06\/1530277209158.896ee864-19c8-4cd3-ae8c-deaeccfd0d75-169x300.jpg 169w, https:\/\/wandern.minnerop.de\/wp-content\/uploads\/2018\/06\/1530277209158.896ee864-19c8-4cd3-ae8c-deaeccfd0d75-768x1365.jpg 768w, https:\/\/wandern.minnerop.de\/wp-content\/uploads\/2018\/06\/1530277209158.896ee864-19c8-4cd3-ae8c-deaeccfd0d75.jpg 1134w\" sizes=\"auto, (max-width: 576px) 100vw, 576px\" \/><\/a><\/p>\n<p>Immer weiter ging es bergauf. Vorbei an einer Raststelle mit Blitzschaden, dann kamen mehrer Schutzh\u00fctten bevor ich in Dobel ankam. Die &#8222;Oma&#8220;, die gestern in der Linde Hubert in Empfang genommen hatte fand mich nicht bei den Reservierungen. Egal, ich bekam trotzdem ein Zimmer. Dort musste ich zuerst das Antennenkabel des TV reparieren. Es war grottenschlecht angeschlossen und kaum Empfang m\u00f6glich. Sp\u00e4ter beim Essen traf ich die Wanderer die ich heute getroffen hatte, aber sie waren immer noch nicht kommunikativ.<\/p>\n<p>Am Nachbartisch sa\u00dfen zwei \u00e4ltere Herren aus dem Ort. Sie unterhielten sich in einer Sprache die wohl ein Gemisch aus Chinesichnund Eskimosprache war. Jedenfalls habe ich so gut wie nichts verstanden. Die Sprache hier ist sehr &#8222;oannerscht&#8220;<\/p>\n<figure id=\"attachment_1260\" aria-describedby=\"caption-attachment-1260\" style=\"width: 576px\" class=\"wp-caption aligncenter\"><a href=\"http:\/\/wandern.minnerop.de\/wp-content\/uploads\/2018\/06\/1530276985115.5a05e014-cf59-4a7a-a9db-d9fa0209f20a.jpg\"><img loading=\"lazy\" decoding=\"async\" class=\"size-large wp-image-1260\" src=\"http:\/\/wandern.minnerop.de\/wp-content\/uploads\/2018\/06\/1530276985115.5a05e014-cf59-4a7a-a9db-d9fa0209f20a-576x1024.jpg\" alt=\"\" width=\"576\" height=\"1024\" srcset=\"https:\/\/wandern.minnerop.de\/wp-content\/uploads\/2018\/06\/1530276985115.5a05e014-cf59-4a7a-a9db-d9fa0209f20a-576x1024.jpg 576w, https:\/\/wandern.minnerop.de\/wp-content\/uploads\/2018\/06\/1530276985115.5a05e014-cf59-4a7a-a9db-d9fa0209f20a-169x300.jpg 169w, https:\/\/wandern.minnerop.de\/wp-content\/uploads\/2018\/06\/1530276985115.5a05e014-cf59-4a7a-a9db-d9fa0209f20a-768x1365.jpg 768w, https:\/\/wandern.minnerop.de\/wp-content\/uploads\/2018\/06\/1530276985115.5a05e014-cf59-4a7a-a9db-d9fa0209f20a.jpg 1134w\" sizes=\"auto, (max-width: 576px) 100vw, 576px\" \/><\/a><figcaption id=\"caption-attachment-1260\" class=\"wp-caption-text\">Eins von einer Serie von Engelsbildern im Wald vor Dobel<\/figcaption><\/figure>\n<figure id=\"attachment_1261\" aria-describedby=\"caption-attachment-1261\" style=\"width: 840px\" class=\"wp-caption aligncenter\"><a href=\"http:\/\/wandern.minnerop.de\/wp-content\/uploads\/2018\/06\/1530273187263.de8cd7a3-f106-437d-b7e4-7b8b623a7f94.jpg\"><img loading=\"lazy\" decoding=\"async\" class=\"size-large wp-image-1261\" src=\"http:\/\/wandern.minnerop.de\/wp-content\/uploads\/2018\/06\/1530273187263.de8cd7a3-f106-437d-b7e4-7b8b623a7f94-1024x576.jpg\" alt=\"\" width=\"840\" height=\"473\" srcset=\"https:\/\/wandern.minnerop.de\/wp-content\/uploads\/2018\/06\/1530273187263.de8cd7a3-f106-437d-b7e4-7b8b623a7f94-1024x576.jpg 1024w, https:\/\/wandern.minnerop.de\/wp-content\/uploads\/2018\/06\/1530273187263.de8cd7a3-f106-437d-b7e4-7b8b623a7f94-300x169.jpg 300w, https:\/\/wandern.minnerop.de\/wp-content\/uploads\/2018\/06\/1530273187263.de8cd7a3-f106-437d-b7e4-7b8b623a7f94-768x432.jpg 768w, https:\/\/wandern.minnerop.de\/wp-content\/uploads\/2018\/06\/1530273187263.de8cd7a3-f106-437d-b7e4-7b8b623a7f94-1200x675.jpg 1200w, https:\/\/wandern.minnerop.de\/wp-content\/uploads\/2018\/06\/1530273187263.de8cd7a3-f106-437d-b7e4-7b8b623a7f94.jpg 2016w\" sizes=\"auto, (max-width: 840px) 100vw, 840px\" \/><\/a><figcaption id=\"caption-attachment-1261\" class=\"wp-caption-text\">Rastplatz mit Blitzschaden<\/figcaption><\/figure>\n<figure id=\"attachment_1262\" aria-describedby=\"caption-attachment-1262\" style=\"width: 840px\" class=\"wp-caption aligncenter\"><a href=\"http:\/\/wandern.minnerop.de\/wp-content\/uploads\/2018\/06\/1530275738818.8e511708-c9e5-4d74-9ea9-a8bd817dad3a.jpg\"><img loading=\"lazy\" decoding=\"async\" class=\"size-large wp-image-1262\" src=\"http:\/\/wandern.minnerop.de\/wp-content\/uploads\/2018\/06\/1530275738818.8e511708-c9e5-4d74-9ea9-a8bd817dad3a-1024x576.jpg\" alt=\"\" width=\"840\" height=\"473\" srcset=\"https:\/\/wandern.minnerop.de\/wp-content\/uploads\/2018\/06\/1530275738818.8e511708-c9e5-4d74-9ea9-a8bd817dad3a-1024x576.jpg 1024w, https:\/\/wandern.minnerop.de\/wp-content\/uploads\/2018\/06\/1530275738818.8e511708-c9e5-4d74-9ea9-a8bd817dad3a-300x169.jpg 300w, https:\/\/wandern.minnerop.de\/wp-content\/uploads\/2018\/06\/1530275738818.8e511708-c9e5-4d74-9ea9-a8bd817dad3a-768x432.jpg 768w, https:\/\/wandern.minnerop.de\/wp-content\/uploads\/2018\/06\/1530275738818.8e511708-c9e5-4d74-9ea9-a8bd817dad3a-1200x675.jpg 1200w, https:\/\/wandern.minnerop.de\/wp-content\/uploads\/2018\/06\/1530275738818.8e511708-c9e5-4d74-9ea9-a8bd817dad3a.jpg 2016w\" sizes=\"auto, (max-width: 840px) 100vw, 840px\" \/><\/a><figcaption id=\"caption-attachment-1262\" class=\"wp-caption-text\">Die erste von zwei Schutzh\u00fctten kurz vor Dobel<\/figcaption><\/figure>\n","protected":false},"excerpt":{"rendered":"<p>Audiotagebuch zum anh\u00f6ren 2018-06-29_36873324_10-01-pforzheim-dobel-29-06-18_export GPX Datei von Pforzheim nach Dobel zum runterladen. Um kurz nach 8 Uhr ging es los von der Jugendherberge in Pforzheim. Die ist im Prinzip OK, Einzelheiten im Audiotagebuch Entlang des Fl\u00fcsschens Nagold ging es in die Vororte von Pforzheim, und dann hoch in den Wald. Die Generalrichtung heute ist: bergauf! [&hellip;]<\/p>\n","protected":false},"author":1,"featured_media":0,"comment_status":"open","ping_status":"open","sticky":false,"template":"","format":"standard","meta":{"footnotes":""},"categories":[2],"tags":[],"class_list":["post-1252","post","type-post","status-publish","format-standard","hentry","category-fernwanderweg-e1"],"_links":{"self":[{"href":"https:\/\/wandern.minnerop.de\/index.php?rest_route=\/wp\/v2\/posts\/1252","targetHints":{"allow":["GET"]}}],"collection":[{"href":"https:\/\/wandern.minnerop.de\/index.php?rest_route=\/wp\/v2\/posts"}],"about":[{"href":"https:\/\/wandern.minnerop.de\/index.php?rest_route=\/wp\/v2\/types\/post"}],"author":[{"embeddable":true,"href":"https:\/\/wandern.minnerop.de\/index.php?rest_route=\/wp\/v2\/users\/1"}],"replies":[{"embeddable":true,"href":"https:\/\/wandern.minnerop.de\/index.php?rest_route=%2Fwp%2Fv2%2Fcomments&post=1252"}],"version-history":[{"count":2,"href":"https:\/\/wandern.minnerop.de\/index.php?rest_route=\/wp\/v2\/posts\/1252\/revisions"}],"predecessor-version":[{"id":1275,"href":"https:\/\/wandern.minnerop.de\/index.php?rest_route=\/wp\/v2\/posts\/1252\/revisions\/1275"}],"wp:attachment":[{"href":"https:\/\/wandern.minnerop.de\/index.php?rest_route=%2Fwp%2Fv2%2Fmedia&parent=1252"}],"wp:term":[{"taxonomy":"category","embeddable":true,"href":"https:\/\/wandern.minnerop.de\/index.php?rest_route=%2Fwp%2Fv2%2Fcategories&post=1252"},{"taxonomy":"post_tag","embeddable":true,"href":"https:\/\/wandern.minnerop.de\/index.php?rest_route=%2Fwp%2Fv2%2Ftags&post=1252"}],"curies":[{"name":"wp","href":"https:\/\/api.w.org\/{rel}","templated":true}]}}