{"id":18,"date":"2017-09-08T19:09:11","date_gmt":"2017-09-08T19:09:11","guid":{"rendered":"http:\/\/wandern.minnerop.de\/?p=18"},"modified":"2017-09-18T17:32:27","modified_gmt":"2017-09-18T15:32:27","slug":"bald-geht-es-los","status":"publish","type":"post","link":"https:\/\/wandern.minnerop.de\/?p=18","title":{"rendered":"Bald geht es los"},"content":{"rendered":"<p>Kurze Vorrede.<\/p>\n<p>&nbsp;<\/p>\n<p>Vor ca. 14 Tagen habe ich beschlossen ab 1. Mai 2018, das ist der Beginn meines Rentenalters, den Europ\u00e4ischen Fernwanderweg E1 zu laufen. Das mache ich mir zum Geschenk zum Dank f\u00fcr fast 50 Jahre Arbeit. Ich bin am 1. Aug 1969 in die Lehre gekommen. W\u00e4re ich mit 65 in Rente gegangen, und nicht mit 63, h\u00e4tte ich die 50 Jahre vollgekriegt. \ud83d\ude09 Nun denn, ich kann drauf verzichten.<\/p>\n<p>Um nun so ein gro\u00dfes Wagnis zu stemmen, werde ich einige Probel\u00e4ufe machen. Ich will dabei meine k\u00f6rperliche Fitnes testen, und meine Ausr\u00fcstung richtig zusammenstellen und testen. Ich habe sowas ja noch nie gemacht. Ich gehe zwar viel wandern, aber der E1 ist ja doch eine richtige Hausnummer.<\/p>\n<p>Mein erster Probelauf wird der Rennsteig sein. Nach jetziger Planung werde ich am\u00a0 Freitag den 13. Oktober aufbrechen, und dann in 6 Etappen die 164km laufen. Dabei werde ich ausschlie\u00dflich in den Schutzh\u00fctten oder in meinem Zelt schlafen. Sofern Internetempfang ist, werde ich jeden Abend hier etwas zu meinem Tag posten. Wenn es geht mit Bildern. So habe ich dann ein tolles Tagebuch f\u00fcr mich, und vielleicht jemanden, der auch sowas verr\u00fccktes machen will. \ud83d\ude09<\/p>\n<p>Da mit schlechtem Wetter zu rechnen ist, wird das ein guter Test f\u00fcr eine Wanderung, die anstrengend ist und unter schlechten Bedingungen stattfindet. Wenn ich das schaffe, kommt das gro\u00dfe Wagnis E1 einen Schritt n\u00e4her.<\/p>\n<p>[Anmerkung 10.09.17: Ich habe den Testlauf ge\u00e4ndert. Ich werde nicht den Rennsteig laufen, sondern direkt in Flensburg auf dem E1 starten]<\/p>\n<p>Heute habe ich dazu mit meinem neuen Rucksack (er erhielt den Namen &#8222;Das Monster&#8220;. Das habe ich aus dem Film &#8222;Wild&#8220; geklaut. Ein sehr sehenswerter Film, in dem eine junge Frau einmal durch Amerika wandert, auf einem ebenso legend\u00e4ren Weg wie der E1.) Auch meine neuen Schuhe wurden mit getestet. Es hat 10km in Str\u00f6men geregnet. F\u00e4ngt also wirklich gut an.<\/p>\n<p>Eine Sache habe ich schon gelernt heute. F\u00fcr meine F\u00fc\u00dfe waren die 10km zum Schuhe einlaufen kein Problem. Aber der R\u00fccken sagt deutlich: 20kg ist zu viel, da musst du noch etwas \u00fcben lieber Rainer.<\/p>\n<p>Und hier ist das Monster. Etwa 20kg schwer. Bei all der tollen Tragetechnik die Deuter da anbietet, irgendwie m\u00fcssen die 20kg gestemmt werden. Mein erster Versuch erinnerte mich an die junge Frau aus dem Film Wild. Sie fiel glatt auf den R\u00fccken, als sie den Rucksack das erste Mal aufsetzen wollte. :lol<\/p>\n<p><img loading=\"lazy\" decoding=\"async\" class=\"alignnone size-medium wp-image-19\" src=\"http:\/\/wandern.minnerop.de\/wp-content\/uploads\/2017\/09\/20170908_202433-e1504897546925-169x300.jpg\" alt=\"\" width=\"169\" height=\"300\" srcset=\"https:\/\/wandern.minnerop.de\/wp-content\/uploads\/2017\/09\/20170908_202433-e1504897546925-169x300.jpg 169w, https:\/\/wandern.minnerop.de\/wp-content\/uploads\/2017\/09\/20170908_202433-e1504897546925-768x1365.jpg 768w, https:\/\/wandern.minnerop.de\/wp-content\/uploads\/2017\/09\/20170908_202433-e1504897546925-576x1024.jpg 576w\" sizes=\"auto, (max-width: 169px) 100vw, 169px\" \/><\/p>\n","protected":false},"excerpt":{"rendered":"<p>Kurze Vorrede. &nbsp; Vor ca. 14 Tagen habe ich beschlossen ab 1. Mai 2018, das ist der Beginn meines Rentenalters, den Europ\u00e4ischen Fernwanderweg E1 zu laufen. Das mache ich mir zum Geschenk zum Dank f\u00fcr fast 50 Jahre Arbeit. Ich bin am 1. Aug 1969 in die Lehre gekommen. W\u00e4re ich mit 65 in Rente [&hellip;]<\/p>\n","protected":false},"author":1,"featured_media":0,"comment_status":"open","ping_status":"open","sticky":false,"template":"","format":"standard","meta":{"footnotes":""},"categories":[1],"tags":[],"class_list":["post-18","post","type-post","status-publish","format-standard","hentry","category-allgemein"],"_links":{"self":[{"href":"https:\/\/wandern.minnerop.de\/index.php?rest_route=\/wp\/v2\/posts\/18","targetHints":{"allow":["GET"]}}],"collection":[{"href":"https:\/\/wandern.minnerop.de\/index.php?rest_route=\/wp\/v2\/posts"}],"about":[{"href":"https:\/\/wandern.minnerop.de\/index.php?rest_route=\/wp\/v2\/types\/post"}],"author":[{"embeddable":true,"href":"https:\/\/wandern.minnerop.de\/index.php?rest_route=\/wp\/v2\/users\/1"}],"replies":[{"embeddable":true,"href":"https:\/\/wandern.minnerop.de\/index.php?rest_route=%2Fwp%2Fv2%2Fcomments&post=18"}],"version-history":[{"count":3,"href":"https:\/\/wandern.minnerop.de\/index.php?rest_route=\/wp\/v2\/posts\/18\/revisions"}],"predecessor-version":[{"id":39,"href":"https:\/\/wandern.minnerop.de\/index.php?rest_route=\/wp\/v2\/posts\/18\/revisions\/39"}],"wp:attachment":[{"href":"https:\/\/wandern.minnerop.de\/index.php?rest_route=%2Fwp%2Fv2%2Fmedia&parent=18"}],"wp:term":[{"taxonomy":"category","embeddable":true,"href":"https:\/\/wandern.minnerop.de\/index.php?rest_route=%2Fwp%2Fv2%2Fcategories&post=18"},{"taxonomy":"post_tag","embeddable":true,"href":"https:\/\/wandern.minnerop.de\/index.php?rest_route=%2Fwp%2Fv2%2Ftags&post=18"}],"curies":[{"name":"wp","href":"https:\/\/api.w.org\/{rel}","templated":true}]}}