{"id":1803,"date":"2018-08-22T21:37:46","date_gmt":"2018-08-22T19:37:46","guid":{"rendered":"http:\/\/wandern.minnerop.de\/?p=1803"},"modified":"2018-08-22T21:37:46","modified_gmt":"2018-08-22T19:37:46","slug":"tag-113-von-besate-zum-ticino-bei-zerbolo","status":"publish","type":"post","link":"https:\/\/wandern.minnerop.de\/?p=1803","title":{"rendered":"Tag 113 von Besate zum Ticino bei Zerbolo"},"content":{"rendered":"<audio class=\"wp-audio-shortcode\" id=\"audio-1803-1\" preload=\"none\" style=\"width: 100%;\" controls=\"controls\"><source type=\"audio\/mpeg\" src=\"http:\/\/wandern.minnerop.de\/wp-content\/uploads\/2018\/08\/2018_08_21_08_08_20.mp3?_=1\" \/><a href=\"http:\/\/wandern.minnerop.de\/wp-content\/uploads\/2018\/08\/2018_08_21_08_08_20.mp3\">http:\/\/wandern.minnerop.de\/wp-content\/uploads\/2018\/08\/2018_08_21_08_08_20.mp3<\/a><\/audio>\n<p>Audiotagebuch zum anh\u00f6ren<\/p>\n<p><a href=\"http:\/\/wandern.minnerop.de\/wp-content\/uploads\/2018\/08\/2018-08-21_43409599_01-07-besate-bei-sedone-21-08-18_export.gpx\">2018-08-21_43409599_01-07-besate-bei-sedone-21-08-18_export<\/a><\/p>\n<p>GPX Datei von Besate nach Zerbolo<\/p>\n<p>Untergebracht waren wir in der Ferienwohnung B&amp;B Magnolia in Besate. Preiswert und gut. Fr\u00fchst\u00fcck italienisch, nur s\u00fc\u00dfes. Auf Nachfrage auch mit Wurst uns Ei. Am Ortsausgang dann Erstaunen! Ein altes Waschhaus. Zwischen den steinernen Waschbrettern flie\u00dft ein Bach.<\/p>\n<figure id=\"attachment_1806\" aria-describedby=\"caption-attachment-1806\" style=\"width: 840px\" class=\"wp-caption aligncenter\"><a href=\"http:\/\/wandern.minnerop.de\/wp-content\/uploads\/2018\/08\/1534832115755.30ba33c1-a5fb-49fc-ac5c-5305d8503da9.jpg\"><img loading=\"lazy\" decoding=\"async\" class=\"size-large wp-image-1806\" src=\"http:\/\/wandern.minnerop.de\/wp-content\/uploads\/2018\/08\/1534832115755.30ba33c1-a5fb-49fc-ac5c-5305d8503da9-1024x576.jpg\" alt=\"\" width=\"840\" height=\"473\" srcset=\"https:\/\/wandern.minnerop.de\/wp-content\/uploads\/2018\/08\/1534832115755.30ba33c1-a5fb-49fc-ac5c-5305d8503da9-1024x576.jpg 1024w, https:\/\/wandern.minnerop.de\/wp-content\/uploads\/2018\/08\/1534832115755.30ba33c1-a5fb-49fc-ac5c-5305d8503da9-300x169.jpg 300w, https:\/\/wandern.minnerop.de\/wp-content\/uploads\/2018\/08\/1534832115755.30ba33c1-a5fb-49fc-ac5c-5305d8503da9-768x432.jpg 768w, https:\/\/wandern.minnerop.de\/wp-content\/uploads\/2018\/08\/1534832115755.30ba33c1-a5fb-49fc-ac5c-5305d8503da9-1200x675.jpg 1200w, https:\/\/wandern.minnerop.de\/wp-content\/uploads\/2018\/08\/1534832115755.30ba33c1-a5fb-49fc-ac5c-5305d8503da9.jpg 2016w\" sizes=\"auto, (max-width: 840px) 100vw, 840px\" \/><\/a><figcaption id=\"caption-attachment-1806\" class=\"wp-caption-text\">altes Waschhaus<\/figcaption><\/figure>\n<p>Nach einem kurzen St\u00fcck Stra\u00dfe, dann \u00fcber halb zugewachsene Wege zwischen Feldern und Wiesen. Weiter in den Wald \u00fcber gewundene schmale Wege. Sch\u00f6n zu laufen jetzt, aber unendlich viele M\u00fccken. Durch die vielen Kan\u00e4le, Seitenarme und T\u00fcmpel des Ticino gibt es unendlich viele agressive M\u00fccken, und Stechfliegen wie Hornissen. Wir sind dauernd total zerstochen, und wedeln pausenlos mit den Armen.<\/p>\n<figure id=\"attachment_1807\" aria-describedby=\"caption-attachment-1807\" style=\"width: 840px\" class=\"wp-caption aligncenter\"><a href=\"http:\/\/wandern.minnerop.de\/wp-content\/uploads\/2018\/08\/1534838007348.02f01a7f-25ab-45af-b6f4-26cc94cb0c42.jpg\"><img loading=\"lazy\" decoding=\"async\" class=\"size-large wp-image-1807\" src=\"http:\/\/wandern.minnerop.de\/wp-content\/uploads\/2018\/08\/1534838007348.02f01a7f-25ab-45af-b6f4-26cc94cb0c42-1024x576.jpg\" alt=\"\" width=\"840\" height=\"473\" srcset=\"https:\/\/wandern.minnerop.de\/wp-content\/uploads\/2018\/08\/1534838007348.02f01a7f-25ab-45af-b6f4-26cc94cb0c42-1024x576.jpg 1024w, https:\/\/wandern.minnerop.de\/wp-content\/uploads\/2018\/08\/1534838007348.02f01a7f-25ab-45af-b6f4-26cc94cb0c42-300x169.jpg 300w, https:\/\/wandern.minnerop.de\/wp-content\/uploads\/2018\/08\/1534838007348.02f01a7f-25ab-45af-b6f4-26cc94cb0c42-768x432.jpg 768w, https:\/\/wandern.minnerop.de\/wp-content\/uploads\/2018\/08\/1534838007348.02f01a7f-25ab-45af-b6f4-26cc94cb0c42-1200x675.jpg 1200w, https:\/\/wandern.minnerop.de\/wp-content\/uploads\/2018\/08\/1534838007348.02f01a7f-25ab-45af-b6f4-26cc94cb0c42.jpg 2016w\" sizes=\"auto, (max-width: 840px) 100vw, 840px\" \/><\/a><figcaption id=\"caption-attachment-1807\" class=\"wp-caption-text\">Jachthafen am Seitenarm des Ticino<\/figcaption><\/figure>\n<figure id=\"attachment_1808\" aria-describedby=\"caption-attachment-1808\" style=\"width: 840px\" class=\"wp-caption aligncenter\"><a href=\"http:\/\/wandern.minnerop.de\/wp-content\/uploads\/2018\/08\/1534838267457.c66ba87c-50d1-459a-9b72-636827fcf189.jpg\"><img loading=\"lazy\" decoding=\"async\" class=\"size-large wp-image-1808\" src=\"http:\/\/wandern.minnerop.de\/wp-content\/uploads\/2018\/08\/1534838267457.c66ba87c-50d1-459a-9b72-636827fcf189-1024x576.jpg\" alt=\"\" width=\"840\" height=\"473\" srcset=\"https:\/\/wandern.minnerop.de\/wp-content\/uploads\/2018\/08\/1534838267457.c66ba87c-50d1-459a-9b72-636827fcf189-1024x576.jpg 1024w, https:\/\/wandern.minnerop.de\/wp-content\/uploads\/2018\/08\/1534838267457.c66ba87c-50d1-459a-9b72-636827fcf189-300x169.jpg 300w, https:\/\/wandern.minnerop.de\/wp-content\/uploads\/2018\/08\/1534838267457.c66ba87c-50d1-459a-9b72-636827fcf189-768x432.jpg 768w, https:\/\/wandern.minnerop.de\/wp-content\/uploads\/2018\/08\/1534838267457.c66ba87c-50d1-459a-9b72-636827fcf189-1200x675.jpg 1200w, https:\/\/wandern.minnerop.de\/wp-content\/uploads\/2018\/08\/1534838267457.c66ba87c-50d1-459a-9b72-636827fcf189.jpg 2016w\" sizes=\"auto, (max-width: 840px) 100vw, 840px\" \/><\/a><figcaption id=\"caption-attachment-1808\" class=\"wp-caption-text\">Idyllischer Teich mit M\u00fcckenwolken<\/figcaption><\/figure>\n<p>Dann ging es zur Abwechselung mal von den zahlreichen Nebenarmen und Kan\u00e4len zum echten Ticino in seinem Kiesbett.<\/p>\n<figure id=\"attachment_1809\" aria-describedby=\"caption-attachment-1809\" style=\"width: 840px\" class=\"wp-caption aligncenter\"><a href=\"http:\/\/wandern.minnerop.de\/wp-content\/uploads\/2018\/08\/1534838818951.056f3ae2-d903-47da-a85c-d25e04f36511.jpg\"><img loading=\"lazy\" decoding=\"async\" class=\"size-large wp-image-1809\" src=\"http:\/\/wandern.minnerop.de\/wp-content\/uploads\/2018\/08\/1534838818951.056f3ae2-d903-47da-a85c-d25e04f36511-1024x576.jpg\" alt=\"\" width=\"840\" height=\"473\" srcset=\"https:\/\/wandern.minnerop.de\/wp-content\/uploads\/2018\/08\/1534838818951.056f3ae2-d903-47da-a85c-d25e04f36511-1024x576.jpg 1024w, https:\/\/wandern.minnerop.de\/wp-content\/uploads\/2018\/08\/1534838818951.056f3ae2-d903-47da-a85c-d25e04f36511-300x169.jpg 300w, https:\/\/wandern.minnerop.de\/wp-content\/uploads\/2018\/08\/1534838818951.056f3ae2-d903-47da-a85c-d25e04f36511-768x432.jpg 768w, https:\/\/wandern.minnerop.de\/wp-content\/uploads\/2018\/08\/1534838818951.056f3ae2-d903-47da-a85c-d25e04f36511-1200x675.jpg 1200w, https:\/\/wandern.minnerop.de\/wp-content\/uploads\/2018\/08\/1534838818951.056f3ae2-d903-47da-a85c-d25e04f36511.jpg 2016w\" sizes=\"auto, (max-width: 840px) 100vw, 840px\" \/><\/a><figcaption id=\"caption-attachment-1809\" class=\"wp-caption-text\">Storchenparadies Ticino in seinem Kiesbett<\/figcaption><\/figure>\n<p>Zwischendurch kam sogar mal eine kleine Anh\u00f6he. Danach sorgsam ausgerichtete Pappelw\u00e4lder, wie in Holland. Anschlie\u00dfend \u00fcber eine Art Damm durch eine Auenlandschaft. Total urwaldm\u00e4\u00dfig naturbelassen. Ein absolutes Naturparadies. Es gibt es haufenweise St\u00f6rche und andere Wasserv\u00f6gel in diesem Ticino Naturpark. Auch mal solche tollen Seerosenteiche. Aber alles \u00fcberschattet von den Nebenwirkungen der Natur, den M\u00fccken und Stechfliegen.<\/p>\n<figure id=\"attachment_1810\" aria-describedby=\"caption-attachment-1810\" style=\"width: 840px\" class=\"wp-caption aligncenter\"><a href=\"http:\/\/wandern.minnerop.de\/wp-content\/uploads\/2018\/08\/1534852197473.67b3dce9-1c90-4e9e-a7ae-3a0147b4cbed.jpg\"><img loading=\"lazy\" decoding=\"async\" class=\"size-large wp-image-1810\" src=\"http:\/\/wandern.minnerop.de\/wp-content\/uploads\/2018\/08\/1534852197473.67b3dce9-1c90-4e9e-a7ae-3a0147b4cbed-1024x576.jpg\" alt=\"\" width=\"840\" height=\"473\" srcset=\"https:\/\/wandern.minnerop.de\/wp-content\/uploads\/2018\/08\/1534852197473.67b3dce9-1c90-4e9e-a7ae-3a0147b4cbed-1024x576.jpg 1024w, https:\/\/wandern.minnerop.de\/wp-content\/uploads\/2018\/08\/1534852197473.67b3dce9-1c90-4e9e-a7ae-3a0147b4cbed-300x169.jpg 300w, https:\/\/wandern.minnerop.de\/wp-content\/uploads\/2018\/08\/1534852197473.67b3dce9-1c90-4e9e-a7ae-3a0147b4cbed-768x432.jpg 768w, https:\/\/wandern.minnerop.de\/wp-content\/uploads\/2018\/08\/1534852197473.67b3dce9-1c90-4e9e-a7ae-3a0147b4cbed-1200x675.jpg 1200w, https:\/\/wandern.minnerop.de\/wp-content\/uploads\/2018\/08\/1534852197473.67b3dce9-1c90-4e9e-a7ae-3a0147b4cbed.jpg 2016w\" sizes=\"auto, (max-width: 840px) 100vw, 840px\" \/><\/a><figcaption id=\"caption-attachment-1810\" class=\"wp-caption-text\">Seerosenteich<\/figcaption><\/figure>\n<p>Irgendwann h\u00f6rten wir, mitten in diesem Urwald, Musik. Erst leise, dann langsam lauter werdend. Wir dachten erst an ein Open Air Konzert. Es ging dann \u00fcber eine Betonbr\u00fccke \u00fcber den Ticino, und dann sahen wir den \u00dcbelt\u00e4ter, eine Disco-Bar mit Au\u00dfenlautsprechern. Ein k\u00fchles Wasser und ein Insalata Mista vers\u00f6hnten uns mit den L\u00e4rms\u00fcndern.<\/p>\n<figure id=\"attachment_1811\" aria-describedby=\"caption-attachment-1811\" style=\"width: 840px\" class=\"wp-caption aligncenter\"><a href=\"http:\/\/wandern.minnerop.de\/wp-content\/uploads\/2018\/08\/1534848019527.24b9bf3d-2556-4509-b58f-1f11f8478631.jpg\"><img loading=\"lazy\" decoding=\"async\" class=\"size-large wp-image-1811\" src=\"http:\/\/wandern.minnerop.de\/wp-content\/uploads\/2018\/08\/1534848019527.24b9bf3d-2556-4509-b58f-1f11f8478631-1024x576.jpg\" alt=\"\" width=\"840\" height=\"473\" srcset=\"https:\/\/wandern.minnerop.de\/wp-content\/uploads\/2018\/08\/1534848019527.24b9bf3d-2556-4509-b58f-1f11f8478631-1024x576.jpg 1024w, https:\/\/wandern.minnerop.de\/wp-content\/uploads\/2018\/08\/1534848019527.24b9bf3d-2556-4509-b58f-1f11f8478631-300x169.jpg 300w, https:\/\/wandern.minnerop.de\/wp-content\/uploads\/2018\/08\/1534848019527.24b9bf3d-2556-4509-b58f-1f11f8478631-768x432.jpg 768w, https:\/\/wandern.minnerop.de\/wp-content\/uploads\/2018\/08\/1534848019527.24b9bf3d-2556-4509-b58f-1f11f8478631-1200x675.jpg 1200w, https:\/\/wandern.minnerop.de\/wp-content\/uploads\/2018\/08\/1534848019527.24b9bf3d-2556-4509-b58f-1f11f8478631.jpg 2016w\" sizes=\"auto, (max-width: 840px) 100vw, 840px\" \/><\/a><figcaption id=\"caption-attachment-1811\" class=\"wp-caption-text\">bauf\u00e4llige Pontonbr\u00fccke \u00fcber den Ticino<\/figcaption><\/figure>\n<p>Um 14:30 Uhr kamen wir an der Ostello Cascina Venara bei Zerbolo an, einer Jugendherberge mit einer Storchenstation. Leider wegen Ferien geschlossen. Das ist \u00fcberhaupt ein eigenartiges Ph\u00e4nomen in Italien. In den Ferien wird alles geschlossen in dieser Gegend. Firmen, Gesch\u00e4fte, Restaurantes und Hotels etc. Genau das, was man in den Ferien braucht, ist geschlossen. Merkw\u00fcrdiger \u00f6konomischer Ansatz.<\/p>\n<p>In Ermangelung eines Zimmers bauten wir also gegen\u00fcber unsere Zelte auf, in denen wir auch fr\u00fch verschwanden. Gegen die M\u00fcckenflut halfen nur die Moskitonetze der Zelte, umd zwar zuverl\u00e4ssig. \ud83d\ude42<\/p>\n<p>&nbsp;<\/p>\n","protected":false},"excerpt":{"rendered":"<p>Audiotagebuch zum anh\u00f6ren 2018-08-21_43409599_01-07-besate-bei-sedone-21-08-18_export GPX Datei von Besate nach Zerbolo Untergebracht waren wir in der Ferienwohnung B&amp;B Magnolia in Besate. Preiswert und gut. Fr\u00fchst\u00fcck italienisch, nur s\u00fc\u00dfes. Auf Nachfrage auch mit Wurst uns Ei. Am Ortsausgang dann Erstaunen! Ein altes Waschhaus. Zwischen den steinernen Waschbrettern flie\u00dft ein Bach. Nach einem kurzen St\u00fcck Stra\u00dfe, dann \u00fcber [&hellip;]<\/p>\n","protected":false},"author":1,"featured_media":0,"comment_status":"open","ping_status":"open","sticky":false,"template":"","format":"standard","meta":{"footnotes":""},"categories":[2],"tags":[],"class_list":["post-1803","post","type-post","status-publish","format-standard","hentry","category-fernwanderweg-e1"],"_links":{"self":[{"href":"https:\/\/wandern.minnerop.de\/index.php?rest_route=\/wp\/v2\/posts\/1803","targetHints":{"allow":["GET"]}}],"collection":[{"href":"https:\/\/wandern.minnerop.de\/index.php?rest_route=\/wp\/v2\/posts"}],"about":[{"href":"https:\/\/wandern.minnerop.de\/index.php?rest_route=\/wp\/v2\/types\/post"}],"author":[{"embeddable":true,"href":"https:\/\/wandern.minnerop.de\/index.php?rest_route=\/wp\/v2\/users\/1"}],"replies":[{"embeddable":true,"href":"https:\/\/wandern.minnerop.de\/index.php?rest_route=%2Fwp%2Fv2%2Fcomments&post=1803"}],"version-history":[{"count":1,"href":"https:\/\/wandern.minnerop.de\/index.php?rest_route=\/wp\/v2\/posts\/1803\/revisions"}],"predecessor-version":[{"id":1812,"href":"https:\/\/wandern.minnerop.de\/index.php?rest_route=\/wp\/v2\/posts\/1803\/revisions\/1812"}],"wp:attachment":[{"href":"https:\/\/wandern.minnerop.de\/index.php?rest_route=%2Fwp%2Fv2%2Fmedia&parent=1803"}],"wp:term":[{"taxonomy":"category","embeddable":true,"href":"https:\/\/wandern.minnerop.de\/index.php?rest_route=%2Fwp%2Fv2%2Fcategories&post=1803"},{"taxonomy":"post_tag","embeddable":true,"href":"https:\/\/wandern.minnerop.de\/index.php?rest_route=%2Fwp%2Fv2%2Ftags&post=1803"}],"curies":[{"name":"wp","href":"https:\/\/api.w.org\/{rel}","templated":true}]}}