{"id":1814,"date":"2018-08-22T22:26:41","date_gmt":"2018-08-22T20:26:41","guid":{"rendered":"http:\/\/wandern.minnerop.de\/?p=1814"},"modified":"2018-08-22T22:26:41","modified_gmt":"2018-08-22T20:26:41","slug":"tag-114-auf-dem-e1-von-zerbolo-nach-sannazzaro-de-burgondi-22-08-18","status":"publish","type":"post","link":"https:\/\/wandern.minnerop.de\/?p=1814","title":{"rendered":"Tag 114 auf dem E1 von Zerbolo nach Sannazzaro de Burgondi, 22.08.18"},"content":{"rendered":"<audio class=\"wp-audio-shortcode\" id=\"audio-1814-1\" preload=\"none\" style=\"width: 100%;\" controls=\"controls\"><source type=\"audio\/mpeg\" src=\"http:\/\/wandern.minnerop.de\/wp-content\/uploads\/2018\/08\/2018_08_22_07_15_00.mp3?_=1\" \/><a href=\"http:\/\/wandern.minnerop.de\/wp-content\/uploads\/2018\/08\/2018_08_22_07_15_00.mp3\">http:\/\/wandern.minnerop.de\/wp-content\/uploads\/2018\/08\/2018_08_22_07_15_00.mp3<\/a><\/audio>\n<p>Audiotagebuch zum anh\u00f6ren<\/p>\n<p><a href=\"http:\/\/wandern.minnerop.de\/wp-content\/uploads\/2018\/08\/2018-08-22_43530561_01-08-bei-sedone-sannazzaro-de-burgondi-22-08-18_export.gpx\">2018-08-22_43530561_01-08-bei-sedone-sannazzaro-de-burgondi-22-08-18_export<\/a><\/p>\n<p>GPX Datei von Zerbolo nach Sannazzaro de Burgondi zum runterladen<\/p>\n<p>Schon um 7:15 Uhr ging es los von der geschlossenen Jugendherberge. Es sollte wieder ein superhei\u00dfer Tag werden, in einer nicht enden wollenden Hitzeperiode. Auch mit den M\u00fccken war wieder in versch\u00e4rften Mengen zu rechnen. Das ist ein wirkliches \u00dcbel. Eigentlich m\u00fcsste man lang\u00e4rmlige dicke Kleidumg anziehen. Durch alle d\u00fcnnen Sachen stechen diese Biester durch. Allerdings f\u00e4llt man dann nach einigen Kilometern mit Hitzschlag um. Also wurden wir wieder endlos zerstochen.<\/p>\n<p>Zuerst erwartete uns aber eine friedliche Morgenstimmung. Im R\u00fccken die aufgehende rote Sonne \u00fcber dem Ticino, vor uns die Reis- und Maisfelder im aufsteigenden Dunst mit den unz\u00e4hligen Kan\u00e4len.<\/p>\n<figure id=\"attachment_1817\" aria-describedby=\"caption-attachment-1817\" style=\"width: 840px\" class=\"wp-caption aligncenter\"><a href=\"http:\/\/wandern.minnerop.de\/wp-content\/uploads\/2018\/08\/1534915513659.e6919d88-1088-427f-af02-22a71ec8252e.jpg\"><img loading=\"lazy\" decoding=\"async\" class=\"size-large wp-image-1817\" src=\"http:\/\/wandern.minnerop.de\/wp-content\/uploads\/2018\/08\/1534915513659.e6919d88-1088-427f-af02-22a71ec8252e-1024x576.jpg\" alt=\"\" width=\"840\" height=\"473\" srcset=\"https:\/\/wandern.minnerop.de\/wp-content\/uploads\/2018\/08\/1534915513659.e6919d88-1088-427f-af02-22a71ec8252e-1024x576.jpg 1024w, https:\/\/wandern.minnerop.de\/wp-content\/uploads\/2018\/08\/1534915513659.e6919d88-1088-427f-af02-22a71ec8252e-300x169.jpg 300w, https:\/\/wandern.minnerop.de\/wp-content\/uploads\/2018\/08\/1534915513659.e6919d88-1088-427f-af02-22a71ec8252e-768x432.jpg 768w, https:\/\/wandern.minnerop.de\/wp-content\/uploads\/2018\/08\/1534915513659.e6919d88-1088-427f-af02-22a71ec8252e-1200x675.jpg 1200w, https:\/\/wandern.minnerop.de\/wp-content\/uploads\/2018\/08\/1534915513659.e6919d88-1088-427f-af02-22a71ec8252e.jpg 2016w\" sizes=\"auto, (max-width: 840px) 100vw, 840px\" \/><\/a><figcaption id=\"caption-attachment-1817\" class=\"wp-caption-text\">Morgenstimmung in den Feldern<\/figcaption><\/figure>\n<p>Nach zwei Kilometern kamen wir nach Zerbolo. Hier war eine l\u00e4ngere Pause angesagt. Hubert musste im Laden einen Karton besorgen. Dann hat er auf dem Kirchplatz seinen Rucksack ausgepackt, und alles \u00fcberfl\u00fcssige in den Karton eingepackt. Auch sein R\u00fccken ist langsam am Ende, umd er muss Gewicht reduzieren. Anschlie\u00dfend den Karton abenteuerlich verkleben und zur Post damit. Hat auch alles geklappt. Dann Fr\u00fchst\u00fcck mit den frisch eingekauften Sachen, noch ein Eis, und dann weiter. 34 Grad erwarten uns, und wir wollen recht weit kommen, bevor es soweit ist.<\/p>\n<p>Es ging endlos \u00fcber eine Landstra\u00dfe. Das ist wohl leider nicht zu verhindern, da die vielen Kan\u00e4le eine ordentliche Wanderwegf\u00fchrung verhindern.<\/p>\n<p>In Groppelo Cairoli dann die n\u00e4chste Pause. Heute ein unvorstellbarer Luxus, schon der zweite Laden am Wege. Also schnell wieder einen halben Liter Aqua frizzante (mit Kohlens\u00e4ure), und dann weiter.<\/p>\n<figure id=\"attachment_1819\" aria-describedby=\"caption-attachment-1819\" style=\"width: 576px\" class=\"wp-caption aligncenter\"><a href=\"http:\/\/wandern.minnerop.de\/wp-content\/uploads\/2018\/08\/1534924858827.16f4f8a1-5ac4-4f9b-a055-3bb0b4a73a67.jpg\"><img loading=\"lazy\" decoding=\"async\" class=\"size-large wp-image-1819\" src=\"http:\/\/wandern.minnerop.de\/wp-content\/uploads\/2018\/08\/1534924858827.16f4f8a1-5ac4-4f9b-a055-3bb0b4a73a67-576x1024.jpg\" alt=\"\" width=\"576\" height=\"1024\" srcset=\"https:\/\/wandern.minnerop.de\/wp-content\/uploads\/2018\/08\/1534924858827.16f4f8a1-5ac4-4f9b-a055-3bb0b4a73a67-576x1024.jpg 576w, https:\/\/wandern.minnerop.de\/wp-content\/uploads\/2018\/08\/1534924858827.16f4f8a1-5ac4-4f9b-a055-3bb0b4a73a67-169x300.jpg 169w, https:\/\/wandern.minnerop.de\/wp-content\/uploads\/2018\/08\/1534924858827.16f4f8a1-5ac4-4f9b-a055-3bb0b4a73a67-768x1365.jpg 768w, https:\/\/wandern.minnerop.de\/wp-content\/uploads\/2018\/08\/1534924858827.16f4f8a1-5ac4-4f9b-a055-3bb0b4a73a67.jpg 1134w\" sizes=\"auto, (max-width: 576px) 100vw, 576px\" \/><\/a><figcaption id=\"caption-attachment-1819\" class=\"wp-caption-text\">Gro\u00dfe falsche Fassade vor einer kleinen Kirche in Gropello Cairoli<\/figcaption><\/figure>\n<p>Weiter auf staubigen Strassen in zunehmender Hitze. \u00a0Drei Kilometer weiter ein Einkaufsmarkt. Schnell rein, da er klimatisiert war. Getr\u00e4nke, Kekse und einen halben Liter Erdbeerjoghurt gekauft. Da es so sch\u00f6n k\u00fchl war haben wir alles gleich am Packtisch eingeatmet. Waren die vielen Blicke Mitleid? Ich nehme es mal an. \ud83d\ude09<\/p>\n<p>Zur\u00fcck auf die hei\u00dfe Stra\u00dfe in den Ort Dorno. An einer sch\u00f6nen alten Kirche im Schatten eine viertel Stunde Pause, dann weiter durch die Hitze.<\/p>\n<figure id=\"attachment_1818\" aria-describedby=\"caption-attachment-1818\" style=\"width: 840px\" class=\"wp-caption aligncenter\"><a href=\"http:\/\/wandern.minnerop.de\/wp-content\/uploads\/2018\/08\/1534924544153.3520582f-12c0-4661-9ecc-a1557acbd0db.jpg\"><img loading=\"lazy\" decoding=\"async\" class=\"size-large wp-image-1818\" src=\"http:\/\/wandern.minnerop.de\/wp-content\/uploads\/2018\/08\/1534924544153.3520582f-12c0-4661-9ecc-a1557acbd0db-1024x576.jpg\" alt=\"\" width=\"840\" height=\"473\" srcset=\"https:\/\/wandern.minnerop.de\/wp-content\/uploads\/2018\/08\/1534924544153.3520582f-12c0-4661-9ecc-a1557acbd0db-1024x576.jpg 1024w, https:\/\/wandern.minnerop.de\/wp-content\/uploads\/2018\/08\/1534924544153.3520582f-12c0-4661-9ecc-a1557acbd0db-300x169.jpg 300w, https:\/\/wandern.minnerop.de\/wp-content\/uploads\/2018\/08\/1534924544153.3520582f-12c0-4661-9ecc-a1557acbd0db-768x432.jpg 768w, https:\/\/wandern.minnerop.de\/wp-content\/uploads\/2018\/08\/1534924544153.3520582f-12c0-4661-9ecc-a1557acbd0db-1200x675.jpg 1200w, https:\/\/wandern.minnerop.de\/wp-content\/uploads\/2018\/08\/1534924544153.3520582f-12c0-4661-9ecc-a1557acbd0db.jpg 2016w\" sizes=\"auto, (max-width: 840px) 100vw, 840px\" \/><\/a><figcaption id=\"caption-attachment-1818\" class=\"wp-caption-text\">Buntes Dorf mit Bauruinen<\/figcaption><\/figure>\n<p>Wieder Landstra\u00dfe. Immer hei\u00dfer, unertr\u00e4glich. Dann endlich ein l\u00e4ngeres St\u00fcck durch den Wald. An seinem Ende noch einmal eine Pause im Schatten, und wieder hei\u00dfe Stra\u00dfe.<\/p>\n<p>Um 14:30 Uhr dann Ankunft in Sannazzaro de Burgondi am Hotel Eridano. Neu, mond\u00e4n, gut eingerichtet. Das Restaurant: Feri\u00e8. Wir hatten vorher noch im Supermarkt Aqua Frizzante gekauft, jeder zwei Liter. Abends waren wir dann noch Pizza essen, die leider labberig und geschmacksneutral war.<\/p>\n<p>Dann noch ein Bericht \u00fcber eine neuartige Erfindung, die ich mir wohl patentieren lassen werde. Hier vorab mal eine Ver\u00f6ffentlichung. Ich habe meine Macchina, den Benpacker, mit einer universalen Handyhalterung mit Solarladeger\u00e4t, und einem universalen Flaschenhalter ausgestattet. \ud83d\ude09<\/p>\n<figure id=\"attachment_1820\" aria-describedby=\"caption-attachment-1820\" style=\"width: 759px\" class=\"wp-caption aligncenter\"><a href=\"http:\/\/wandern.minnerop.de\/wp-content\/uploads\/2018\/08\/IMG_20180822_102956_1.jpg\"><img loading=\"lazy\" decoding=\"async\" class=\"size-large wp-image-1820\" src=\"http:\/\/wandern.minnerop.de\/wp-content\/uploads\/2018\/08\/IMG_20180822_102956_1-759x1024.jpg\" alt=\"\" width=\"759\" height=\"1024\" srcset=\"https:\/\/wandern.minnerop.de\/wp-content\/uploads\/2018\/08\/IMG_20180822_102956_1-759x1024.jpg 759w, https:\/\/wandern.minnerop.de\/wp-content\/uploads\/2018\/08\/IMG_20180822_102956_1-222x300.jpg 222w, https:\/\/wandern.minnerop.de\/wp-content\/uploads\/2018\/08\/IMG_20180822_102956_1-768x1036.jpg 768w, https:\/\/wandern.minnerop.de\/wp-content\/uploads\/2018\/08\/IMG_20180822_102956_1-1200x1618.jpg 1200w\" sizes=\"auto, (max-width: 759px) 100vw, 759px\" \/><\/a><figcaption id=\"caption-attachment-1820\" class=\"wp-caption-text\">Benpacker La Macchina mit universeller Handyhalterung, Flaschenhalter und Ladeger\u00e4t<\/figcaption><\/figure>\n<p>&nbsp;<\/p>\n","protected":false},"excerpt":{"rendered":"<p>Audiotagebuch zum anh\u00f6ren 2018-08-22_43530561_01-08-bei-sedone-sannazzaro-de-burgondi-22-08-18_export GPX Datei von Zerbolo nach Sannazzaro de Burgondi zum runterladen Schon um 7:15 Uhr ging es los von der geschlossenen Jugendherberge. Es sollte wieder ein superhei\u00dfer Tag werden, in einer nicht enden wollenden Hitzeperiode. Auch mit den M\u00fccken war wieder in versch\u00e4rften Mengen zu rechnen. Das ist ein wirkliches \u00dcbel. Eigentlich [&hellip;]<\/p>\n","protected":false},"author":1,"featured_media":0,"comment_status":"open","ping_status":"open","sticky":false,"template":"","format":"standard","meta":{"footnotes":""},"categories":[2],"tags":[],"class_list":["post-1814","post","type-post","status-publish","format-standard","hentry","category-fernwanderweg-e1"],"_links":{"self":[{"href":"https:\/\/wandern.minnerop.de\/index.php?rest_route=\/wp\/v2\/posts\/1814","targetHints":{"allow":["GET"]}}],"collection":[{"href":"https:\/\/wandern.minnerop.de\/index.php?rest_route=\/wp\/v2\/posts"}],"about":[{"href":"https:\/\/wandern.minnerop.de\/index.php?rest_route=\/wp\/v2\/types\/post"}],"author":[{"embeddable":true,"href":"https:\/\/wandern.minnerop.de\/index.php?rest_route=\/wp\/v2\/users\/1"}],"replies":[{"embeddable":true,"href":"https:\/\/wandern.minnerop.de\/index.php?rest_route=%2Fwp%2Fv2%2Fcomments&post=1814"}],"version-history":[{"count":1,"href":"https:\/\/wandern.minnerop.de\/index.php?rest_route=\/wp\/v2\/posts\/1814\/revisions"}],"predecessor-version":[{"id":1821,"href":"https:\/\/wandern.minnerop.de\/index.php?rest_route=\/wp\/v2\/posts\/1814\/revisions\/1821"}],"wp:attachment":[{"href":"https:\/\/wandern.minnerop.de\/index.php?rest_route=%2Fwp%2Fv2%2Fmedia&parent=1814"}],"wp:term":[{"taxonomy":"category","embeddable":true,"href":"https:\/\/wandern.minnerop.de\/index.php?rest_route=%2Fwp%2Fv2%2Fcategories&post=1814"},{"taxonomy":"post_tag","embeddable":true,"href":"https:\/\/wandern.minnerop.de\/index.php?rest_route=%2Fwp%2Fv2%2Ftags&post=1814"}],"curies":[{"name":"wp","href":"https:\/\/api.w.org\/{rel}","templated":true}]}}