{"id":1822,"date":"2018-08-23T17:31:31","date_gmt":"2018-08-23T15:31:31","guid":{"rendered":"http:\/\/wandern.minnerop.de\/?p=1822"},"modified":"2018-08-23T17:32:33","modified_gmt":"2018-08-23T15:32:33","slug":"tag-115-auf-dem-e1-von-sannazzaro-d-b-nach-castelnuovo-scriva","status":"publish","type":"post","link":"https:\/\/wandern.minnerop.de\/?p=1822","title":{"rendered":"Tag 115 auf dem E1 von Sannazzaro d.B. nach Castelnuovo Scrivia"},"content":{"rendered":"<audio class=\"wp-audio-shortcode\" id=\"audio-1822-1\" preload=\"none\" style=\"width: 100%;\" controls=\"controls\"><source type=\"audio\/mpeg\" src=\"http:\/\/wandern.minnerop.de\/wp-content\/uploads\/2018\/08\/2018_08_23_07_34_12.mp3?_=1\" \/><a href=\"http:\/\/wandern.minnerop.de\/wp-content\/uploads\/2018\/08\/2018_08_23_07_34_12.mp3\">http:\/\/wandern.minnerop.de\/wp-content\/uploads\/2018\/08\/2018_08_23_07_34_12.mp3<\/a><\/audio>\n<p>Audiotagebuch zum anh\u00f6ren<\/p>\n<p><a href=\"http:\/\/wandern.minnerop.de\/wp-content\/uploads\/2018\/08\/2018-08-23_43658929_02-01-sannazzaro-de-burgondi-tortona-castelnuovo-23-08-18_export.gpx\">2018-08-23_43658929_02-01-sannazzaro-de-burgondi-tortona-castelnuovo-23-08-18_export<\/a><\/p>\n<p>GPX Datei von Sannazzaro d.B. nach Castelnuovo Scrivia zum runterladen<\/p>\n<p>Morgens gegen 7:30 Uhr zogen wir nach einem sehr schlechten Fr\u00fchst\u00fcck aus dem Hotel Eridano ab. Es gab italienisches Fr\u00fchst\u00fcck, also nur S\u00fc\u00dfes. Der angebotene Kuchen, Birne mit Schoko, war uralt und steinhart. Im Eierkorb lag ein einsames zerquetschtes Ei. Neue Eier konnte der Mitarbeiter nicht besorgen. Zus\u00e4tzlich macht dort der Aufzug einen Riesenl\u00e4rm. Jedesmal wenn er runterf\u00e4hrt h\u00f6rt es sich so an, als ob der Aufzug stehengebliebem ist, und nun jemand verzweifelt gegen die W\u00e4nde h\u00e4mmert. Entsetzlich! Mehr als ein lapidares Sorry war der Dame nicht zu entlocken. F\u00fcr uns war das eine sehr kurze Nacht durch diesen L\u00e4rm, und eine schlechte Erinnerung, an ein eigentlich gut ausgestattetes Haus.<\/p>\n<p>Der Tag stand unter dem Motto: On the road again. Es ging den kompletten Tag \u00fcber verschiedene Stra\u00dfen.<\/p>\n<figure id=\"attachment_1825\" aria-describedby=\"caption-attachment-1825\" style=\"width: 840px\" class=\"wp-caption aligncenter\"><a href=\"http:\/\/wandern.minnerop.de\/wp-content\/uploads\/2018\/08\/1535005170188.0c5bee8b-5ffd-4e8a-afb4-c75224d8e825.jpg\"><img loading=\"lazy\" decoding=\"async\" class=\"size-large wp-image-1825\" src=\"http:\/\/wandern.minnerop.de\/wp-content\/uploads\/2018\/08\/1535005170188.0c5bee8b-5ffd-4e8a-afb4-c75224d8e825-1024x576.jpg\" alt=\"\" width=\"840\" height=\"473\" srcset=\"https:\/\/wandern.minnerop.de\/wp-content\/uploads\/2018\/08\/1535005170188.0c5bee8b-5ffd-4e8a-afb4-c75224d8e825-1024x576.jpg 1024w, https:\/\/wandern.minnerop.de\/wp-content\/uploads\/2018\/08\/1535005170188.0c5bee8b-5ffd-4e8a-afb4-c75224d8e825-300x169.jpg 300w, https:\/\/wandern.minnerop.de\/wp-content\/uploads\/2018\/08\/1535005170188.0c5bee8b-5ffd-4e8a-afb4-c75224d8e825-768x432.jpg 768w, https:\/\/wandern.minnerop.de\/wp-content\/uploads\/2018\/08\/1535005170188.0c5bee8b-5ffd-4e8a-afb4-c75224d8e825-1200x675.jpg 1200w, https:\/\/wandern.minnerop.de\/wp-content\/uploads\/2018\/08\/1535005170188.0c5bee8b-5ffd-4e8a-afb4-c75224d8e825.jpg 2016w\" sizes=\"auto, (max-width: 840px) 100vw, 840px\" \/><\/a><figcaption id=\"caption-attachment-1825\" class=\"wp-caption-text\">endlose gerade Landstrassen ohne Seitenstreifen<\/figcaption><\/figure>\n<p><!--more--><\/p>\n<p>Zuerst ging es noch, es gab einen Seitenstreifen. Danach immer direkt auf der Strasse, ohne Seitenstreifen. Sehr gef\u00e4hrlich!<\/p>\n<p>Diese, und die n\u00e4chsten zwei Etappen sind experimentell. Es gibt weder Kennzeichnung, noch einen wirklich ausgearbeiteten Track. Sven, von e1.hiking-europe.eu hat einen Vorschlag gemacht \u00fcber 69km. Hubert hat ihn in drei Etappen aufgeteilt und leicht abgewandelt. Er hat sich mehr im Flachland gehalten und die Bergschleifen herausgenommen. Davon hatten wir genug. \ud83d\ude09<\/p>\n<p>Man ist in dieser Gegend etwas eingeschr\u00e4nkt mit der Wegf\u00fchrung. Es gibt nur eine Br\u00fccke \u00fcber den Po in dieser Gegend. Die n\u00e4chste ist eine Ecke weit weg. Der Weg dorthin, und auch zur n\u00e4chsten Br\u00fccke, kreuzt unendlich viele kleine Wasserkan\u00e4le, die die Felder bew\u00e4ssern. Man wei\u00df nie, wie weit man hier kommt. Es bleiben leider nur die Strassen, oder sehr m\u00fchsame Wegsuche nach \u00dcberg\u00e4ngen \u00fcber die Kan\u00e4le.<\/p>\n<figure id=\"attachment_1826\" aria-describedby=\"caption-attachment-1826\" style=\"width: 576px\" class=\"wp-caption aligncenter\"><a href=\"http:\/\/wandern.minnerop.de\/wp-content\/uploads\/2018\/08\/1535006870955.e6eb90fa-702c-4f47-b990-a162f3957ddf.jpg\"><img loading=\"lazy\" decoding=\"async\" class=\"size-large wp-image-1826\" src=\"http:\/\/wandern.minnerop.de\/wp-content\/uploads\/2018\/08\/1535006870955.e6eb90fa-702c-4f47-b990-a162f3957ddf-576x1024.jpg\" alt=\"\" width=\"576\" height=\"1024\" srcset=\"https:\/\/wandern.minnerop.de\/wp-content\/uploads\/2018\/08\/1535006870955.e6eb90fa-702c-4f47-b990-a162f3957ddf-576x1024.jpg 576w, https:\/\/wandern.minnerop.de\/wp-content\/uploads\/2018\/08\/1535006870955.e6eb90fa-702c-4f47-b990-a162f3957ddf-169x300.jpg 169w, https:\/\/wandern.minnerop.de\/wp-content\/uploads\/2018\/08\/1535006870955.e6eb90fa-702c-4f47-b990-a162f3957ddf-768x1365.jpg 768w, https:\/\/wandern.minnerop.de\/wp-content\/uploads\/2018\/08\/1535006870955.e6eb90fa-702c-4f47-b990-a162f3957ddf.jpg 1134w\" sizes=\"auto, (max-width: 576px) 100vw, 576px\" \/><\/a><figcaption id=\"caption-attachment-1826\" class=\"wp-caption-text\">bauf\u00e4llige Br\u00fccke \u00fcber den Po<\/figcaption><\/figure>\n<p>Nach etwa 5 km Landstrasse kamen wir an diese bauf\u00e4llige Br\u00fccke. Die LKW sind ausgesperrt durch Poller, PKW d\u00fcrfen nur 30 kmh fahren. Dabei rappelt umd schwingt die Br\u00fccke trotzdem bei jedem Auto. \u00dcberall Rost! Oh Mann, vor einer Woche ist in Genua eine Autobahnbr\u00fccke eingest\u00fcrzt. Daran dachten wir, als wir geschwinden Schrittes dieses marode Bauwerk \u00fcberquerten. Ich f\u00fcge noch einen Link zu einem kleinen Video ein.<\/p>\n<p><a href=\"https:\/\/youtu.be\/KCUigTTISLk\" target=\"_blank\" rel=\"noopener\">Marode Br\u00fccke \u00fcber den Po bei Sannazaro de Burgondi<\/a><\/p>\n<figure id=\"attachment_1828\" aria-describedby=\"caption-attachment-1828\" style=\"width: 576px\" class=\"wp-caption aligncenter\"><a href=\"http:\/\/wandern.minnerop.de\/wp-content\/uploads\/2018\/08\/20180823_084943-e1535035648741.jpg\"><img loading=\"lazy\" decoding=\"async\" class=\"size-large wp-image-1828\" src=\"http:\/\/wandern.minnerop.de\/wp-content\/uploads\/2018\/08\/20180823_084943-e1535035648741-576x1024.jpg\" alt=\"\" width=\"576\" height=\"1024\" srcset=\"https:\/\/wandern.minnerop.de\/wp-content\/uploads\/2018\/08\/20180823_084943-e1535035648741-576x1024.jpg 576w, https:\/\/wandern.minnerop.de\/wp-content\/uploads\/2018\/08\/20180823_084943-e1535035648741-169x300.jpg 169w, https:\/\/wandern.minnerop.de\/wp-content\/uploads\/2018\/08\/20180823_084943-e1535035648741-768x1365.jpg 768w, https:\/\/wandern.minnerop.de\/wp-content\/uploads\/2018\/08\/20180823_084943-e1535035648741-1200x2133.jpg 1200w\" sizes=\"auto, (max-width: 576px) 100vw, 576px\" \/><\/a><figcaption id=\"caption-attachment-1828\" class=\"wp-caption-text\">marode Po Br\u00fccke<\/figcaption><\/figure>\n<figure id=\"attachment_1837\" aria-describedby=\"caption-attachment-1837\" style=\"width: 576px\" class=\"wp-caption aligncenter\"><a href=\"http:\/\/wandern.minnerop.de\/wp-content\/uploads\/2018\/08\/20180823_084925-e1535037801726.jpg\"><img loading=\"lazy\" decoding=\"async\" class=\"size-large wp-image-1837\" src=\"http:\/\/wandern.minnerop.de\/wp-content\/uploads\/2018\/08\/20180823_084925-e1535037801726-576x1024.jpg\" alt=\"\" width=\"576\" height=\"1024\" srcset=\"https:\/\/wandern.minnerop.de\/wp-content\/uploads\/2018\/08\/20180823_084925-e1535037801726-576x1024.jpg 576w, https:\/\/wandern.minnerop.de\/wp-content\/uploads\/2018\/08\/20180823_084925-e1535037801726-169x300.jpg 169w, https:\/\/wandern.minnerop.de\/wp-content\/uploads\/2018\/08\/20180823_084925-e1535037801726-768x1365.jpg 768w, https:\/\/wandern.minnerop.de\/wp-content\/uploads\/2018\/08\/20180823_084925-e1535037801726-1200x2133.jpg 1200w\" sizes=\"auto, (max-width: 576px) 100vw, 576px\" \/><\/a><figcaption id=\"caption-attachment-1837\" class=\"wp-caption-text\">Br\u00fccke \u00fcber den Po<\/figcaption><\/figure>\n<p>Der Po selbst ist hier mehrere hundert Meter breit. Ein Hauptarm und mehrere Nebenarme. Aber kaum noch Wasser drin.<\/p>\n<figure id=\"attachment_1829\" aria-describedby=\"caption-attachment-1829\" style=\"width: 840px\" class=\"wp-caption aligncenter\"><a href=\"http:\/\/wandern.minnerop.de\/wp-content\/uploads\/2018\/08\/1535007010297.a47143c8-0501-40d4-b007-6c7feb7003c0.jpg\"><img loading=\"lazy\" decoding=\"async\" class=\"size-large wp-image-1829\" src=\"http:\/\/wandern.minnerop.de\/wp-content\/uploads\/2018\/08\/1535007010297.a47143c8-0501-40d4-b007-6c7feb7003c0-1024x576.jpg\" alt=\"\" width=\"840\" height=\"473\" srcset=\"https:\/\/wandern.minnerop.de\/wp-content\/uploads\/2018\/08\/1535007010297.a47143c8-0501-40d4-b007-6c7feb7003c0-1024x576.jpg 1024w, https:\/\/wandern.minnerop.de\/wp-content\/uploads\/2018\/08\/1535007010297.a47143c8-0501-40d4-b007-6c7feb7003c0-300x169.jpg 300w, https:\/\/wandern.minnerop.de\/wp-content\/uploads\/2018\/08\/1535007010297.a47143c8-0501-40d4-b007-6c7feb7003c0-768x432.jpg 768w, https:\/\/wandern.minnerop.de\/wp-content\/uploads\/2018\/08\/1535007010297.a47143c8-0501-40d4-b007-6c7feb7003c0-1200x675.jpg 1200w, https:\/\/wandern.minnerop.de\/wp-content\/uploads\/2018\/08\/1535007010297.a47143c8-0501-40d4-b007-6c7feb7003c0.jpg 2016w\" sizes=\"auto, (max-width: 840px) 100vw, 840px\" \/><\/a><figcaption id=\"caption-attachment-1829\" class=\"wp-caption-text\">Der Po bei Sannazaro de Burgondi<\/figcaption><\/figure>\n<figure id=\"attachment_1830\" aria-describedby=\"caption-attachment-1830\" style=\"width: 840px\" class=\"wp-caption aligncenter\"><a href=\"http:\/\/wandern.minnerop.de\/wp-content\/uploads\/2018\/08\/20180823_085427.jpg\"><img loading=\"lazy\" decoding=\"async\" class=\"size-large wp-image-1830\" src=\"http:\/\/wandern.minnerop.de\/wp-content\/uploads\/2018\/08\/20180823_085427-1024x576.jpg\" alt=\"\" width=\"840\" height=\"473\" srcset=\"https:\/\/wandern.minnerop.de\/wp-content\/uploads\/2018\/08\/20180823_085427-1024x576.jpg 1024w, https:\/\/wandern.minnerop.de\/wp-content\/uploads\/2018\/08\/20180823_085427-300x169.jpg 300w, https:\/\/wandern.minnerop.de\/wp-content\/uploads\/2018\/08\/20180823_085427-768x432.jpg 768w, https:\/\/wandern.minnerop.de\/wp-content\/uploads\/2018\/08\/20180823_085427-1200x675.jpg 1200w\" sizes=\"auto, (max-width: 840px) 100vw, 840px\" \/><\/a><figcaption id=\"caption-attachment-1830\" class=\"wp-caption-text\">Der Po<\/figcaption><\/figure>\n<p>Weiter auf der Landstrasse. Langsam wird es warm und w\u00e4rmer. Um 9:30 Uhr Pause auf einem schattigen Spielplatz in Cornale e Bastida. Es ging dann weiter durch den Ort, der einer Geisterstadt gleicht. Eine Fabrik mit eingeworfenen Fenstern verf\u00e4llt leise vor sich hin. Viele H\u00e4user im Ort auch. Viele H\u00e4user haben Schilder, zu verkaufen, zu vermieten. Die restlichen H\u00e4user gammeln. Und das sieht nicht nur hier so aus. Die meisten Orte in dieser Gegend sehen so, oder so \u00e4hnlich aus. Eine Region im freien Fall in den Abgrund. Es erinnert ein wenig an die heruntergekommenen D\u00f6rfer on Polen.<\/p>\n<figure id=\"attachment_1831\" aria-describedby=\"caption-attachment-1831\" style=\"width: 840px\" class=\"wp-caption aligncenter\"><a href=\"http:\/\/wandern.minnerop.de\/wp-content\/uploads\/2018\/08\/20180823_100404.jpg\"><img loading=\"lazy\" decoding=\"async\" class=\"size-large wp-image-1831\" src=\"http:\/\/wandern.minnerop.de\/wp-content\/uploads\/2018\/08\/20180823_100404-1024x576.jpg\" alt=\"\" width=\"840\" height=\"473\" srcset=\"https:\/\/wandern.minnerop.de\/wp-content\/uploads\/2018\/08\/20180823_100404-1024x576.jpg 1024w, https:\/\/wandern.minnerop.de\/wp-content\/uploads\/2018\/08\/20180823_100404-300x169.jpg 300w, https:\/\/wandern.minnerop.de\/wp-content\/uploads\/2018\/08\/20180823_100404-768x432.jpg 768w, https:\/\/wandern.minnerop.de\/wp-content\/uploads\/2018\/08\/20180823_100404-1200x675.jpg 1200w\" sizes=\"auto, (max-width: 840px) 100vw, 840px\" \/><\/a><figcaption id=\"caption-attachment-1831\" class=\"wp-caption-text\">verfallene Fabrik<\/figcaption><\/figure>\n<figure id=\"attachment_1832\" aria-describedby=\"caption-attachment-1832\" style=\"width: 840px\" class=\"wp-caption aligncenter\"><a href=\"http:\/\/wandern.minnerop.de\/wp-content\/uploads\/2018\/08\/20180823_100401.jpg\"><img loading=\"lazy\" decoding=\"async\" class=\"size-large wp-image-1832\" src=\"http:\/\/wandern.minnerop.de\/wp-content\/uploads\/2018\/08\/20180823_100401-1024x576.jpg\" alt=\"\" width=\"840\" height=\"473\" srcset=\"https:\/\/wandern.minnerop.de\/wp-content\/uploads\/2018\/08\/20180823_100401-1024x576.jpg 1024w, https:\/\/wandern.minnerop.de\/wp-content\/uploads\/2018\/08\/20180823_100401-300x169.jpg 300w, https:\/\/wandern.minnerop.de\/wp-content\/uploads\/2018\/08\/20180823_100401-768x432.jpg 768w, https:\/\/wandern.minnerop.de\/wp-content\/uploads\/2018\/08\/20180823_100401-1200x675.jpg 1200w\" sizes=\"auto, (max-width: 840px) 100vw, 840px\" \/><\/a><figcaption id=\"caption-attachment-1832\" class=\"wp-caption-text\">auch die D\u00f6rfer verfallen<\/figcaption><\/figure>\n<p><a href=\"http:\/\/wandern.minnerop.de\/wp-content\/uploads\/2018\/08\/1535013732125.272659d3-75de-4995-9449-1f9fcaaa29f5.jpg\"><img loading=\"lazy\" decoding=\"async\" class=\"aligncenter size-large wp-image-1833\" src=\"http:\/\/wandern.minnerop.de\/wp-content\/uploads\/2018\/08\/1535013732125.272659d3-75de-4995-9449-1f9fcaaa29f5-1024x576.jpg\" alt=\"\" width=\"840\" height=\"473\" srcset=\"https:\/\/wandern.minnerop.de\/wp-content\/uploads\/2018\/08\/1535013732125.272659d3-75de-4995-9449-1f9fcaaa29f5-1024x576.jpg 1024w, https:\/\/wandern.minnerop.de\/wp-content\/uploads\/2018\/08\/1535013732125.272659d3-75de-4995-9449-1f9fcaaa29f5-300x169.jpg 300w, https:\/\/wandern.minnerop.de\/wp-content\/uploads\/2018\/08\/1535013732125.272659d3-75de-4995-9449-1f9fcaaa29f5-768x432.jpg 768w, https:\/\/wandern.minnerop.de\/wp-content\/uploads\/2018\/08\/1535013732125.272659d3-75de-4995-9449-1f9fcaaa29f5-1200x675.jpg 1200w, https:\/\/wandern.minnerop.de\/wp-content\/uploads\/2018\/08\/1535013732125.272659d3-75de-4995-9449-1f9fcaaa29f5.jpg 2016w\" sizes=\"auto, (max-width: 840px) 100vw, 840px\" \/><\/a><\/p>\n<p>Weiter auf der Strasse durch den n\u00e4chsten Ort, Alzano Scrivia. (Scrivia ist ein Fluss) Auch hier ein trauriges Bild. Wenigstens die M\u00fccken plagen uns nicht mehr, wir verlassen die Region der Kan\u00e4le und T\u00fcmpel. Links von uns im Dunst, wie auch schon gestern, die Berge. Der Apennin?<\/p>\n<p>Um 12 Uhr laufen wir im Zielort Castelnuovo Scrivia ein. Zuerst wieder das gleiche Bild. Eine verlassene Hauptstrasse, viele H\u00e4user brauchen Putz und Farbe und mehr.<\/p>\n<figure id=\"attachment_1834\" aria-describedby=\"caption-attachment-1834\" style=\"width: 840px\" class=\"wp-caption aligncenter\"><a href=\"http:\/\/wandern.minnerop.de\/wp-content\/uploads\/2018\/08\/1535018320344.cc1aef1b-cd18-4849-a38d-fb0e19720dd1.jpg\"><img loading=\"lazy\" decoding=\"async\" class=\"size-large wp-image-1834\" src=\"http:\/\/wandern.minnerop.de\/wp-content\/uploads\/2018\/08\/1535018320344.cc1aef1b-cd18-4849-a38d-fb0e19720dd1-1024x576.jpg\" alt=\"\" width=\"840\" height=\"473\" srcset=\"https:\/\/wandern.minnerop.de\/wp-content\/uploads\/2018\/08\/1535018320344.cc1aef1b-cd18-4849-a38d-fb0e19720dd1-1024x576.jpg 1024w, https:\/\/wandern.minnerop.de\/wp-content\/uploads\/2018\/08\/1535018320344.cc1aef1b-cd18-4849-a38d-fb0e19720dd1-300x169.jpg 300w, https:\/\/wandern.minnerop.de\/wp-content\/uploads\/2018\/08\/1535018320344.cc1aef1b-cd18-4849-a38d-fb0e19720dd1-768x432.jpg 768w, https:\/\/wandern.minnerop.de\/wp-content\/uploads\/2018\/08\/1535018320344.cc1aef1b-cd18-4849-a38d-fb0e19720dd1-1200x675.jpg 1200w, https:\/\/wandern.minnerop.de\/wp-content\/uploads\/2018\/08\/1535018320344.cc1aef1b-cd18-4849-a38d-fb0e19720dd1.jpg 2016w\" sizes=\"auto, (max-width: 840px) 100vw, 840px\" \/><\/a><figcaption id=\"caption-attachment-1834\" class=\"wp-caption-text\">Ortseingang Castelnuovo Scrivia<\/figcaption><\/figure>\n<figure id=\"attachment_1835\" aria-describedby=\"caption-attachment-1835\" style=\"width: 840px\" class=\"wp-caption aligncenter\"><a href=\"http:\/\/wandern.minnerop.de\/wp-content\/uploads\/2018\/08\/1535018517421.7fbcf1fd-758c-46a3-b21f-7efc513b1033.jpg\"><img loading=\"lazy\" decoding=\"async\" class=\"size-large wp-image-1835\" src=\"http:\/\/wandern.minnerop.de\/wp-content\/uploads\/2018\/08\/1535018517421.7fbcf1fd-758c-46a3-b21f-7efc513b1033-1024x576.jpg\" alt=\"\" width=\"840\" height=\"473\" srcset=\"https:\/\/wandern.minnerop.de\/wp-content\/uploads\/2018\/08\/1535018517421.7fbcf1fd-758c-46a3-b21f-7efc513b1033-1024x576.jpg 1024w, https:\/\/wandern.minnerop.de\/wp-content\/uploads\/2018\/08\/1535018517421.7fbcf1fd-758c-46a3-b21f-7efc513b1033-300x169.jpg 300w, https:\/\/wandern.minnerop.de\/wp-content\/uploads\/2018\/08\/1535018517421.7fbcf1fd-758c-46a3-b21f-7efc513b1033-768x432.jpg 768w, https:\/\/wandern.minnerop.de\/wp-content\/uploads\/2018\/08\/1535018517421.7fbcf1fd-758c-46a3-b21f-7efc513b1033-1200x675.jpg 1200w, https:\/\/wandern.minnerop.de\/wp-content\/uploads\/2018\/08\/1535018517421.7fbcf1fd-758c-46a3-b21f-7efc513b1033.jpg 2016w\" sizes=\"auto, (max-width: 840px) 100vw, 840px\" \/><\/a><figcaption id=\"caption-attachment-1835\" class=\"wp-caption-text\">Castelnuovo Scrivia<\/figcaption><\/figure>\n<p>Sp\u00e4ter kamen wir ins Zentrum, dort sah alles besser aus. Im Zentrum war Wochenmarkt. Im Supermarkt kauften wir noch ein, eine kleine Pause, und dann ging es weiter, auf die andere Seite des Ortes. Hier liegt unser Motel an der Autobahn A7.<\/p>\n<figure id=\"attachment_1836\" aria-describedby=\"caption-attachment-1836\" style=\"width: 840px\" class=\"wp-caption aligncenter\"><a href=\"http:\/\/wandern.minnerop.de\/wp-content\/uploads\/2018\/08\/1535018949644.25d58792-ce9f-4be4-8d72-f53727f81888.jpg\"><img loading=\"lazy\" decoding=\"async\" class=\"size-large wp-image-1836\" src=\"http:\/\/wandern.minnerop.de\/wp-content\/uploads\/2018\/08\/1535018949644.25d58792-ce9f-4be4-8d72-f53727f81888-1024x576.jpg\" alt=\"\" width=\"840\" height=\"473\" srcset=\"https:\/\/wandern.minnerop.de\/wp-content\/uploads\/2018\/08\/1535018949644.25d58792-ce9f-4be4-8d72-f53727f81888-1024x576.jpg 1024w, https:\/\/wandern.minnerop.de\/wp-content\/uploads\/2018\/08\/1535018949644.25d58792-ce9f-4be4-8d72-f53727f81888-300x169.jpg 300w, https:\/\/wandern.minnerop.de\/wp-content\/uploads\/2018\/08\/1535018949644.25d58792-ce9f-4be4-8d72-f53727f81888-768x432.jpg 768w, https:\/\/wandern.minnerop.de\/wp-content\/uploads\/2018\/08\/1535018949644.25d58792-ce9f-4be4-8d72-f53727f81888-1200x675.jpg 1200w, https:\/\/wandern.minnerop.de\/wp-content\/uploads\/2018\/08\/1535018949644.25d58792-ce9f-4be4-8d72-f53727f81888.jpg 2016w\" sizes=\"auto, (max-width: 840px) 100vw, 840px\" \/><\/a><figcaption id=\"caption-attachment-1836\" class=\"wp-caption-text\">Wochenmarkt in Castelnuovo Scrivia<\/figcaption><\/figure>\n<p>&nbsp;<\/p>\n","protected":false},"excerpt":{"rendered":"<p>Audiotagebuch zum anh\u00f6ren 2018-08-23_43658929_02-01-sannazzaro-de-burgondi-tortona-castelnuovo-23-08-18_export GPX Datei von Sannazzaro d.B. nach Castelnuovo Scrivia zum runterladen Morgens gegen 7:30 Uhr zogen wir nach einem sehr schlechten Fr\u00fchst\u00fcck aus dem Hotel Eridano ab. Es gab italienisches Fr\u00fchst\u00fcck, also nur S\u00fc\u00dfes. Der angebotene Kuchen, Birne mit Schoko, war uralt und steinhart. Im Eierkorb lag ein einsames zerquetschtes Ei. Neue [&hellip;]<\/p>\n","protected":false},"author":1,"featured_media":0,"comment_status":"open","ping_status":"open","sticky":false,"template":"","format":"standard","meta":{"footnotes":""},"categories":[2],"tags":[],"class_list":["post-1822","post","type-post","status-publish","format-standard","hentry","category-fernwanderweg-e1"],"_links":{"self":[{"href":"https:\/\/wandern.minnerop.de\/index.php?rest_route=\/wp\/v2\/posts\/1822","targetHints":{"allow":["GET"]}}],"collection":[{"href":"https:\/\/wandern.minnerop.de\/index.php?rest_route=\/wp\/v2\/posts"}],"about":[{"href":"https:\/\/wandern.minnerop.de\/index.php?rest_route=\/wp\/v2\/types\/post"}],"author":[{"embeddable":true,"href":"https:\/\/wandern.minnerop.de\/index.php?rest_route=\/wp\/v2\/users\/1"}],"replies":[{"embeddable":true,"href":"https:\/\/wandern.minnerop.de\/index.php?rest_route=%2Fwp%2Fv2%2Fcomments&post=1822"}],"version-history":[{"count":3,"href":"https:\/\/wandern.minnerop.de\/index.php?rest_route=\/wp\/v2\/posts\/1822\/revisions"}],"predecessor-version":[{"id":1839,"href":"https:\/\/wandern.minnerop.de\/index.php?rest_route=\/wp\/v2\/posts\/1822\/revisions\/1839"}],"wp:attachment":[{"href":"https:\/\/wandern.minnerop.de\/index.php?rest_route=%2Fwp%2Fv2%2Fmedia&parent=1822"}],"wp:term":[{"taxonomy":"category","embeddable":true,"href":"https:\/\/wandern.minnerop.de\/index.php?rest_route=%2Fwp%2Fv2%2Fcategories&post=1822"},{"taxonomy":"post_tag","embeddable":true,"href":"https:\/\/wandern.minnerop.de\/index.php?rest_route=%2Fwp%2Fv2%2Ftags&post=1822"}],"curies":[{"name":"wp","href":"https:\/\/api.w.org\/{rel}","templated":true}]}}