{"id":1840,"date":"2018-08-24T20:22:18","date_gmt":"2018-08-24T18:22:18","guid":{"rendered":"http:\/\/wandern.minnerop.de\/?p=1840"},"modified":"2018-08-24T20:22:18","modified_gmt":"2018-08-24T18:22:18","slug":"tag-116-auf-dem-e1-von-castelnuovo-scrivia-nach-spineto-scrivia-24-08-18","status":"publish","type":"post","link":"https:\/\/wandern.minnerop.de\/?p=1840","title":{"rendered":"Tag 116 auf dem E1 von Castelnuovo Scrivia nach Spineto Scrivia, 24.08.18"},"content":{"rendered":"<audio class=\"wp-audio-shortcode\" id=\"audio-1840-1\" preload=\"none\" style=\"width: 100%;\" controls=\"controls\"><source type=\"audio\/mpeg\" src=\"http:\/\/wandern.minnerop.de\/wp-content\/uploads\/2018\/08\/2018_08_24_07_41_30.mp3?_=1\" \/><a href=\"http:\/\/wandern.minnerop.de\/wp-content\/uploads\/2018\/08\/2018_08_24_07_41_30.mp3\">http:\/\/wandern.minnerop.de\/wp-content\/uploads\/2018\/08\/2018_08_24_07_41_30.mp3<\/a><\/audio>\n<p>Audiotagebuch zum anh\u00f6ren<\/p>\n<p><a href=\"http:\/\/wandern.minnerop.de\/wp-content\/uploads\/2018\/08\/2018-08-24_43774793_02-02-castelnuova-scrivia-spineto-scrivia-24-08-18_export.gpx\">2018-08-24_43774793_02-02-castelnuova-scrivia-spineto-scrivia-24-08-18_export<\/a><\/p>\n<p>GPX Datei von Castelnuovo Scrivia nach Spineto Scrivia zum runterladen<\/p>\n<p>Nochmal zur Erkl\u00e4rung dieser komischen Ortsnamen, Scrivia ist ein Fluss, der den ganzen Orten den Namen gibt. Er ist im Moment trocken, aber im Prinzip wandern wir immer in seiner N\u00e4he. Auch diese Tour ist wieder ein experimenteller Track, Erkl\u00e4rung siehe Vortag und Audiotagebuch.<\/p>\n<p>Morgens waren wir schon um kurz nach 7:30 Uhr unterwegs vom Motel Autosole Vip. Alles gro\u00df und gro\u00dfz\u00fcgig, leckere Sachen in der Snackbar, aber irgendwie ein Hauch von Puff. Nebenan ist ein LKW Parkplatz. Ansonsten aber eine gute Unterbringung!<\/p>\n<figure id=\"attachment_1843\" aria-describedby=\"caption-attachment-1843\" style=\"width: 840px\" class=\"wp-caption aligncenter\"><a href=\"http:\/\/wandern.minnerop.de\/wp-content\/uploads\/2018\/08\/1535089631486.3a668d49-f888-41c1-9943-1f099f90eaeb.jpg\"><img loading=\"lazy\" decoding=\"async\" class=\"size-large wp-image-1843\" src=\"http:\/\/wandern.minnerop.de\/wp-content\/uploads\/2018\/08\/1535089631486.3a668d49-f888-41c1-9943-1f099f90eaeb-1024x576.jpg\" alt=\"\" width=\"840\" height=\"473\" srcset=\"https:\/\/wandern.minnerop.de\/wp-content\/uploads\/2018\/08\/1535089631486.3a668d49-f888-41c1-9943-1f099f90eaeb-1024x576.jpg 1024w, https:\/\/wandern.minnerop.de\/wp-content\/uploads\/2018\/08\/1535089631486.3a668d49-f888-41c1-9943-1f099f90eaeb-300x169.jpg 300w, https:\/\/wandern.minnerop.de\/wp-content\/uploads\/2018\/08\/1535089631486.3a668d49-f888-41c1-9943-1f099f90eaeb-768x432.jpg 768w, https:\/\/wandern.minnerop.de\/wp-content\/uploads\/2018\/08\/1535089631486.3a668d49-f888-41c1-9943-1f099f90eaeb-1200x675.jpg 1200w, https:\/\/wandern.minnerop.de\/wp-content\/uploads\/2018\/08\/1535089631486.3a668d49-f888-41c1-9943-1f099f90eaeb.jpg 2016w\" sizes=\"auto, (max-width: 840px) 100vw, 840px\" \/><\/a><figcaption id=\"caption-attachment-1843\" class=\"wp-caption-text\">Motel Autosole Vip bei Castelnuovo Scrivia<\/figcaption><\/figure>\n<p><!--more--><\/p>\n<p>Zuerst ging es zur\u00fcck in den Ort Castelnuovo Scrivia. Vorbei an einer alten Kapelle mit einem M\u00fchlrad davor.<\/p>\n<figure id=\"attachment_1844\" aria-describedby=\"caption-attachment-1844\" style=\"width: 840px\" class=\"wp-caption aligncenter\"><a href=\"http:\/\/wandern.minnerop.de\/wp-content\/uploads\/2018\/08\/1535089938309.634614d6-bcb3-469c-940f-22c9b755f5cf.jpg\"><img loading=\"lazy\" decoding=\"async\" class=\"size-large wp-image-1844\" src=\"http:\/\/wandern.minnerop.de\/wp-content\/uploads\/2018\/08\/1535089938309.634614d6-bcb3-469c-940f-22c9b755f5cf-1024x576.jpg\" alt=\"\" width=\"840\" height=\"473\" srcset=\"https:\/\/wandern.minnerop.de\/wp-content\/uploads\/2018\/08\/1535089938309.634614d6-bcb3-469c-940f-22c9b755f5cf-1024x576.jpg 1024w, https:\/\/wandern.minnerop.de\/wp-content\/uploads\/2018\/08\/1535089938309.634614d6-bcb3-469c-940f-22c9b755f5cf-300x169.jpg 300w, https:\/\/wandern.minnerop.de\/wp-content\/uploads\/2018\/08\/1535089938309.634614d6-bcb3-469c-940f-22c9b755f5cf-768x432.jpg 768w, https:\/\/wandern.minnerop.de\/wp-content\/uploads\/2018\/08\/1535089938309.634614d6-bcb3-469c-940f-22c9b755f5cf-1200x675.jpg 1200w, https:\/\/wandern.minnerop.de\/wp-content\/uploads\/2018\/08\/1535089938309.634614d6-bcb3-469c-940f-22c9b755f5cf.jpg 2016w\" sizes=\"auto, (max-width: 840px) 100vw, 840px\" \/><\/a><figcaption id=\"caption-attachment-1844\" class=\"wp-caption-text\">M\u00fchlrad vor einer alten Kapelle<\/figcaption><\/figure>\n<p>Dann in den Ort. Gestern war hier Markt, da konnte man die alten Geb\u00e4ude garnicht sehen. Viele der Stra\u00dfen sind ohne Gehweg und ohne jegliches Gr\u00fcn. Fahrradwege gibt es nicht.<\/p>\n<figure id=\"attachment_1845\" aria-describedby=\"caption-attachment-1845\" style=\"width: 840px\" class=\"wp-caption aligncenter\"><a href=\"http:\/\/wandern.minnerop.de\/wp-content\/uploads\/2018\/08\/1535090845452.bbffb6f6-eb9a-45fa-8866-419c9dd9f5a4.jpg\"><img loading=\"lazy\" decoding=\"async\" class=\"size-large wp-image-1845\" src=\"http:\/\/wandern.minnerop.de\/wp-content\/uploads\/2018\/08\/1535090845452.bbffb6f6-eb9a-45fa-8866-419c9dd9f5a4-1024x576.jpg\" alt=\"\" width=\"840\" height=\"473\" srcset=\"https:\/\/wandern.minnerop.de\/wp-content\/uploads\/2018\/08\/1535090845452.bbffb6f6-eb9a-45fa-8866-419c9dd9f5a4-1024x576.jpg 1024w, https:\/\/wandern.minnerop.de\/wp-content\/uploads\/2018\/08\/1535090845452.bbffb6f6-eb9a-45fa-8866-419c9dd9f5a4-300x169.jpg 300w, https:\/\/wandern.minnerop.de\/wp-content\/uploads\/2018\/08\/1535090845452.bbffb6f6-eb9a-45fa-8866-419c9dd9f5a4-768x432.jpg 768w, https:\/\/wandern.minnerop.de\/wp-content\/uploads\/2018\/08\/1535090845452.bbffb6f6-eb9a-45fa-8866-419c9dd9f5a4-1200x675.jpg 1200w, https:\/\/wandern.minnerop.de\/wp-content\/uploads\/2018\/08\/1535090845452.bbffb6f6-eb9a-45fa-8866-419c9dd9f5a4.jpg 2016w\" sizes=\"auto, (max-width: 840px) 100vw, 840px\" \/><\/a><figcaption id=\"caption-attachment-1845\" class=\"wp-caption-text\">Castelnuovo Scrivia<\/figcaption><\/figure>\n<figure id=\"attachment_1846\" aria-describedby=\"caption-attachment-1846\" style=\"width: 840px\" class=\"wp-caption aligncenter\"><a href=\"http:\/\/wandern.minnerop.de\/wp-content\/uploads\/2018\/08\/1535091126679.d8cf8766-2759-4100-a072-f8d9a6c41599.jpg\"><img loading=\"lazy\" decoding=\"async\" class=\"size-large wp-image-1846\" src=\"http:\/\/wandern.minnerop.de\/wp-content\/uploads\/2018\/08\/1535091126679.d8cf8766-2759-4100-a072-f8d9a6c41599-1024x576.jpg\" alt=\"\" width=\"840\" height=\"473\" srcset=\"https:\/\/wandern.minnerop.de\/wp-content\/uploads\/2018\/08\/1535091126679.d8cf8766-2759-4100-a072-f8d9a6c41599-1024x576.jpg 1024w, https:\/\/wandern.minnerop.de\/wp-content\/uploads\/2018\/08\/1535091126679.d8cf8766-2759-4100-a072-f8d9a6c41599-300x169.jpg 300w, https:\/\/wandern.minnerop.de\/wp-content\/uploads\/2018\/08\/1535091126679.d8cf8766-2759-4100-a072-f8d9a6c41599-768x432.jpg 768w, https:\/\/wandern.minnerop.de\/wp-content\/uploads\/2018\/08\/1535091126679.d8cf8766-2759-4100-a072-f8d9a6c41599-1200x675.jpg 1200w, https:\/\/wandern.minnerop.de\/wp-content\/uploads\/2018\/08\/1535091126679.d8cf8766-2759-4100-a072-f8d9a6c41599.jpg 2016w\" sizes=\"auto, (max-width: 840px) 100vw, 840px\" \/><\/a><figcaption id=\"caption-attachment-1846\" class=\"wp-caption-text\">Am Marktplatz in Castelnuovo Scrivia<\/figcaption><\/figure>\n<figure id=\"attachment_1847\" aria-describedby=\"caption-attachment-1847\" style=\"width: 840px\" class=\"wp-caption aligncenter\"><a href=\"http:\/\/wandern.minnerop.de\/wp-content\/uploads\/2018\/08\/20180824_081533.jpg\"><img loading=\"lazy\" decoding=\"async\" class=\"size-large wp-image-1847\" src=\"http:\/\/wandern.minnerop.de\/wp-content\/uploads\/2018\/08\/20180824_081533-1024x576.jpg\" alt=\"\" width=\"840\" height=\"473\" srcset=\"https:\/\/wandern.minnerop.de\/wp-content\/uploads\/2018\/08\/20180824_081533-1024x576.jpg 1024w, https:\/\/wandern.minnerop.de\/wp-content\/uploads\/2018\/08\/20180824_081533-300x169.jpg 300w, https:\/\/wandern.minnerop.de\/wp-content\/uploads\/2018\/08\/20180824_081533-768x432.jpg 768w, https:\/\/wandern.minnerop.de\/wp-content\/uploads\/2018\/08\/20180824_081533-1200x675.jpg 1200w\" sizes=\"auto, (max-width: 840px) 100vw, 840px\" \/><\/a><figcaption id=\"caption-attachment-1847\" class=\"wp-caption-text\">Die andere Seite des Marktplatzes in Castelnuovo Scrivia<\/figcaption><\/figure>\n<p>Um kurz nach 9 Uhr kamen wir am Fluss Scrivia an. Leider ist er fast komplett ausgetrocknet. In seinem breiten, total zugewachsenen Bett flie\u00dft nur noch ein kleines Rinnsal im Betonbett. Ebenso der Nebenfluss.<\/p>\n<figure id=\"attachment_1848\" aria-describedby=\"caption-attachment-1848\" style=\"width: 840px\" class=\"wp-caption aligncenter\"><a href=\"http:\/\/wandern.minnerop.de\/wp-content\/uploads\/2018\/08\/1535094775404.c6573e78-9e1f-4987-963d-e79dbc45e7f6.jpg\"><img loading=\"lazy\" decoding=\"async\" class=\"size-large wp-image-1848\" src=\"http:\/\/wandern.minnerop.de\/wp-content\/uploads\/2018\/08\/1535094775404.c6573e78-9e1f-4987-963d-e79dbc45e7f6-1024x576.jpg\" alt=\"\" width=\"840\" height=\"473\" srcset=\"https:\/\/wandern.minnerop.de\/wp-content\/uploads\/2018\/08\/1535094775404.c6573e78-9e1f-4987-963d-e79dbc45e7f6-1024x576.jpg 1024w, https:\/\/wandern.minnerop.de\/wp-content\/uploads\/2018\/08\/1535094775404.c6573e78-9e1f-4987-963d-e79dbc45e7f6-300x169.jpg 300w, https:\/\/wandern.minnerop.de\/wp-content\/uploads\/2018\/08\/1535094775404.c6573e78-9e1f-4987-963d-e79dbc45e7f6-768x432.jpg 768w, https:\/\/wandern.minnerop.de\/wp-content\/uploads\/2018\/08\/1535094775404.c6573e78-9e1f-4987-963d-e79dbc45e7f6-1200x675.jpg 1200w, https:\/\/wandern.minnerop.de\/wp-content\/uploads\/2018\/08\/1535094775404.c6573e78-9e1f-4987-963d-e79dbc45e7f6.jpg 2016w\" sizes=\"auto, (max-width: 840px) 100vw, 840px\" \/><\/a><figcaption id=\"caption-attachment-1848\" class=\"wp-caption-text\">Das Tal des Torente (Fluss, Bach) Scrivia ist zugewachsen und ausgetrocknet<\/figcaption><\/figure>\n<figure id=\"attachment_1849\" aria-describedby=\"caption-attachment-1849\" style=\"width: 840px\" class=\"wp-caption aligncenter\"><a href=\"http:\/\/wandern.minnerop.de\/wp-content\/uploads\/2018\/08\/1535094738293.a53c947d-9ff2-44e9-b9fe-dde166719323.jpg\"><img loading=\"lazy\" decoding=\"async\" class=\"size-large wp-image-1849\" src=\"http:\/\/wandern.minnerop.de\/wp-content\/uploads\/2018\/08\/1535094738293.a53c947d-9ff2-44e9-b9fe-dde166719323-1024x576.jpg\" alt=\"\" width=\"840\" height=\"473\" srcset=\"https:\/\/wandern.minnerop.de\/wp-content\/uploads\/2018\/08\/1535094738293.a53c947d-9ff2-44e9-b9fe-dde166719323-1024x576.jpg 1024w, https:\/\/wandern.minnerop.de\/wp-content\/uploads\/2018\/08\/1535094738293.a53c947d-9ff2-44e9-b9fe-dde166719323-300x169.jpg 300w, https:\/\/wandern.minnerop.de\/wp-content\/uploads\/2018\/08\/1535094738293.a53c947d-9ff2-44e9-b9fe-dde166719323-768x432.jpg 768w, https:\/\/wandern.minnerop.de\/wp-content\/uploads\/2018\/08\/1535094738293.a53c947d-9ff2-44e9-b9fe-dde166719323-1200x675.jpg 1200w, https:\/\/wandern.minnerop.de\/wp-content\/uploads\/2018\/08\/1535094738293.a53c947d-9ff2-44e9-b9fe-dde166719323.jpg 2016w\" sizes=\"auto, (max-width: 840px) 100vw, 840px\" \/><\/a><figcaption id=\"caption-attachment-1849\" class=\"wp-caption-text\">Nebenfluss oder Hochwasserarm des Scrivia<\/figcaption><\/figure>\n<p>Ein paar hundert Meter ging es neben dem ausgetrockneten Fluss her, dann kam die Sensation des Tages! Wir standen pl\u00f6tzlich vor einem uralten Schild mit der Aufschrift E1. Handgemalt. Hat hier vor Jahrzehnten jemand den Weg gekennzeichnet? Die Koordinaten sind im Bild, wenn jemand wissen will wo das ist.<\/p>\n<figure id=\"attachment_1850\" aria-describedby=\"caption-attachment-1850\" style=\"width: 840px\" class=\"wp-caption aligncenter\"><a href=\"http:\/\/wandern.minnerop.de\/wp-content\/uploads\/2018\/08\/20180824_091631.jpg\"><img loading=\"lazy\" decoding=\"async\" class=\"size-large wp-image-1850\" src=\"http:\/\/wandern.minnerop.de\/wp-content\/uploads\/2018\/08\/20180824_091631-1024x576.jpg\" alt=\"\" width=\"840\" height=\"473\" srcset=\"https:\/\/wandern.minnerop.de\/wp-content\/uploads\/2018\/08\/20180824_091631-1024x576.jpg 1024w, https:\/\/wandern.minnerop.de\/wp-content\/uploads\/2018\/08\/20180824_091631-300x169.jpg 300w, https:\/\/wandern.minnerop.de\/wp-content\/uploads\/2018\/08\/20180824_091631-768x432.jpg 768w, https:\/\/wandern.minnerop.de\/wp-content\/uploads\/2018\/08\/20180824_091631-1200x675.jpg 1200w\" sizes=\"auto, (max-width: 840px) 100vw, 840px\" \/><\/a><figcaption id=\"caption-attachment-1850\" class=\"wp-caption-text\">Schild E1 am Fluss Scrivia, total verwittert, aber lesbar<\/figcaption><\/figure>\n<p>Nun waren wir richtig beschwingt und gingen weiter. Endlich von der Stra\u00dfe weg, und vielleicht sogar auf dem echten E1. Die Wahrscheinlichkeit, dass es sich hier um den E1 handelt ist gro\u00df. Denn bereits nach ein paar Metern wurde der Bewuchs dichter, und nach ein paar hundert Metern ging nichts mehr. Brombeerb\u00fcsche so weit das Auge reicht. Alles komplett zugewachsen. Ein h\u00e4ufiges Bild des E1 in Italien. \ud83d\ude41<\/p>\n<figure id=\"attachment_1851\" aria-describedby=\"caption-attachment-1851\" style=\"width: 576px\" class=\"wp-caption aligncenter\"><a href=\"http:\/\/wandern.minnerop.de\/wp-content\/uploads\/2018\/08\/20180824_092114.jpg\"><img loading=\"lazy\" decoding=\"async\" class=\"wp-image-1851 size-large\" src=\"http:\/\/wandern.minnerop.de\/wp-content\/uploads\/2018\/08\/20180824_092114-e1535133210363-576x1024.jpg\" alt=\"\" width=\"576\" height=\"1024\" srcset=\"https:\/\/wandern.minnerop.de\/wp-content\/uploads\/2018\/08\/20180824_092114-e1535133210363-576x1024.jpg 576w, https:\/\/wandern.minnerop.de\/wp-content\/uploads\/2018\/08\/20180824_092114-e1535133210363-169x300.jpg 169w, https:\/\/wandern.minnerop.de\/wp-content\/uploads\/2018\/08\/20180824_092114-e1535133210363-768x1365.jpg 768w, https:\/\/wandern.minnerop.de\/wp-content\/uploads\/2018\/08\/20180824_092114-e1535133210363-1200x2133.jpg 1200w\" sizes=\"auto, (max-width: 576px) 100vw, 576px\" \/><\/a><figcaption id=\"caption-attachment-1851\" class=\"wp-caption-text\">Kurz bevor der Weg komplett zu ist mit dornigen Brombeerb\u00fcschen<\/figcaption><\/figure>\n<p>Also den Weg zur\u00fcck zur Hauptstrasse und dann wieder ein paar Kilometer an der Landstrasse. Ab 11:30 Uhr ging es dann parallel zur Hauptstrasse Richtung Autobahn und drunter durch. Vorher kamen wir noch an einem verfallenen Gutshof vorbei, wo wir ein gem\u00fctliches P\u00e4uschen im Schatten einlegten. Alte Autoreifen dienten uns als Sitze. \ud83d\ude42<\/p>\n<figure id=\"attachment_1855\" aria-describedby=\"caption-attachment-1855\" style=\"width: 840px\" class=\"wp-caption aligncenter\"><a href=\"http:\/\/wandern.minnerop.de\/wp-content\/uploads\/2018\/08\/20180824_110446.jpg\"><img loading=\"lazy\" decoding=\"async\" class=\"size-large wp-image-1855\" src=\"http:\/\/wandern.minnerop.de\/wp-content\/uploads\/2018\/08\/20180824_110446-1024x576.jpg\" alt=\"\" width=\"840\" height=\"473\" srcset=\"https:\/\/wandern.minnerop.de\/wp-content\/uploads\/2018\/08\/20180824_110446-1024x576.jpg 1024w, https:\/\/wandern.minnerop.de\/wp-content\/uploads\/2018\/08\/20180824_110446-300x169.jpg 300w, https:\/\/wandern.minnerop.de\/wp-content\/uploads\/2018\/08\/20180824_110446-768x432.jpg 768w, https:\/\/wandern.minnerop.de\/wp-content\/uploads\/2018\/08\/20180824_110446-1200x675.jpg 1200w\" sizes=\"auto, (max-width: 840px) 100vw, 840px\" \/><\/a><figcaption id=\"caption-attachment-1855\" class=\"wp-caption-text\">Verfallener Gutshof vor Tortona<\/figcaption><\/figure>\n<figure id=\"attachment_1853\" aria-describedby=\"caption-attachment-1853\" style=\"width: 840px\" class=\"wp-caption aligncenter\"><a href=\"http:\/\/wandern.minnerop.de\/wp-content\/uploads\/2018\/08\/20180824_110648.jpg\"><img loading=\"lazy\" decoding=\"async\" class=\"size-large wp-image-1853\" src=\"http:\/\/wandern.minnerop.de\/wp-content\/uploads\/2018\/08\/20180824_110648-1024x576.jpg\" alt=\"\" width=\"840\" height=\"473\" srcset=\"https:\/\/wandern.minnerop.de\/wp-content\/uploads\/2018\/08\/20180824_110648-1024x576.jpg 1024w, https:\/\/wandern.minnerop.de\/wp-content\/uploads\/2018\/08\/20180824_110648-300x169.jpg 300w, https:\/\/wandern.minnerop.de\/wp-content\/uploads\/2018\/08\/20180824_110648-768x432.jpg 768w, https:\/\/wandern.minnerop.de\/wp-content\/uploads\/2018\/08\/20180824_110648-1200x675.jpg 1200w\" sizes=\"auto, (max-width: 840px) 100vw, 840px\" \/><\/a><figcaption id=\"caption-attachment-1853\" class=\"wp-caption-text\">Pause vor Tortona<\/figcaption><\/figure>\n<p>Von hier aus war es nicht mehr sehr weit nach Tortona, einer mittelgro\u00dfen Stadt. Es gab etliche interessante Dinge zu sehen. Da wir auch einkaufen mussten f\u00fcr das bevorstehende Wochenende, wichen wir von Track ab und gingen komplett durch die Stadt. Dabei fiel auch noch ein leckeres Gelato Fragola ab. \ud83d\ude42<\/p>\n<figure id=\"attachment_1854\" aria-describedby=\"caption-attachment-1854\" style=\"width: 840px\" class=\"wp-caption aligncenter\"><a href=\"http:\/\/wandern.minnerop.de\/wp-content\/uploads\/2018\/08\/1535106740001.8f2de2f5-77b1-4708-a264-d2ec909923f1.jpg\"><img loading=\"lazy\" decoding=\"async\" class=\"size-large wp-image-1854\" src=\"http:\/\/wandern.minnerop.de\/wp-content\/uploads\/2018\/08\/1535106740001.8f2de2f5-77b1-4708-a264-d2ec909923f1-1024x576.jpg\" alt=\"\" width=\"840\" height=\"473\" srcset=\"https:\/\/wandern.minnerop.de\/wp-content\/uploads\/2018\/08\/1535106740001.8f2de2f5-77b1-4708-a264-d2ec909923f1-1024x576.jpg 1024w, https:\/\/wandern.minnerop.de\/wp-content\/uploads\/2018\/08\/1535106740001.8f2de2f5-77b1-4708-a264-d2ec909923f1-300x169.jpg 300w, https:\/\/wandern.minnerop.de\/wp-content\/uploads\/2018\/08\/1535106740001.8f2de2f5-77b1-4708-a264-d2ec909923f1-768x432.jpg 768w, https:\/\/wandern.minnerop.de\/wp-content\/uploads\/2018\/08\/1535106740001.8f2de2f5-77b1-4708-a264-d2ec909923f1-1200x675.jpg 1200w, https:\/\/wandern.minnerop.de\/wp-content\/uploads\/2018\/08\/1535106740001.8f2de2f5-77b1-4708-a264-d2ec909923f1.jpg 2016w\" sizes=\"auto, (max-width: 840px) 100vw, 840px\" \/><\/a><figcaption id=\"caption-attachment-1854\" class=\"wp-caption-text\">Platz in Tortona<\/figcaption><\/figure>\n<figure id=\"attachment_1856\" aria-describedby=\"caption-attachment-1856\" style=\"width: 576px\" class=\"wp-caption aligncenter\"><a href=\"http:\/\/wandern.minnerop.de\/wp-content\/uploads\/2018\/08\/20180824_125730-e1535134134826.jpg\"><img loading=\"lazy\" decoding=\"async\" class=\"size-large wp-image-1856\" src=\"http:\/\/wandern.minnerop.de\/wp-content\/uploads\/2018\/08\/20180824_125730-e1535134134826-576x1024.jpg\" alt=\"\" width=\"576\" height=\"1024\" srcset=\"https:\/\/wandern.minnerop.de\/wp-content\/uploads\/2018\/08\/20180824_125730-e1535134134826-576x1024.jpg 576w, https:\/\/wandern.minnerop.de\/wp-content\/uploads\/2018\/08\/20180824_125730-e1535134134826-169x300.jpg 169w, https:\/\/wandern.minnerop.de\/wp-content\/uploads\/2018\/08\/20180824_125730-e1535134134826-768x1365.jpg 768w, https:\/\/wandern.minnerop.de\/wp-content\/uploads\/2018\/08\/20180824_125730-e1535134134826-1200x2133.jpg 1200w\" sizes=\"auto, (max-width: 576px) 100vw, 576px\" \/><\/a><figcaption id=\"caption-attachment-1856\" class=\"wp-caption-text\">Alte Kirche mit goldener Statue auf der Spitze in Tortona<\/figcaption><\/figure>\n<p>Aus Tortona raus ging es ein kurzes St\u00fcck Landstra\u00dfe, dann bog unsere Zielstra\u00dfe links ab. Was wir da noch nicht wussten, wir waren am falschen Ende der Strasse. Unser Ziel, die Villa Carmen, liegt am anderen Ende der Strasse in 3,5 km Entfernung. Also auf der hei\u00dfen Stra\u00dfe, es war schon wieder \u00fcber 30 Grad, durch Spineto Scrivia zum Ziel. Ein netter alter Ort, in dem gerade \u00e8ine Beerdigungszeremonie in der Kirche begann. Hier ging es dann in der hei\u00dfen Sonne auch die erste Steigung seit etlichen Tagen hoch. Die Berge haben uns wieder, oder wir sie?<\/p>\n<figure id=\"attachment_1857\" aria-describedby=\"caption-attachment-1857\" style=\"width: 840px\" class=\"wp-caption aligncenter\"><a href=\"http:\/\/wandern.minnerop.de\/wp-content\/uploads\/2018\/08\/1535113169046.c5d17347-72fc-47a2-bed0-9593b94dad90.jpg\"><img loading=\"lazy\" decoding=\"async\" class=\"size-large wp-image-1857\" src=\"http:\/\/wandern.minnerop.de\/wp-content\/uploads\/2018\/08\/1535113169046.c5d17347-72fc-47a2-bed0-9593b94dad90-1024x576.jpg\" alt=\"\" width=\"840\" height=\"473\" srcset=\"https:\/\/wandern.minnerop.de\/wp-content\/uploads\/2018\/08\/1535113169046.c5d17347-72fc-47a2-bed0-9593b94dad90-1024x576.jpg 1024w, https:\/\/wandern.minnerop.de\/wp-content\/uploads\/2018\/08\/1535113169046.c5d17347-72fc-47a2-bed0-9593b94dad90-300x169.jpg 300w, https:\/\/wandern.minnerop.de\/wp-content\/uploads\/2018\/08\/1535113169046.c5d17347-72fc-47a2-bed0-9593b94dad90-768x432.jpg 768w, https:\/\/wandern.minnerop.de\/wp-content\/uploads\/2018\/08\/1535113169046.c5d17347-72fc-47a2-bed0-9593b94dad90-1200x675.jpg 1200w, https:\/\/wandern.minnerop.de\/wp-content\/uploads\/2018\/08\/1535113169046.c5d17347-72fc-47a2-bed0-9593b94dad90.jpg 2016w\" sizes=\"auto, (max-width: 840px) 100vw, 840px\" \/><\/a><figcaption id=\"caption-attachment-1857\" class=\"wp-caption-text\">Kurz vor Spineto Scrivia, die Berge sind wieder da.<\/figcaption><\/figure>\n<figure id=\"attachment_1858\" aria-describedby=\"caption-attachment-1858\" style=\"width: 576px\" class=\"wp-caption aligncenter\"><a href=\"http:\/\/wandern.minnerop.de\/wp-content\/uploads\/2018\/08\/1535113820342.964eedcf-90d5-4aca-829d-e5422fe762c2.jpg\"><img loading=\"lazy\" decoding=\"async\" class=\"size-large wp-image-1858\" src=\"http:\/\/wandern.minnerop.de\/wp-content\/uploads\/2018\/08\/1535113820342.964eedcf-90d5-4aca-829d-e5422fe762c2-576x1024.jpg\" alt=\"\" width=\"576\" height=\"1024\" srcset=\"https:\/\/wandern.minnerop.de\/wp-content\/uploads\/2018\/08\/1535113820342.964eedcf-90d5-4aca-829d-e5422fe762c2-576x1024.jpg 576w, https:\/\/wandern.minnerop.de\/wp-content\/uploads\/2018\/08\/1535113820342.964eedcf-90d5-4aca-829d-e5422fe762c2-169x300.jpg 169w, https:\/\/wandern.minnerop.de\/wp-content\/uploads\/2018\/08\/1535113820342.964eedcf-90d5-4aca-829d-e5422fe762c2-768x1365.jpg 768w, https:\/\/wandern.minnerop.de\/wp-content\/uploads\/2018\/08\/1535113820342.964eedcf-90d5-4aca-829d-e5422fe762c2.jpg 1134w\" sizes=\"auto, (max-width: 576px) 100vw, 576px\" \/><\/a><figcaption id=\"caption-attachment-1858\" class=\"wp-caption-text\">Altes Festungsgem\u00e4uer gegen\u00fcber der Kirche in Spineto Scrivia<\/figcaption><\/figure>\n<p>Jetzt war es nur noch ein letzter guter Kilometer bis zur Villa Carmen, aber der letzte Kilometer ist bekanntlich immer der l\u00e4ngste.<\/p>\n","protected":false},"excerpt":{"rendered":"<p>Audiotagebuch zum anh\u00f6ren 2018-08-24_43774793_02-02-castelnuova-scrivia-spineto-scrivia-24-08-18_export GPX Datei von Castelnuovo Scrivia nach Spineto Scrivia zum runterladen Nochmal zur Erkl\u00e4rung dieser komischen Ortsnamen, Scrivia ist ein Fluss, der den ganzen Orten den Namen gibt. Er ist im Moment trocken, aber im Prinzip wandern wir immer in seiner N\u00e4he. Auch diese Tour ist wieder ein experimenteller Track, Erkl\u00e4rung siehe [&hellip;]<\/p>\n","protected":false},"author":1,"featured_media":0,"comment_status":"open","ping_status":"open","sticky":false,"template":"","format":"standard","meta":{"footnotes":""},"categories":[2],"tags":[],"class_list":["post-1840","post","type-post","status-publish","format-standard","hentry","category-fernwanderweg-e1"],"_links":{"self":[{"href":"https:\/\/wandern.minnerop.de\/index.php?rest_route=\/wp\/v2\/posts\/1840","targetHints":{"allow":["GET"]}}],"collection":[{"href":"https:\/\/wandern.minnerop.de\/index.php?rest_route=\/wp\/v2\/posts"}],"about":[{"href":"https:\/\/wandern.minnerop.de\/index.php?rest_route=\/wp\/v2\/types\/post"}],"author":[{"embeddable":true,"href":"https:\/\/wandern.minnerop.de\/index.php?rest_route=\/wp\/v2\/users\/1"}],"replies":[{"embeddable":true,"href":"https:\/\/wandern.minnerop.de\/index.php?rest_route=%2Fwp%2Fv2%2Fcomments&post=1840"}],"version-history":[{"count":1,"href":"https:\/\/wandern.minnerop.de\/index.php?rest_route=\/wp\/v2\/posts\/1840\/revisions"}],"predecessor-version":[{"id":1859,"href":"https:\/\/wandern.minnerop.de\/index.php?rest_route=\/wp\/v2\/posts\/1840\/revisions\/1859"}],"wp:attachment":[{"href":"https:\/\/wandern.minnerop.de\/index.php?rest_route=%2Fwp%2Fv2%2Fmedia&parent=1840"}],"wp:term":[{"taxonomy":"category","embeddable":true,"href":"https:\/\/wandern.minnerop.de\/index.php?rest_route=%2Fwp%2Fv2%2Fcategories&post=1840"},{"taxonomy":"post_tag","embeddable":true,"href":"https:\/\/wandern.minnerop.de\/index.php?rest_route=%2Fwp%2Fv2%2Ftags&post=1840"}],"curies":[{"name":"wp","href":"https:\/\/api.w.org\/{rel}","templated":true}]}}