{"id":1860,"date":"2018-08-26T11:03:40","date_gmt":"2018-08-26T09:03:40","guid":{"rendered":"http:\/\/wandern.minnerop.de\/?p=1860"},"modified":"2018-08-26T11:23:03","modified_gmt":"2018-08-26T09:23:03","slug":"tag-117-auf-dem-e1-von-spineto-scrivia-nach-arquate-scrivia-25-08-18","status":"publish","type":"post","link":"https:\/\/wandern.minnerop.de\/?p=1860","title":{"rendered":"Tag 117 auf dem E1 von Spineto Scrivia nach Arquate Scrivia, 25.08.18"},"content":{"rendered":"<p>&nbsp;<\/p>\n<p><a href=\"http:\/\/wandern.minnerop.de\/wp-content\/uploads\/2018\/08\/2018-08-25_43864133_02-03-carbonara-scriva-arquate-scrivia-25-08-18_export.gpx\">2018-08-25_43864133_02-03-carbonara-scriva-arquate-scrivia-25-08-18_export<\/a><\/p>\n<p>GPX Datei von Carbonara Scrivia nach Arquate Scrivia<\/p>\n<p>Audiotagebuch muss ich nachliefern, WLAN zu schlecht.<\/p>\n<p>Kurz nach halb acht ging es los von der Villa Carmen. Alte Villa, alles prima! Der Himmel war sehr bedeckt umd es war endlich mal nicht so entsetzlich hei\u00df. Kaum waren wir los, \u00f6ffnete der Himmel seine Schleusen. Eine Gartenh\u00fctte am Wege gab uns Gelegenheit uns auf Regenbetrieb umzur\u00fcsten.<\/p>\n<p>Im Regen und Gewitter ging es dann durch Wald und Feld, sch\u00f6n zu laufen, bis wir gegen halb neun in Castellar Ponzano ankamen. Ein kleiner Ort mit einer etwas gro\u00df geratenen Kirche mit einer Kuppel nach Art des Domes in Florenz. Hier h\u00f6rte der Regen auf.<\/p>\n<figure id=\"attachment_1862\" aria-describedby=\"caption-attachment-1862\" style=\"width: 840px\" class=\"wp-caption aligncenter\"><a href=\"http:\/\/wandern.minnerop.de\/wp-content\/uploads\/2018\/08\/1535178510238.b65cf9f6-fed3-454e-a83a-afa34150abfc.jpg\"><img loading=\"lazy\" decoding=\"async\" class=\"size-large wp-image-1862\" src=\"http:\/\/wandern.minnerop.de\/wp-content\/uploads\/2018\/08\/1535178510238.b65cf9f6-fed3-454e-a83a-afa34150abfc-1024x576.jpg\" alt=\"\" width=\"840\" height=\"473\" srcset=\"https:\/\/wandern.minnerop.de\/wp-content\/uploads\/2018\/08\/1535178510238.b65cf9f6-fed3-454e-a83a-afa34150abfc-1024x576.jpg 1024w, https:\/\/wandern.minnerop.de\/wp-content\/uploads\/2018\/08\/1535178510238.b65cf9f6-fed3-454e-a83a-afa34150abfc-300x169.jpg 300w, https:\/\/wandern.minnerop.de\/wp-content\/uploads\/2018\/08\/1535178510238.b65cf9f6-fed3-454e-a83a-afa34150abfc-768x432.jpg 768w, https:\/\/wandern.minnerop.de\/wp-content\/uploads\/2018\/08\/1535178510238.b65cf9f6-fed3-454e-a83a-afa34150abfc-1200x675.jpg 1200w, https:\/\/wandern.minnerop.de\/wp-content\/uploads\/2018\/08\/1535178510238.b65cf9f6-fed3-454e-a83a-afa34150abfc.jpg 2016w\" sizes=\"auto, (max-width: 840px) 100vw, 840px\" \/><\/a><figcaption id=\"caption-attachment-1862\" class=\"wp-caption-text\">Castellar Ponzano, &#8222;Dom&#8220; im Hintergrund<\/figcaption><\/figure>\n<p><!--more--><\/p>\n<figure id=\"attachment_1863\" aria-describedby=\"caption-attachment-1863\" style=\"width: 576px\" class=\"wp-caption aligncenter\"><a href=\"http:\/\/wandern.minnerop.de\/wp-content\/uploads\/2018\/08\/1535178634738.bfebfb86-016a-4ff9-b623-672252370919.jpg\"><img loading=\"lazy\" decoding=\"async\" class=\"size-large wp-image-1863\" src=\"http:\/\/wandern.minnerop.de\/wp-content\/uploads\/2018\/08\/1535178634738.bfebfb86-016a-4ff9-b623-672252370919-576x1024.jpg\" alt=\"\" width=\"576\" height=\"1024\" srcset=\"https:\/\/wandern.minnerop.de\/wp-content\/uploads\/2018\/08\/1535178634738.bfebfb86-016a-4ff9-b623-672252370919-576x1024.jpg 576w, https:\/\/wandern.minnerop.de\/wp-content\/uploads\/2018\/08\/1535178634738.bfebfb86-016a-4ff9-b623-672252370919-169x300.jpg 169w, https:\/\/wandern.minnerop.de\/wp-content\/uploads\/2018\/08\/1535178634738.bfebfb86-016a-4ff9-b623-672252370919-768x1365.jpg 768w, https:\/\/wandern.minnerop.de\/wp-content\/uploads\/2018\/08\/1535178634738.bfebfb86-016a-4ff9-b623-672252370919.jpg 1134w\" sizes=\"auto, (max-width: 576px) 100vw, 576px\" \/><\/a><figcaption id=\"caption-attachment-1863\" class=\"wp-caption-text\">Castellar Ponzano<\/figcaption><\/figure>\n<p>Von dort ging es an den Fluss Scrivia. Gut begehbare Wege, aber der Fluss so gut wie wie leer. Er flie\u00dft durch ein breites Tal, was wie eine Savanne aussieht.<\/p>\n<figure id=\"attachment_1864\" aria-describedby=\"caption-attachment-1864\" style=\"width: 840px\" class=\"wp-caption aligncenter\"><a href=\"http:\/\/wandern.minnerop.de\/wp-content\/uploads\/2018\/08\/1535181335864.22300bd8-be7e-46e3-af27-c7c748a18171-1.jpg\"><img loading=\"lazy\" decoding=\"async\" class=\"size-large wp-image-1864\" src=\"http:\/\/wandern.minnerop.de\/wp-content\/uploads\/2018\/08\/1535181335864.22300bd8-be7e-46e3-af27-c7c748a18171-1-1024x576.jpg\" alt=\"\" width=\"840\" height=\"473\" srcset=\"https:\/\/wandern.minnerop.de\/wp-content\/uploads\/2018\/08\/1535181335864.22300bd8-be7e-46e3-af27-c7c748a18171-1-1024x576.jpg 1024w, https:\/\/wandern.minnerop.de\/wp-content\/uploads\/2018\/08\/1535181335864.22300bd8-be7e-46e3-af27-c7c748a18171-1-300x169.jpg 300w, https:\/\/wandern.minnerop.de\/wp-content\/uploads\/2018\/08\/1535181335864.22300bd8-be7e-46e3-af27-c7c748a18171-1-768x432.jpg 768w, https:\/\/wandern.minnerop.de\/wp-content\/uploads\/2018\/08\/1535181335864.22300bd8-be7e-46e3-af27-c7c748a18171-1-1200x675.jpg 1200w, https:\/\/wandern.minnerop.de\/wp-content\/uploads\/2018\/08\/1535181335864.22300bd8-be7e-46e3-af27-c7c748a18171-1.jpg 2016w\" sizes=\"auto, (max-width: 840px) 100vw, 840px\" \/><\/a><figcaption id=\"caption-attachment-1864\" class=\"wp-caption-text\">Der fast ausgetrocknete Fluss Scrivia<\/figcaption><\/figure>\n<figure id=\"attachment_1865\" aria-describedby=\"caption-attachment-1865\" style=\"width: 840px\" class=\"wp-caption aligncenter\"><a href=\"http:\/\/wandern.minnerop.de\/wp-content\/uploads\/2018\/08\/1535180588309.69fd52d2-4e4b-4a8c-96f7-bb21c8ff12ea.jpg\"><img loading=\"lazy\" decoding=\"async\" class=\"size-large wp-image-1865\" src=\"http:\/\/wandern.minnerop.de\/wp-content\/uploads\/2018\/08\/1535180588309.69fd52d2-4e4b-4a8c-96f7-bb21c8ff12ea-1024x576.jpg\" alt=\"\" width=\"840\" height=\"473\" srcset=\"https:\/\/wandern.minnerop.de\/wp-content\/uploads\/2018\/08\/1535180588309.69fd52d2-4e4b-4a8c-96f7-bb21c8ff12ea-1024x576.jpg 1024w, https:\/\/wandern.minnerop.de\/wp-content\/uploads\/2018\/08\/1535180588309.69fd52d2-4e4b-4a8c-96f7-bb21c8ff12ea-300x169.jpg 300w, https:\/\/wandern.minnerop.de\/wp-content\/uploads\/2018\/08\/1535180588309.69fd52d2-4e4b-4a8c-96f7-bb21c8ff12ea-768x432.jpg 768w, https:\/\/wandern.minnerop.de\/wp-content\/uploads\/2018\/08\/1535180588309.69fd52d2-4e4b-4a8c-96f7-bb21c8ff12ea-1200x675.jpg 1200w, https:\/\/wandern.minnerop.de\/wp-content\/uploads\/2018\/08\/1535180588309.69fd52d2-4e4b-4a8c-96f7-bb21c8ff12ea.jpg 2016w\" sizes=\"auto, (max-width: 840px) 100vw, 840px\" \/><\/a><figcaption id=\"caption-attachment-1865\" class=\"wp-caption-text\">Das savannenartige Tal des Flusses Scrivia hinter Castellar Ponzano<\/figcaption><\/figure>\n<p>Der Weg schl\u00e4ngelt sich dann am Fluss entlang, mal breiter, mal enger. Es muss auch mal ein leeres Bachbett durchquert werden, was im Sommer kein Problem ist. An einer engen Stelle blieb meine Macchina an einem Brombeerbusch h\u00e4ngen, und ich hatte die zweite Haltestange in der Hand. Die erste war in den Alpen abgegangen, die zweite nun hier am Fluss. Powertape hilft aber in allen solchen F\u00e4llen. \ud83d\ude42 Der Hersteller des Benpacker hat \u00fcbrigens sofortigen Ersatz angeboten, und will die defekten Plastikhalterungen untersuchen, um die Schwachstelle zu beheben. Toller Service!<\/p>\n<p>N\u00e4chste Pause dann an einem Veranstaltungsort f\u00fcr Hunderennen? Sah aus wie eine Kirmesbude in der afrikanischen Savanne. Nur die Zebras und Gnus fehlten.<\/p>\n<p>Auf der Karte kam dann ein St\u00fcck, da l\u00e4uft unser Weg im Fluss. Das ist auch so. Pl\u00f6tzlich geht es \u00fcber die Abbruchkante des Ufers in die Tiefe, und dann geht es durch das Kiesbett des Flusses. Sp\u00e4ter geht es \u00fcber in eine Auenlandschaft. \u00dcberall sieht man das Schwemmgut des Flusses. Sehr sch\u00f6nes Naturreservat Ambiente Scrivia.<\/p>\n<figure id=\"attachment_1866\" aria-describedby=\"caption-attachment-1866\" style=\"width: 840px\" class=\"wp-caption aligncenter\"><a href=\"http:\/\/wandern.minnerop.de\/wp-content\/uploads\/2018\/08\/1535187694526.9bdbdac7-9fcc-4cd9-8e00-c1f3ae7b4e4b.jpg\"><img loading=\"lazy\" decoding=\"async\" class=\"size-large wp-image-1866\" src=\"http:\/\/wandern.minnerop.de\/wp-content\/uploads\/2018\/08\/1535187694526.9bdbdac7-9fcc-4cd9-8e00-c1f3ae7b4e4b-1024x576.jpg\" alt=\"\" width=\"840\" height=\"473\" srcset=\"https:\/\/wandern.minnerop.de\/wp-content\/uploads\/2018\/08\/1535187694526.9bdbdac7-9fcc-4cd9-8e00-c1f3ae7b4e4b-1024x576.jpg 1024w, https:\/\/wandern.minnerop.de\/wp-content\/uploads\/2018\/08\/1535187694526.9bdbdac7-9fcc-4cd9-8e00-c1f3ae7b4e4b-300x169.jpg 300w, https:\/\/wandern.minnerop.de\/wp-content\/uploads\/2018\/08\/1535187694526.9bdbdac7-9fcc-4cd9-8e00-c1f3ae7b4e4b-768x432.jpg 768w, https:\/\/wandern.minnerop.de\/wp-content\/uploads\/2018\/08\/1535187694526.9bdbdac7-9fcc-4cd9-8e00-c1f3ae7b4e4b-1200x675.jpg 1200w, https:\/\/wandern.minnerop.de\/wp-content\/uploads\/2018\/08\/1535187694526.9bdbdac7-9fcc-4cd9-8e00-c1f3ae7b4e4b.jpg 2016w\" sizes=\"auto, (max-width: 840px) 100vw, 840px\" \/><\/a><figcaption id=\"caption-attachment-1866\" class=\"wp-caption-text\">Der Weg f\u00fchrt durch den Fluss im Ambiente Scrivia, links die Uferkante<\/figcaption><\/figure>\n<p>Durch ein Gel\u00e4nde f\u00fcr Motocross mussten wir am Rande durch, da ein Teil des Uferweges weggeschwemmt war. Dann zur Abwechselung an einer gro\u00dfen chemischen Fabrik vorbei, in der mit gro\u00dfen Hochleistungspumpen \u00a0dem Fluss das letzte Wasser entzogen wurde. Der Fluss macht nun eine gro\u00dfe Schleife, um \u00fcber ein Viadukt den Fluss Scrivia zu \u00fcberqueren.<\/p>\n<figure id=\"attachment_1867\" aria-describedby=\"caption-attachment-1867\" style=\"width: 840px\" class=\"wp-caption aligncenter\"><a href=\"http:\/\/wandern.minnerop.de\/wp-content\/uploads\/2018\/08\/1535190898189.029c5454-ce55-421e-9efb-8b6880f08709.jpg\"><img loading=\"lazy\" decoding=\"async\" class=\"size-large wp-image-1867\" src=\"http:\/\/wandern.minnerop.de\/wp-content\/uploads\/2018\/08\/1535190898189.029c5454-ce55-421e-9efb-8b6880f08709-1024x576.jpg\" alt=\"\" width=\"840\" height=\"473\" srcset=\"https:\/\/wandern.minnerop.de\/wp-content\/uploads\/2018\/08\/1535190898189.029c5454-ce55-421e-9efb-8b6880f08709-1024x576.jpg 1024w, https:\/\/wandern.minnerop.de\/wp-content\/uploads\/2018\/08\/1535190898189.029c5454-ce55-421e-9efb-8b6880f08709-300x169.jpg 300w, https:\/\/wandern.minnerop.de\/wp-content\/uploads\/2018\/08\/1535190898189.029c5454-ce55-421e-9efb-8b6880f08709-768x432.jpg 768w, https:\/\/wandern.minnerop.de\/wp-content\/uploads\/2018\/08\/1535190898189.029c5454-ce55-421e-9efb-8b6880f08709-1200x675.jpg 1200w, https:\/\/wandern.minnerop.de\/wp-content\/uploads\/2018\/08\/1535190898189.029c5454-ce55-421e-9efb-8b6880f08709.jpg 2016w\" sizes=\"auto, (max-width: 840px) 100vw, 840px\" \/><\/a><figcaption id=\"caption-attachment-1867\" class=\"wp-caption-text\">Blick vom Viadukt \u00fcber den fast leeren Fluss Scrivia im Gewerbegebiet bei Castana Spinola<\/figcaption><\/figure>\n<p>Und dann die \u00dcberraschung! Unmittelbar hinter der Br\u00fccke ist ein stillgelegtes Kieswerk und ein paar leerstehende Wohnh\u00e4user. An einem dieser Wohnh\u00e4user ein Schild des E1! Unser improvisierter Weg (siehe Erkl\u00e4rung an den Vortagen) l\u00e4uft hier auf dem echten E1. Und ein paar Kilometer sp\u00e4ter das n\u00e4chste Schild.<\/p>\n<figure id=\"attachment_1868\" aria-describedby=\"caption-attachment-1868\" style=\"width: 840px\" class=\"wp-caption aligncenter\"><a href=\"http:\/\/wandern.minnerop.de\/wp-content\/uploads\/2018\/08\/1535191067691.542aa5ab-67e4-4713-800d-af4a84b9b676.jpg\"><img loading=\"lazy\" decoding=\"async\" class=\"size-large wp-image-1868\" src=\"http:\/\/wandern.minnerop.de\/wp-content\/uploads\/2018\/08\/1535191067691.542aa5ab-67e4-4713-800d-af4a84b9b676-1024x576.jpg\" alt=\"\" width=\"840\" height=\"473\" srcset=\"https:\/\/wandern.minnerop.de\/wp-content\/uploads\/2018\/08\/1535191067691.542aa5ab-67e4-4713-800d-af4a84b9b676-1024x576.jpg 1024w, https:\/\/wandern.minnerop.de\/wp-content\/uploads\/2018\/08\/1535191067691.542aa5ab-67e4-4713-800d-af4a84b9b676-300x169.jpg 300w, https:\/\/wandern.minnerop.de\/wp-content\/uploads\/2018\/08\/1535191067691.542aa5ab-67e4-4713-800d-af4a84b9b676-768x432.jpg 768w, https:\/\/wandern.minnerop.de\/wp-content\/uploads\/2018\/08\/1535191067691.542aa5ab-67e4-4713-800d-af4a84b9b676-1200x675.jpg 1200w, https:\/\/wandern.minnerop.de\/wp-content\/uploads\/2018\/08\/1535191067691.542aa5ab-67e4-4713-800d-af4a84b9b676.jpg 2016w\" sizes=\"auto, (max-width: 840px) 100vw, 840px\" \/><\/a><figcaption id=\"caption-attachment-1868\" class=\"wp-caption-text\">E1 Schild im Gewerbegebiet von Castana Spinola<\/figcaption><\/figure>\n<p>Dann mal weiter auf einem schmalen Teerweg durch eine liebliche Landschaft. Eine Wohltat nach dem verm\u00fcllten Gewerbegebiet. Und vor und neben uns wieder die Berge.<\/p>\n<p>Die n\u00e4chsten Tage geht es durchs Mittelgebiege nach Genua. Nur noch drei Etappen bis Orero. Dann verlasse ich den E1 nach genau 100 Etappen umd etwa 2000 km. Die letzten 16km bis Genua ist nicht mehr der E1, der schwenkt ab zum Apennin. Immer wieder die Gedanken: Was kommt danach? Wirst du Eingliederungshilfe ben\u00f6tigen um wieder in die Zivilisation aufgenommen zu werden? \ud83d\ude09<\/p>\n<p>Ich wollte ja \u00fcberlegen, ob ich noch ein wenig Richtung Florenz weiterlaufe. Aber mit jetzt zwei defekten Griffen an der Macchina geht das nicht mehr. Hubert l\u00e4uft an der K\u00fcste weiter, und alleine in den Bergen mit einem defekten Benpacker ist mir zu gef\u00e4hrlich. Auch hier steht nach der n\u00e4chsten Etappe ein Abschied bevor. Hubert trifft seinen Sohn in Genua, und f\u00e4hrt nach der Etappe mit dem Zug dorthin. Er wird mir sicher fehlen, denn wir haben in der Regel sehr gut harmoniert auf dem langen Weg von Siegen bis hierhin. Wir sind nicht immer zusammen gelaufen, aber der lange Weg auf den vielen gemeinsamen Etappen hat uns zusammengeschwei\u00dft. Auch die vielen gemeinsamen Abende im Doppelzimmer, die zu manchen komischen Gedanken bei Zimmerwirten Anlass gaben. :lol<\/p>\n<figure id=\"attachment_1873\" aria-describedby=\"caption-attachment-1873\" style=\"width: 840px\" class=\"wp-caption aligncenter\"><a href=\"http:\/\/wandern.minnerop.de\/wp-content\/uploads\/2018\/08\/1535194534011.ceac248e-7e86-4a53-8421-7d910d47da20.jpg\"><img loading=\"lazy\" decoding=\"async\" class=\"size-large wp-image-1873\" src=\"http:\/\/wandern.minnerop.de\/wp-content\/uploads\/2018\/08\/1535194534011.ceac248e-7e86-4a53-8421-7d910d47da20-1024x576.jpg\" alt=\"\" width=\"840\" height=\"473\" srcset=\"https:\/\/wandern.minnerop.de\/wp-content\/uploads\/2018\/08\/1535194534011.ceac248e-7e86-4a53-8421-7d910d47da20-1024x576.jpg 1024w, https:\/\/wandern.minnerop.de\/wp-content\/uploads\/2018\/08\/1535194534011.ceac248e-7e86-4a53-8421-7d910d47da20-300x169.jpg 300w, https:\/\/wandern.minnerop.de\/wp-content\/uploads\/2018\/08\/1535194534011.ceac248e-7e86-4a53-8421-7d910d47da20-768x432.jpg 768w, https:\/\/wandern.minnerop.de\/wp-content\/uploads\/2018\/08\/1535194534011.ceac248e-7e86-4a53-8421-7d910d47da20-1200x675.jpg 1200w, https:\/\/wandern.minnerop.de\/wp-content\/uploads\/2018\/08\/1535194534011.ceac248e-7e86-4a53-8421-7d910d47da20.jpg 2016w\" sizes=\"auto, (max-width: 840px) 100vw, 840px\" \/><\/a><figcaption id=\"caption-attachment-1873\" class=\"wp-caption-text\">Ortseingang Seravalle Scrivia<\/figcaption><\/figure>\n<p>Es geht weiter durch Serravalle Scrivia. Ein netter Ort am Anfang. Sp\u00e4ter wird es zunehmend schlechter. Wieder viele leere vergammelnde H\u00e4user, M\u00fcllberge in den Nebemgassen. Durch einen Tunnel unter einer breiten Autostra\u00dfe durch, dann \u00fcber eine schmale Teerstra\u00dfe in den Ort. Sah aus, als liefen wir unter den Ausfahrten eines Autobahnkreuzes durch. Sah teilweise abenteuerlich aus, aber es waren \u00fcberall gekennzeichnete Fu\u00dfwege.<\/p>\n<figure id=\"attachment_1869\" aria-describedby=\"caption-attachment-1869\" style=\"width: 840px\" class=\"wp-caption aligncenter\"><a href=\"http:\/\/wandern.minnerop.de\/wp-content\/uploads\/2018\/08\/1535191819587.79288bfd-8766-47b5-ab1f-f59f76b67618.jpg\"><img loading=\"lazy\" decoding=\"async\" class=\"size-large wp-image-1869\" src=\"http:\/\/wandern.minnerop.de\/wp-content\/uploads\/2018\/08\/1535191819587.79288bfd-8766-47b5-ab1f-f59f76b67618-1024x576.jpg\" alt=\"\" width=\"840\" height=\"473\" srcset=\"https:\/\/wandern.minnerop.de\/wp-content\/uploads\/2018\/08\/1535191819587.79288bfd-8766-47b5-ab1f-f59f76b67618-1024x576.jpg 1024w, https:\/\/wandern.minnerop.de\/wp-content\/uploads\/2018\/08\/1535191819587.79288bfd-8766-47b5-ab1f-f59f76b67618-300x169.jpg 300w, https:\/\/wandern.minnerop.de\/wp-content\/uploads\/2018\/08\/1535191819587.79288bfd-8766-47b5-ab1f-f59f76b67618-768x432.jpg 768w, https:\/\/wandern.minnerop.de\/wp-content\/uploads\/2018\/08\/1535191819587.79288bfd-8766-47b5-ab1f-f59f76b67618-1200x675.jpg 1200w, https:\/\/wandern.minnerop.de\/wp-content\/uploads\/2018\/08\/1535191819587.79288bfd-8766-47b5-ab1f-f59f76b67618.jpg 2016w\" sizes=\"auto, (max-width: 840px) 100vw, 840px\" \/><\/a><figcaption id=\"caption-attachment-1869\" class=\"wp-caption-text\">Blumenmauer in Seravalle Scrivia<\/figcaption><\/figure>\n<p>Nach dem Ort geht es \u00fcber eine Bundesstra\u00dfe weiter, sehr heruntergekommene Gegend. Sp\u00e4ter bogen wir an einem Kreisverkehr links ab, durch einen kleineren Ortsteil Richtung Zielort Arquate Scrivia. Hier gab es dann keinen Seitenstreifen mehr. An dieser Strasse, etwa 2 km vor Arquate Scrivia, dann das n\u00e4chste E1 Schild.<\/p>\n<figure id=\"attachment_1871\" aria-describedby=\"caption-attachment-1871\" style=\"width: 840px\" class=\"wp-caption aligncenter\"><a href=\"http:\/\/wandern.minnerop.de\/wp-content\/uploads\/2018\/08\/1535196184373.514cccbd-b1ff-4306-852b-03da94e032f1.jpg\"><img loading=\"lazy\" decoding=\"async\" class=\"size-large wp-image-1871\" src=\"http:\/\/wandern.minnerop.de\/wp-content\/uploads\/2018\/08\/1535196184373.514cccbd-b1ff-4306-852b-03da94e032f1-1024x576.jpg\" alt=\"\" width=\"840\" height=\"473\" srcset=\"https:\/\/wandern.minnerop.de\/wp-content\/uploads\/2018\/08\/1535196184373.514cccbd-b1ff-4306-852b-03da94e032f1-1024x576.jpg 1024w, https:\/\/wandern.minnerop.de\/wp-content\/uploads\/2018\/08\/1535196184373.514cccbd-b1ff-4306-852b-03da94e032f1-300x169.jpg 300w, https:\/\/wandern.minnerop.de\/wp-content\/uploads\/2018\/08\/1535196184373.514cccbd-b1ff-4306-852b-03da94e032f1-768x432.jpg 768w, https:\/\/wandern.minnerop.de\/wp-content\/uploads\/2018\/08\/1535196184373.514cccbd-b1ff-4306-852b-03da94e032f1-1200x675.jpg 1200w, https:\/\/wandern.minnerop.de\/wp-content\/uploads\/2018\/08\/1535196184373.514cccbd-b1ff-4306-852b-03da94e032f1.jpg 2016w\" sizes=\"auto, (max-width: 840px) 100vw, 840px\" \/><\/a><figcaption id=\"caption-attachment-1871\" class=\"wp-caption-text\">Bundesstrasse hinter Seravalle Scrivia, im Hintergrund die Berge der n\u00e4chsten Etappen<\/figcaption><\/figure>\n<figure id=\"attachment_1870\" aria-describedby=\"caption-attachment-1870\" style=\"width: 576px\" class=\"wp-caption aligncenter\"><a href=\"http:\/\/wandern.minnerop.de\/wp-content\/uploads\/2018\/08\/1535198963381.4adbe57c-2d51-4318-b3bb-fbfaeb49e45c.jpg\"><img loading=\"lazy\" decoding=\"async\" class=\"size-large wp-image-1870\" src=\"http:\/\/wandern.minnerop.de\/wp-content\/uploads\/2018\/08\/1535198963381.4adbe57c-2d51-4318-b3bb-fbfaeb49e45c-576x1024.jpg\" alt=\"\" width=\"576\" height=\"1024\" srcset=\"https:\/\/wandern.minnerop.de\/wp-content\/uploads\/2018\/08\/1535198963381.4adbe57c-2d51-4318-b3bb-fbfaeb49e45c-576x1024.jpg 576w, https:\/\/wandern.minnerop.de\/wp-content\/uploads\/2018\/08\/1535198963381.4adbe57c-2d51-4318-b3bb-fbfaeb49e45c-169x300.jpg 169w, https:\/\/wandern.minnerop.de\/wp-content\/uploads\/2018\/08\/1535198963381.4adbe57c-2d51-4318-b3bb-fbfaeb49e45c-768x1365.jpg 768w, https:\/\/wandern.minnerop.de\/wp-content\/uploads\/2018\/08\/1535198963381.4adbe57c-2d51-4318-b3bb-fbfaeb49e45c.jpg 1134w\" sizes=\"auto, (max-width: 576px) 100vw, 576px\" \/><\/a><figcaption id=\"caption-attachment-1870\" class=\"wp-caption-text\">E1 Schild, 2 km vor Arquate Scrivia<\/figcaption><\/figure>\n<p>In Arquate Scrivia angekommen erstmal zum Lidl, Eink\u00e4ufe f\u00fcr&#8217;s Wochende. Es ist Samstag, und morgen machen wir hier in der Villa Stefania Pause.<\/p>\n<p>In Arquate Scrivia fragten wir an einem Haus, bei dem wir dachten es sei unser Ziel, zwei \u00e4ltere Damen nach dem Ziel. Sie standen in ihrem Vorgarten und machten den Eindruck, als ob sie auf jemanden warteten der Hilfe ben\u00f6tigt. Wir schienen diesen Eindruck zu machen, denn sie schilderten uns wortreich und lang anhaltend den schnurgeraden weiteren Weg. Wir hatten etwas M\u00fche wieder loszukommen. \ud83d\ude09<\/p>\n<p>Gegen halb vier waren wir dann nach fast 25 km am Ziel. Da es nicht so hei\u00df war, und die Wege \u00fcberwiegend gut zu laufen waren, ging das ganz gut. Abends regnet es dann lang und ergiebig. Endlich! Die gro\u00dfe Hitze war heute schon weg.<\/p>\n<figure id=\"attachment_1874\" aria-describedby=\"caption-attachment-1874\" style=\"width: 840px\" class=\"wp-caption aligncenter\"><a href=\"http:\/\/wandern.minnerop.de\/wp-content\/uploads\/2018\/08\/1535201816818.13b6f8d1-7ac6-4132-9047-65e4e9e29fd9.jpg\"><img loading=\"lazy\" decoding=\"async\" class=\"size-large wp-image-1874\" src=\"http:\/\/wandern.minnerop.de\/wp-content\/uploads\/2018\/08\/1535201816818.13b6f8d1-7ac6-4132-9047-65e4e9e29fd9-1024x576.jpg\" alt=\"\" width=\"840\" height=\"473\" srcset=\"https:\/\/wandern.minnerop.de\/wp-content\/uploads\/2018\/08\/1535201816818.13b6f8d1-7ac6-4132-9047-65e4e9e29fd9-1024x576.jpg 1024w, https:\/\/wandern.minnerop.de\/wp-content\/uploads\/2018\/08\/1535201816818.13b6f8d1-7ac6-4132-9047-65e4e9e29fd9-300x169.jpg 300w, https:\/\/wandern.minnerop.de\/wp-content\/uploads\/2018\/08\/1535201816818.13b6f8d1-7ac6-4132-9047-65e4e9e29fd9-768x432.jpg 768w, https:\/\/wandern.minnerop.de\/wp-content\/uploads\/2018\/08\/1535201816818.13b6f8d1-7ac6-4132-9047-65e4e9e29fd9-1200x675.jpg 1200w, https:\/\/wandern.minnerop.de\/wp-content\/uploads\/2018\/08\/1535201816818.13b6f8d1-7ac6-4132-9047-65e4e9e29fd9.jpg 2016w\" sizes=\"auto, (max-width: 840px) 100vw, 840px\" \/><\/a><figcaption id=\"caption-attachment-1874\" class=\"wp-caption-text\">Arquate Scrivia<\/figcaption><\/figure>\n","protected":false},"excerpt":{"rendered":"<p>&nbsp; 2018-08-25_43864133_02-03-carbonara-scriva-arquate-scrivia-25-08-18_export GPX Datei von Carbonara Scrivia nach Arquate Scrivia Audiotagebuch muss ich nachliefern, WLAN zu schlecht. Kurz nach halb acht ging es los von der Villa Carmen. Alte Villa, alles prima! Der Himmel war sehr bedeckt umd es war endlich mal nicht so entsetzlich hei\u00df. Kaum waren wir los, \u00f6ffnete der Himmel seine Schleusen. [&hellip;]<\/p>\n","protected":false},"author":1,"featured_media":0,"comment_status":"open","ping_status":"open","sticky":false,"template":"","format":"standard","meta":{"footnotes":""},"categories":[2],"tags":[],"class_list":["post-1860","post","type-post","status-publish","format-standard","hentry","category-fernwanderweg-e1"],"_links":{"self":[{"href":"https:\/\/wandern.minnerop.de\/index.php?rest_route=\/wp\/v2\/posts\/1860","targetHints":{"allow":["GET"]}}],"collection":[{"href":"https:\/\/wandern.minnerop.de\/index.php?rest_route=\/wp\/v2\/posts"}],"about":[{"href":"https:\/\/wandern.minnerop.de\/index.php?rest_route=\/wp\/v2\/types\/post"}],"author":[{"embeddable":true,"href":"https:\/\/wandern.minnerop.de\/index.php?rest_route=\/wp\/v2\/users\/1"}],"replies":[{"embeddable":true,"href":"https:\/\/wandern.minnerop.de\/index.php?rest_route=%2Fwp%2Fv2%2Fcomments&post=1860"}],"version-history":[{"count":4,"href":"https:\/\/wandern.minnerop.de\/index.php?rest_route=\/wp\/v2\/posts\/1860\/revisions"}],"predecessor-version":[{"id":1882,"href":"https:\/\/wandern.minnerop.de\/index.php?rest_route=\/wp\/v2\/posts\/1860\/revisions\/1882"}],"wp:attachment":[{"href":"https:\/\/wandern.minnerop.de\/index.php?rest_route=%2Fwp%2Fv2%2Fmedia&parent=1860"}],"wp:term":[{"taxonomy":"category","embeddable":true,"href":"https:\/\/wandern.minnerop.de\/index.php?rest_route=%2Fwp%2Fv2%2Fcategories&post=1860"},{"taxonomy":"post_tag","embeddable":true,"href":"https:\/\/wandern.minnerop.de\/index.php?rest_route=%2Fwp%2Fv2%2Ftags&post=1860"}],"curies":[{"name":"wp","href":"https:\/\/api.w.org\/{rel}","templated":true}]}}