{"id":1945,"date":"2019-05-01T20:41:25","date_gmt":"2019-05-01T18:41:25","guid":{"rendered":"http:\/\/wandern.minnerop.de\/?p=1945"},"modified":"2019-05-01T20:41:25","modified_gmt":"2019-05-01T18:41:25","slug":"1-mai-19-ankunft-in-leer-ostfriesland","status":"publish","type":"post","link":"https:\/\/wandern.minnerop.de\/?p=1945","title":{"rendered":"1. MAI 19, Ankunft in Leer\/Ostfriesland"},"content":{"rendered":"<p>Heute, gegen Mittag, kam ich mit dem Zug in Leer an. Die Z\u00fcge waren sogar p\u00fcnktlich! Man beachte die Aufkleber auf dem Benpacker. <\/p>\n<figure id=\"attachment_1946\" aria-describedby=\"caption-attachment-1946\" style=\"width: 576px\" class=\"wp-caption aligncenter\"><a href=\"http:\/\/wandern.minnerop.de\/wp-content\/uploads\/2019\/05\/20190501_131129.jpg\"><img loading=\"lazy\" decoding=\"async\" class=\"wp-image-1946 size-large\" src=\"http:\/\/wandern.minnerop.de\/wp-content\/uploads\/2019\/05\/20190501_131129-e1556735238618-576x1024.jpg\" alt=\"\" width=\"576\" height=\"1024\" srcset=\"https:\/\/wandern.minnerop.de\/wp-content\/uploads\/2019\/05\/20190501_131129-e1556735238618-576x1024.jpg 576w, https:\/\/wandern.minnerop.de\/wp-content\/uploads\/2019\/05\/20190501_131129-e1556735238618-169x300.jpg 169w, https:\/\/wandern.minnerop.de\/wp-content\/uploads\/2019\/05\/20190501_131129-e1556735238618-768x1365.jpg 768w, https:\/\/wandern.minnerop.de\/wp-content\/uploads\/2019\/05\/20190501_131129-e1556735238618-1200x2133.jpg 1200w\" sizes=\"auto, (max-width: 576px) 100vw, 576px\" \/><\/a><figcaption id=\"caption-attachment-1946\" class=\"wp-caption-text\">Ankunft in Leer<\/figcaption><\/figure>\n<p><!--more--><\/p>\n<p>Ich bin dann zu meiner Unterkunft. Ein sch\u00f6nes gro\u00dfes Zimmer. Nachmittags dann eine Runde durch Leer. Ein schnuckeliges kleines St\u00e4dtchen.<\/p>\n<p>Vorgestern ergab sich noch eine gravierende \u00c4nderung meiner diesj\u00e4hrigen Planung. Ich konnte sehr kurzfristig eine Wohnung mieten. Am 1.7.19 ziehe ich um. Ich werde also am 15.6 nach Hause fahren und dann den Umzug machen. Vielleicht wandere ich hinterher noch weiter. Aber nur, wenn das nicht in Stress ausartet. Der Weg ist n\u00e4chstes Jahr auch noch da. <\/p>\n<p><a href=\"http:\/\/wandern.minnerop.de\/wp-content\/uploads\/2019\/05\/20190501_132204-e1556735593841.jpg\"><img loading=\"lazy\" decoding=\"async\" class=\"aligncenter size-large wp-image-1947\" src=\"http:\/\/wandern.minnerop.de\/wp-content\/uploads\/2019\/05\/20190501_132204-e1556735593841-576x1024.jpg\" alt=\"\" width=\"576\" height=\"1024\" srcset=\"https:\/\/wandern.minnerop.de\/wp-content\/uploads\/2019\/05\/20190501_132204-e1556735593841-576x1024.jpg 576w, https:\/\/wandern.minnerop.de\/wp-content\/uploads\/2019\/05\/20190501_132204-e1556735593841-169x300.jpg 169w, https:\/\/wandern.minnerop.de\/wp-content\/uploads\/2019\/05\/20190501_132204-e1556735593841-768x1365.jpg 768w, https:\/\/wandern.minnerop.de\/wp-content\/uploads\/2019\/05\/20190501_132204-e1556735593841-1200x2133.jpg 1200w\" sizes=\"auto, (max-width: 576px) 100vw, 576px\" \/><\/a><\/p>\n<figure id=\"attachment_1948\" aria-describedby=\"caption-attachment-1948\" style=\"width: 576px\" class=\"wp-caption aligncenter\"><a href=\"http:\/\/wandern.minnerop.de\/wp-content\/uploads\/2019\/05\/1556724700024.82b86e7b-72a0-4425-b955-5e01ac247d3d.jpg\"><img loading=\"lazy\" decoding=\"async\" class=\"size-large wp-image-1948\" src=\"http:\/\/wandern.minnerop.de\/wp-content\/uploads\/2019\/05\/1556724700024.82b86e7b-72a0-4425-b955-5e01ac247d3d-576x1024.jpg\" alt=\"\" width=\"576\" height=\"1024\" srcset=\"https:\/\/wandern.minnerop.de\/wp-content\/uploads\/2019\/05\/1556724700024.82b86e7b-72a0-4425-b955-5e01ac247d3d-576x1024.jpg 576w, https:\/\/wandern.minnerop.de\/wp-content\/uploads\/2019\/05\/1556724700024.82b86e7b-72a0-4425-b955-5e01ac247d3d-169x300.jpg 169w, https:\/\/wandern.minnerop.de\/wp-content\/uploads\/2019\/05\/1556724700024.82b86e7b-72a0-4425-b955-5e01ac247d3d-768x1365.jpg 768w, https:\/\/wandern.minnerop.de\/wp-content\/uploads\/2019\/05\/1556724700024.82b86e7b-72a0-4425-b955-5e01ac247d3d.jpg 1134w\" sizes=\"auto, (max-width: 576px) 100vw, 576px\" \/><\/a><figcaption id=\"caption-attachment-1948\" class=\"wp-caption-text\">Altes Haus in Leer<\/figcaption><\/figure>\n<figure id=\"attachment_1949\" aria-describedby=\"caption-attachment-1949\" style=\"width: 576px\" class=\"wp-caption aligncenter\"><a href=\"http:\/\/wandern.minnerop.de\/wp-content\/uploads\/2019\/05\/1556726262430.01a63b59-b67e-4538-84e2-838298df0862.jpg\"><img loading=\"lazy\" decoding=\"async\" class=\"size-large wp-image-1949\" src=\"http:\/\/wandern.minnerop.de\/wp-content\/uploads\/2019\/05\/1556726262430.01a63b59-b67e-4538-84e2-838298df0862-576x1024.jpg\" alt=\"\" width=\"576\" height=\"1024\" srcset=\"https:\/\/wandern.minnerop.de\/wp-content\/uploads\/2019\/05\/1556726262430.01a63b59-b67e-4538-84e2-838298df0862-576x1024.jpg 576w, https:\/\/wandern.minnerop.de\/wp-content\/uploads\/2019\/05\/1556726262430.01a63b59-b67e-4538-84e2-838298df0862-169x300.jpg 169w, https:\/\/wandern.minnerop.de\/wp-content\/uploads\/2019\/05\/1556726262430.01a63b59-b67e-4538-84e2-838298df0862-768x1365.jpg 768w, https:\/\/wandern.minnerop.de\/wp-content\/uploads\/2019\/05\/1556726262430.01a63b59-b67e-4538-84e2-838298df0862.jpg 1134w\" sizes=\"auto, (max-width: 576px) 100vw, 576px\" \/><\/a><figcaption id=\"caption-attachment-1949\" class=\"wp-caption-text\">Am Bahnhof Leer<\/figcaption><\/figure>\n<p><a href=\"http:\/\/wandern.minnerop.de\/wp-content\/uploads\/2019\/05\/1556726675276.45eeb708-1081-428b-a60a-0b71b6d13665.jpg\"><img loading=\"lazy\" decoding=\"async\" class=\"aligncenter size-large wp-image-1950\" src=\"http:\/\/wandern.minnerop.de\/wp-content\/uploads\/2019\/05\/1556726675276.45eeb708-1081-428b-a60a-0b71b6d13665-576x1024.jpg\" alt=\"\" width=\"576\" height=\"1024\" srcset=\"https:\/\/wandern.minnerop.de\/wp-content\/uploads\/2019\/05\/1556726675276.45eeb708-1081-428b-a60a-0b71b6d13665-576x1024.jpg 576w, https:\/\/wandern.minnerop.de\/wp-content\/uploads\/2019\/05\/1556726675276.45eeb708-1081-428b-a60a-0b71b6d13665-169x300.jpg 169w, https:\/\/wandern.minnerop.de\/wp-content\/uploads\/2019\/05\/1556726675276.45eeb708-1081-428b-a60a-0b71b6d13665-768x1365.jpg 768w, https:\/\/wandern.minnerop.de\/wp-content\/uploads\/2019\/05\/1556726675276.45eeb708-1081-428b-a60a-0b71b6d13665.jpg 1134w\" sizes=\"auto, (max-width: 576px) 100vw, 576px\" \/><\/a><\/p>\n<figure id=\"attachment_1951\" aria-describedby=\"caption-attachment-1951\" style=\"width: 840px\" class=\"wp-caption aligncenter\"><a href=\"http:\/\/wandern.minnerop.de\/wp-content\/uploads\/2019\/05\/1556726949050.8e3b8f73-3a52-467d-a37a-93d06cd44c16.jpg\"><img loading=\"lazy\" decoding=\"async\" class=\"size-large wp-image-1951\" src=\"http:\/\/wandern.minnerop.de\/wp-content\/uploads\/2019\/05\/1556726949050.8e3b8f73-3a52-467d-a37a-93d06cd44c16-1024x576.jpg\" alt=\"\" width=\"840\" height=\"473\" srcset=\"https:\/\/wandern.minnerop.de\/wp-content\/uploads\/2019\/05\/1556726949050.8e3b8f73-3a52-467d-a37a-93d06cd44c16-1024x576.jpg 1024w, https:\/\/wandern.minnerop.de\/wp-content\/uploads\/2019\/05\/1556726949050.8e3b8f73-3a52-467d-a37a-93d06cd44c16-300x169.jpg 300w, https:\/\/wandern.minnerop.de\/wp-content\/uploads\/2019\/05\/1556726949050.8e3b8f73-3a52-467d-a37a-93d06cd44c16-768x432.jpg 768w, https:\/\/wandern.minnerop.de\/wp-content\/uploads\/2019\/05\/1556726949050.8e3b8f73-3a52-467d-a37a-93d06cd44c16-1200x675.jpg 1200w, https:\/\/wandern.minnerop.de\/wp-content\/uploads\/2019\/05\/1556726949050.8e3b8f73-3a52-467d-a37a-93d06cd44c16.jpg 2016w\" sizes=\"auto, (max-width: 840px) 100vw, 840px\" \/><\/a><figcaption id=\"caption-attachment-1951\" class=\"wp-caption-text\">Am Hafen in Leer<\/figcaption><\/figure>\n<p><a href=\"http:\/\/wandern.minnerop.de\/wp-content\/uploads\/2019\/05\/1556727071795.5f2acb74-b081-4c0b-91e5-7db7bea0f7b3.jpg\"><img loading=\"lazy\" decoding=\"async\" class=\"aligncenter size-large wp-image-1952\" src=\"http:\/\/wandern.minnerop.de\/wp-content\/uploads\/2019\/05\/1556727071795.5f2acb74-b081-4c0b-91e5-7db7bea0f7b3-1024x576.jpg\" alt=\"\" width=\"840\" height=\"473\" srcset=\"https:\/\/wandern.minnerop.de\/wp-content\/uploads\/2019\/05\/1556727071795.5f2acb74-b081-4c0b-91e5-7db7bea0f7b3-1024x576.jpg 1024w, https:\/\/wandern.minnerop.de\/wp-content\/uploads\/2019\/05\/1556727071795.5f2acb74-b081-4c0b-91e5-7db7bea0f7b3-300x169.jpg 300w, https:\/\/wandern.minnerop.de\/wp-content\/uploads\/2019\/05\/1556727071795.5f2acb74-b081-4c0b-91e5-7db7bea0f7b3-768x432.jpg 768w, https:\/\/wandern.minnerop.de\/wp-content\/uploads\/2019\/05\/1556727071795.5f2acb74-b081-4c0b-91e5-7db7bea0f7b3-1200x675.jpg 1200w, https:\/\/wandern.minnerop.de\/wp-content\/uploads\/2019\/05\/1556727071795.5f2acb74-b081-4c0b-91e5-7db7bea0f7b3.jpg 2016w\" sizes=\"auto, (max-width: 840px) 100vw, 840px\" \/><\/a><\/p>\n<p>&nbsp;<\/p>\n","protected":false},"excerpt":{"rendered":"<p>Heute, gegen Mittag, kam ich mit dem Zug in Leer an. Die Z\u00fcge waren sogar p\u00fcnktlich! Man beachte die Aufkleber auf dem Benpacker.<\/p>\n","protected":false},"author":1,"featured_media":0,"comment_status":"open","ping_status":"open","sticky":false,"template":"","format":"standard","meta":{"footnotes":""},"categories":[14],"tags":[],"class_list":["post-1945","post","type-post","status-publish","format-standard","hentry","category-e9-wanderungen"],"_links":{"self":[{"href":"https:\/\/wandern.minnerop.de\/index.php?rest_route=\/wp\/v2\/posts\/1945","targetHints":{"allow":["GET"]}}],"collection":[{"href":"https:\/\/wandern.minnerop.de\/index.php?rest_route=\/wp\/v2\/posts"}],"about":[{"href":"https:\/\/wandern.minnerop.de\/index.php?rest_route=\/wp\/v2\/types\/post"}],"author":[{"embeddable":true,"href":"https:\/\/wandern.minnerop.de\/index.php?rest_route=\/wp\/v2\/users\/1"}],"replies":[{"embeddable":true,"href":"https:\/\/wandern.minnerop.de\/index.php?rest_route=%2Fwp%2Fv2%2Fcomments&post=1945"}],"version-history":[{"count":1,"href":"https:\/\/wandern.minnerop.de\/index.php?rest_route=\/wp\/v2\/posts\/1945\/revisions"}],"predecessor-version":[{"id":1953,"href":"https:\/\/wandern.minnerop.de\/index.php?rest_route=\/wp\/v2\/posts\/1945\/revisions\/1953"}],"wp:attachment":[{"href":"https:\/\/wandern.minnerop.de\/index.php?rest_route=%2Fwp%2Fv2%2Fmedia&parent=1945"}],"wp:term":[{"taxonomy":"category","embeddable":true,"href":"https:\/\/wandern.minnerop.de\/index.php?rest_route=%2Fwp%2Fv2%2Fcategories&post=1945"},{"taxonomy":"post_tag","embeddable":true,"href":"https:\/\/wandern.minnerop.de\/index.php?rest_route=%2Fwp%2Fv2%2Ftags&post=1945"}],"curies":[{"name":"wp","href":"https:\/\/api.w.org\/{rel}","templated":true}]}}