{"id":1954,"date":"2019-05-02T20:10:42","date_gmt":"2019-05-02T18:10:42","guid":{"rendered":"http:\/\/wandern.minnerop.de\/?p=1954"},"modified":"2021-04-10T22:51:52","modified_gmt":"2021-04-10T20:51:52","slug":"tag-1-auf-dem-e9-von-bad-nieuweschanz-nl-nach-weener-d","status":"publish","type":"post","link":"https:\/\/wandern.minnerop.de\/?p=1954","title":{"rendered":"Tag 1 auf dem E9 von Bad Nieuweschanz, NL, nach Weener, D"},"content":{"rendered":"<p>Heute dann, bei diesigem, aber weitestgehend trockenem Wetter, die erste Wanderung. Ich war mit Bus und Bahn von Leer zum Startpunkt in Bad Nieuweschanz gefahren. Wie der Name schon sagt, liegt das in den Niederlanden.<\/p>\n<figure id=\"attachment_1956\" aria-describedby=\"caption-attachment-1956\" style=\"width: 840px\" class=\"wp-caption aligncenter\"><a href=\"http:\/\/wandern.minnerop.de\/wp-content\/uploads\/2019\/05\/20190502_101900.jpg\"><img loading=\"lazy\" decoding=\"async\" class=\"size-large wp-image-1956\" src=\"http:\/\/wandern.minnerop.de\/wp-content\/uploads\/2019\/05\/20190502_101900-1024x577.jpg\" alt=\"\" width=\"840\" height=\"473\" srcset=\"https:\/\/wandern.minnerop.de\/wp-content\/uploads\/2019\/05\/20190502_101900-1024x577.jpg 1024w, https:\/\/wandern.minnerop.de\/wp-content\/uploads\/2019\/05\/20190502_101900-300x169.jpg 300w, https:\/\/wandern.minnerop.de\/wp-content\/uploads\/2019\/05\/20190502_101900-768x433.jpg 768w, https:\/\/wandern.minnerop.de\/wp-content\/uploads\/2019\/05\/20190502_101900-1200x676.jpg 1200w\" sizes=\"auto, (max-width: 840px) 100vw, 840px\" \/><\/a><figcaption id=\"caption-attachment-1956\" class=\"wp-caption-text\">Start in Bad Nieuweschanz, NL<\/figcaption><\/figure>\n<p>Zuerst ging es direkt \u00fcber eine Kanal-Hebebr\u00fccke, vorbei an einer gro\u00dfen Fabrik mit M\u00fchlsteinen und dann ab in die niederl\u00e4ndische Pampa.<\/p>\n<figure id=\"attachment_1957\" aria-describedby=\"caption-attachment-1957\" style=\"width: 840px\" class=\"wp-caption aligncenter\"><a href=\"http:\/\/wandern.minnerop.de\/wp-content\/uploads\/2019\/05\/1556785459478.a7bbe988-7b0a-46e4-ba47-325d3da442db.jpg\"><img loading=\"lazy\" decoding=\"async\" class=\"size-large wp-image-1957\" src=\"http:\/\/wandern.minnerop.de\/wp-content\/uploads\/2019\/05\/1556785459478.a7bbe988-7b0a-46e4-ba47-325d3da442db-1024x576.jpg\" alt=\"\" width=\"840\" height=\"473\" srcset=\"https:\/\/wandern.minnerop.de\/wp-content\/uploads\/2019\/05\/1556785459478.a7bbe988-7b0a-46e4-ba47-325d3da442db-1024x576.jpg 1024w, https:\/\/wandern.minnerop.de\/wp-content\/uploads\/2019\/05\/1556785459478.a7bbe988-7b0a-46e4-ba47-325d3da442db-300x169.jpg 300w, https:\/\/wandern.minnerop.de\/wp-content\/uploads\/2019\/05\/1556785459478.a7bbe988-7b0a-46e4-ba47-325d3da442db-768x432.jpg 768w, https:\/\/wandern.minnerop.de\/wp-content\/uploads\/2019\/05\/1556785459478.a7bbe988-7b0a-46e4-ba47-325d3da442db-1200x675.jpg 1200w, https:\/\/wandern.minnerop.de\/wp-content\/uploads\/2019\/05\/1556785459478.a7bbe988-7b0a-46e4-ba47-325d3da442db.jpg 2016w\" sizes=\"auto, (max-width: 840px) 100vw, 840px\" \/><\/a><figcaption id=\"caption-attachment-1957\" class=\"wp-caption-text\">Blick von der Hebebr\u00fccke<\/figcaption><\/figure>\n<figure id=\"attachment_1958\" aria-describedby=\"caption-attachment-1958\" style=\"width: 840px\" class=\"wp-caption aligncenter\"><a href=\"http:\/\/wandern.minnerop.de\/wp-content\/uploads\/2019\/05\/1556785540698.279f6fc4-642f-441d-ac09-f075932590cd.jpg\"><img loading=\"lazy\" decoding=\"async\" class=\"size-large wp-image-1958\" src=\"http:\/\/wandern.minnerop.de\/wp-content\/uploads\/2019\/05\/1556785540698.279f6fc4-642f-441d-ac09-f075932590cd-1024x576.jpg\" alt=\"\" width=\"840\" height=\"473\" srcset=\"https:\/\/wandern.minnerop.de\/wp-content\/uploads\/2019\/05\/1556785540698.279f6fc4-642f-441d-ac09-f075932590cd-1024x576.jpg 1024w, https:\/\/wandern.minnerop.de\/wp-content\/uploads\/2019\/05\/1556785540698.279f6fc4-642f-441d-ac09-f075932590cd-300x169.jpg 300w, https:\/\/wandern.minnerop.de\/wp-content\/uploads\/2019\/05\/1556785540698.279f6fc4-642f-441d-ac09-f075932590cd-768x432.jpg 768w, https:\/\/wandern.minnerop.de\/wp-content\/uploads\/2019\/05\/1556785540698.279f6fc4-642f-441d-ac09-f075932590cd-1200x675.jpg 1200w, https:\/\/wandern.minnerop.de\/wp-content\/uploads\/2019\/05\/1556785540698.279f6fc4-642f-441d-ac09-f075932590cd.jpg 2016w\" sizes=\"auto, (max-width: 840px) 100vw, 840px\" \/><\/a><figcaption id=\"caption-attachment-1958\" class=\"wp-caption-text\">M\u00fchlsteine, nichts als M\u00fchlsteine&#8230;..<\/figcaption><\/figure>\n<figure id=\"attachment_1959\" aria-describedby=\"caption-attachment-1959\" style=\"width: 840px\" class=\"wp-caption aligncenter\"><a href=\"http:\/\/wandern.minnerop.de\/wp-content\/uploads\/2019\/05\/1556785809381.b32c2b3a-646f-4c35-b202-1b4e28eba235.jpg\"><img loading=\"lazy\" decoding=\"async\" class=\"size-large wp-image-1959\" src=\"http:\/\/wandern.minnerop.de\/wp-content\/uploads\/2019\/05\/1556785809381.b32c2b3a-646f-4c35-b202-1b4e28eba235-1024x576.jpg\" alt=\"\" width=\"840\" height=\"473\" srcset=\"https:\/\/wandern.minnerop.de\/wp-content\/uploads\/2019\/05\/1556785809381.b32c2b3a-646f-4c35-b202-1b4e28eba235-1024x576.jpg 1024w, https:\/\/wandern.minnerop.de\/wp-content\/uploads\/2019\/05\/1556785809381.b32c2b3a-646f-4c35-b202-1b4e28eba235-300x169.jpg 300w, https:\/\/wandern.minnerop.de\/wp-content\/uploads\/2019\/05\/1556785809381.b32c2b3a-646f-4c35-b202-1b4e28eba235-768x432.jpg 768w, https:\/\/wandern.minnerop.de\/wp-content\/uploads\/2019\/05\/1556785809381.b32c2b3a-646f-4c35-b202-1b4e28eba235-1200x675.jpg 1200w, https:\/\/wandern.minnerop.de\/wp-content\/uploads\/2019\/05\/1556785809381.b32c2b3a-646f-4c35-b202-1b4e28eba235.jpg 2016w\" sizes=\"auto, (max-width: 840px) 100vw, 840px\" \/><\/a><figcaption id=\"caption-attachment-1959\" class=\"wp-caption-text\">Niederl\u00e4ndische Pampa<\/figcaption><\/figure>\n<p>&#8211;<\/p>\n<figure id=\"attachment_1960\" aria-describedby=\"caption-attachment-1960\" style=\"width: 840px\" class=\"wp-caption aligncenter\"><a href=\"http:\/\/wandern.minnerop.de\/wp-content\/uploads\/2019\/05\/1556786172979.b62bc2d6-ad45-415a-bcef-60e1316c00e9.jpg\"><img loading=\"lazy\" decoding=\"async\" class=\"size-large wp-image-1960\" src=\"http:\/\/wandern.minnerop.de\/wp-content\/uploads\/2019\/05\/1556786172979.b62bc2d6-ad45-415a-bcef-60e1316c00e9-1024x576.jpg\" alt=\"\" width=\"840\" height=\"473\" srcset=\"https:\/\/wandern.minnerop.de\/wp-content\/uploads\/2019\/05\/1556786172979.b62bc2d6-ad45-415a-bcef-60e1316c00e9-1024x576.jpg 1024w, https:\/\/wandern.minnerop.de\/wp-content\/uploads\/2019\/05\/1556786172979.b62bc2d6-ad45-415a-bcef-60e1316c00e9-300x169.jpg 300w, https:\/\/wandern.minnerop.de\/wp-content\/uploads\/2019\/05\/1556786172979.b62bc2d6-ad45-415a-bcef-60e1316c00e9-768x432.jpg 768w, https:\/\/wandern.minnerop.de\/wp-content\/uploads\/2019\/05\/1556786172979.b62bc2d6-ad45-415a-bcef-60e1316c00e9-1200x675.jpg 1200w, https:\/\/wandern.minnerop.de\/wp-content\/uploads\/2019\/05\/1556786172979.b62bc2d6-ad45-415a-bcef-60e1316c00e9.jpg 2016w\" sizes=\"auto, (max-width: 840px) 100vw, 840px\" \/><\/a><figcaption id=\"caption-attachment-1960\" class=\"wp-caption-text\">Immer wieder kleine Gew\u00e4sser<\/figcaption><\/figure>\n<p>An der n\u00e4chsten Br\u00fccke geht es \u00fcber das W\u00e4sserchen. Hier verl\u00e4sst der E9 bereits die Niederlande. Fr\u00fcher war der Weg hier eine Fluchtroute der Kommunisten und Juden vor den Nazis. Eine Gedenktafel behandelt den E9, daneben die Tafel \u00fcber die Fluchtroute.<\/p>\n<figure id=\"attachment_1961\" aria-describedby=\"caption-attachment-1961\" style=\"width: 840px\" class=\"wp-caption aligncenter\"><a href=\"http:\/\/wandern.minnerop.de\/wp-content\/uploads\/2019\/05\/1556786538788.aa698510-7950-4f41-85f0-551467b2de78.jpg\"><img loading=\"lazy\" decoding=\"async\" class=\"size-large wp-image-1961\" src=\"http:\/\/wandern.minnerop.de\/wp-content\/uploads\/2019\/05\/1556786538788.aa698510-7950-4f41-85f0-551467b2de78-1024x576.jpg\" alt=\"\" width=\"840\" height=\"473\" srcset=\"https:\/\/wandern.minnerop.de\/wp-content\/uploads\/2019\/05\/1556786538788.aa698510-7950-4f41-85f0-551467b2de78-1024x576.jpg 1024w, https:\/\/wandern.minnerop.de\/wp-content\/uploads\/2019\/05\/1556786538788.aa698510-7950-4f41-85f0-551467b2de78-300x169.jpg 300w, https:\/\/wandern.minnerop.de\/wp-content\/uploads\/2019\/05\/1556786538788.aa698510-7950-4f41-85f0-551467b2de78-768x432.jpg 768w, https:\/\/wandern.minnerop.de\/wp-content\/uploads\/2019\/05\/1556786538788.aa698510-7950-4f41-85f0-551467b2de78-1200x675.jpg 1200w, https:\/\/wandern.minnerop.de\/wp-content\/uploads\/2019\/05\/1556786538788.aa698510-7950-4f41-85f0-551467b2de78.jpg 2016w\" sizes=\"auto, (max-width: 840px) 100vw, 840px\" \/><\/a><figcaption id=\"caption-attachment-1961\" class=\"wp-caption-text\">\u00dcber diese Br\u00fccke geht es nach Deutschland<\/figcaption><\/figure>\n<figure id=\"attachment_1962\" aria-describedby=\"caption-attachment-1962\" style=\"width: 840px\" class=\"wp-caption aligncenter\"><a href=\"http:\/\/wandern.minnerop.de\/wp-content\/uploads\/2019\/05\/1556786731901.12da45e0-235a-4cf8-be61-0bb7f64ccbca.jpg\"><img loading=\"lazy\" decoding=\"async\" class=\"size-large wp-image-1962\" src=\"http:\/\/wandern.minnerop.de\/wp-content\/uploads\/2019\/05\/1556786731901.12da45e0-235a-4cf8-be61-0bb7f64ccbca-1024x576.jpg\" alt=\"\" width=\"840\" height=\"473\" srcset=\"https:\/\/wandern.minnerop.de\/wp-content\/uploads\/2019\/05\/1556786731901.12da45e0-235a-4cf8-be61-0bb7f64ccbca-1024x576.jpg 1024w, https:\/\/wandern.minnerop.de\/wp-content\/uploads\/2019\/05\/1556786731901.12da45e0-235a-4cf8-be61-0bb7f64ccbca-300x169.jpg 300w, https:\/\/wandern.minnerop.de\/wp-content\/uploads\/2019\/05\/1556786731901.12da45e0-235a-4cf8-be61-0bb7f64ccbca-768x432.jpg 768w, https:\/\/wandern.minnerop.de\/wp-content\/uploads\/2019\/05\/1556786731901.12da45e0-235a-4cf8-be61-0bb7f64ccbca-1200x675.jpg 1200w, https:\/\/wandern.minnerop.de\/wp-content\/uploads\/2019\/05\/1556786731901.12da45e0-235a-4cf8-be61-0bb7f64ccbca.jpg 2016w\" sizes=\"auto, (max-width: 840px) 100vw, 840px\" \/><\/a><figcaption id=\"caption-attachment-1962\" class=\"wp-caption-text\">Ehemalige Fluchtroute vor den Nazis<\/figcaption><\/figure>\n<p>Vielen Dank liebe Niederl\u00e4nder, f\u00fcr die Hilfe f\u00fcr unsere Landsleute!<\/p>\n<figure id=\"attachment_1963\" aria-describedby=\"caption-attachment-1963\" style=\"width: 840px\" class=\"wp-caption aligncenter\"><a href=\"http:\/\/wandern.minnerop.de\/wp-content\/uploads\/2019\/05\/1556786632649.f8e3af2c-3e4c-45ba-bf84-06c52e26c49d.jpg\"><img loading=\"lazy\" decoding=\"async\" class=\"size-large wp-image-1963\" src=\"http:\/\/wandern.minnerop.de\/wp-content\/uploads\/2019\/05\/1556786632649.f8e3af2c-3e4c-45ba-bf84-06c52e26c49d-1024x576.jpg\" alt=\"\" width=\"840\" height=\"473\" srcset=\"https:\/\/wandern.minnerop.de\/wp-content\/uploads\/2019\/05\/1556786632649.f8e3af2c-3e4c-45ba-bf84-06c52e26c49d-1024x576.jpg 1024w, https:\/\/wandern.minnerop.de\/wp-content\/uploads\/2019\/05\/1556786632649.f8e3af2c-3e4c-45ba-bf84-06c52e26c49d-300x169.jpg 300w, https:\/\/wandern.minnerop.de\/wp-content\/uploads\/2019\/05\/1556786632649.f8e3af2c-3e4c-45ba-bf84-06c52e26c49d-768x432.jpg 768w, https:\/\/wandern.minnerop.de\/wp-content\/uploads\/2019\/05\/1556786632649.f8e3af2c-3e4c-45ba-bf84-06c52e26c49d-1200x675.jpg 1200w, https:\/\/wandern.minnerop.de\/wp-content\/uploads\/2019\/05\/1556786632649.f8e3af2c-3e4c-45ba-bf84-06c52e26c49d.jpg 2016w\" sizes=\"auto, (max-width: 840px) 100vw, 840px\" \/><\/a><figcaption id=\"caption-attachment-1963\" class=\"wp-caption-text\">Europ\u00e4ischer Fernwanderweg E9 Hinweistafel<\/figcaption><\/figure>\n<p>Der Weg ging dann l\u00e4nger parallel zur Bimmelbahn. Die Windr\u00e4der hatten sich im Halbkreis aufgestellt und wunderten sich \u00fcber den Wanderer.<\/p>\n<figure id=\"attachment_1965\" aria-describedby=\"caption-attachment-1965\" style=\"width: 576px\" class=\"wp-caption aligncenter\"><a href=\"http:\/\/wandern.minnerop.de\/wp-content\/uploads\/2019\/05\/20190502_111450-e1556819494719.jpg\"><img loading=\"lazy\" decoding=\"async\" class=\"size-large wp-image-1965\" src=\"http:\/\/wandern.minnerop.de\/wp-content\/uploads\/2019\/05\/20190502_111450-e1556819494719-576x1024.jpg\" alt=\"\" width=\"576\" height=\"1024\" srcset=\"https:\/\/wandern.minnerop.de\/wp-content\/uploads\/2019\/05\/20190502_111450-e1556819494719-576x1024.jpg 576w, https:\/\/wandern.minnerop.de\/wp-content\/uploads\/2019\/05\/20190502_111450-e1556819494719-169x300.jpg 169w, https:\/\/wandern.minnerop.de\/wp-content\/uploads\/2019\/05\/20190502_111450-e1556819494719-768x1365.jpg 768w, https:\/\/wandern.minnerop.de\/wp-content\/uploads\/2019\/05\/20190502_111450-e1556819494719-1200x2133.jpg 1200w\" sizes=\"auto, (max-width: 576px) 100vw, 576px\" \/><\/a><figcaption id=\"caption-attachment-1965\" class=\"wp-caption-text\">Die Windbr\u00e4ute stehen im Halbkreis um den winzigen Wanderer<\/figcaption><\/figure>\n<figure id=\"attachment_1966\" aria-describedby=\"caption-attachment-1966\" style=\"width: 576px\" class=\"wp-caption aligncenter\"><a href=\"http:\/\/wandern.minnerop.de\/wp-content\/uploads\/2019\/05\/1556787098426.e54b8da3-6dc3-422f-a9d0-f7070354c9da.jpg\"><img loading=\"lazy\" decoding=\"async\" class=\"size-large wp-image-1966\" src=\"http:\/\/wandern.minnerop.de\/wp-content\/uploads\/2019\/05\/1556787098426.e54b8da3-6dc3-422f-a9d0-f7070354c9da-576x1024.jpg\" alt=\"\" width=\"576\" height=\"1024\" srcset=\"https:\/\/wandern.minnerop.de\/wp-content\/uploads\/2019\/05\/1556787098426.e54b8da3-6dc3-422f-a9d0-f7070354c9da-576x1024.jpg 576w, https:\/\/wandern.minnerop.de\/wp-content\/uploads\/2019\/05\/1556787098426.e54b8da3-6dc3-422f-a9d0-f7070354c9da-169x300.jpg 169w, https:\/\/wandern.minnerop.de\/wp-content\/uploads\/2019\/05\/1556787098426.e54b8da3-6dc3-422f-a9d0-f7070354c9da-768x1365.jpg 768w, https:\/\/wandern.minnerop.de\/wp-content\/uploads\/2019\/05\/1556787098426.e54b8da3-6dc3-422f-a9d0-f7070354c9da.jpg 1134w\" sizes=\"auto, (max-width: 576px) 100vw, 576px\" \/><\/a><figcaption id=\"caption-attachment-1966\" class=\"wp-caption-text\">Immer an der Bahn lang&#8230;.<\/figcaption><\/figure>\n<p>Der Weg und die Bahn trennten sich bald von der Stra\u00dfe. Auch hier kommt der Umweltschutz langsam an, w\u00e4hrend die Felder meist industriell bewirtschaftet werden.<\/p>\n<p><em><a href=\"http:\/\/wandern.minnerop.de\/wp-content\/uploads\/2019\/05\/1556789580237.5c1c8ba7-4c6c-4ac9-ae96-125358ee3b78.jpg\"><img loading=\"lazy\" decoding=\"async\" class=\"aligncenter size-large wp-image-1967\" src=\"http:\/\/wandern.minnerop.de\/wp-content\/uploads\/2019\/05\/1556789580237.5c1c8ba7-4c6c-4ac9-ae96-125358ee3b78-576x1024.jpg\" alt=\"\" width=\"576\" height=\"1024\" srcset=\"https:\/\/wandern.minnerop.de\/wp-content\/uploads\/2019\/05\/1556789580237.5c1c8ba7-4c6c-4ac9-ae96-125358ee3b78-576x1024.jpg 576w, https:\/\/wandern.minnerop.de\/wp-content\/uploads\/2019\/05\/1556789580237.5c1c8ba7-4c6c-4ac9-ae96-125358ee3b78-169x300.jpg 169w, https:\/\/wandern.minnerop.de\/wp-content\/uploads\/2019\/05\/1556789580237.5c1c8ba7-4c6c-4ac9-ae96-125358ee3b78-768x1365.jpg 768w, https:\/\/wandern.minnerop.de\/wp-content\/uploads\/2019\/05\/1556789580237.5c1c8ba7-4c6c-4ac9-ae96-125358ee3b78.jpg 1134w\" sizes=\"auto, (max-width: 576px) 100vw, 576px\" \/><\/a><\/em>Es ging dann noch durch einen kleinen Ort mit ein Windm\u00fchle, die noch arbeitet. Dann ging es durch ein sch\u00f6nes Naturschutzgebiet mit Feuchtwiesen, und dann kamen langsam die Vororte von Weener, dem Etappenziel. Von hier wieder mit dem Bus nach Leer.<\/p>\n<p>Morgen dann wieder mit dem Bus nach Weener, und dann die Etappe Weener-Leer.<\/p>\n<p><a href=\"http:\/\/wandern.minnerop.de\/wp-content\/uploads\/2019\/05\/1556791696299.1cc508a6-9b7f-4f9e-85f0-504d728f081c.jpg\"><img loading=\"lazy\" decoding=\"async\" class=\"aligncenter size-large wp-image-1968\" src=\"http:\/\/wandern.minnerop.de\/wp-content\/uploads\/2019\/05\/1556791696299.1cc508a6-9b7f-4f9e-85f0-504d728f081c-576x1024.jpg\" alt=\"\" width=\"576\" height=\"1024\" srcset=\"https:\/\/wandern.minnerop.de\/wp-content\/uploads\/2019\/05\/1556791696299.1cc508a6-9b7f-4f9e-85f0-504d728f081c-576x1024.jpg 576w, https:\/\/wandern.minnerop.de\/wp-content\/uploads\/2019\/05\/1556791696299.1cc508a6-9b7f-4f9e-85f0-504d728f081c-169x300.jpg 169w, https:\/\/wandern.minnerop.de\/wp-content\/uploads\/2019\/05\/1556791696299.1cc508a6-9b7f-4f9e-85f0-504d728f081c-768x1365.jpg 768w, https:\/\/wandern.minnerop.de\/wp-content\/uploads\/2019\/05\/1556791696299.1cc508a6-9b7f-4f9e-85f0-504d728f081c.jpg 1134w\" sizes=\"auto, (max-width: 576px) 100vw, 576px\" \/><\/a><\/p>\n<figure id=\"attachment_1969\" aria-describedby=\"caption-attachment-1969\" style=\"width: 576px\" class=\"wp-caption aligncenter\"><a href=\"http:\/\/wandern.minnerop.de\/wp-content\/uploads\/2019\/05\/1556791812188.a93d918c-b778-446a-85cc-cadfa4606354.jpg\"><img loading=\"lazy\" decoding=\"async\" class=\"size-large wp-image-1969\" src=\"http:\/\/wandern.minnerop.de\/wp-content\/uploads\/2019\/05\/1556791812188.a93d918c-b778-446a-85cc-cadfa4606354-576x1024.jpg\" alt=\"\" width=\"576\" height=\"1024\" srcset=\"https:\/\/wandern.minnerop.de\/wp-content\/uploads\/2019\/05\/1556791812188.a93d918c-b778-446a-85cc-cadfa4606354-576x1024.jpg 576w, https:\/\/wandern.minnerop.de\/wp-content\/uploads\/2019\/05\/1556791812188.a93d918c-b778-446a-85cc-cadfa4606354-169x300.jpg 169w, https:\/\/wandern.minnerop.de\/wp-content\/uploads\/2019\/05\/1556791812188.a93d918c-b778-446a-85cc-cadfa4606354-768x1365.jpg 768w, https:\/\/wandern.minnerop.de\/wp-content\/uploads\/2019\/05\/1556791812188.a93d918c-b778-446a-85cc-cadfa4606354.jpg 1134w\" sizes=\"auto, (max-width: 576px) 100vw, 576px\" \/><\/a><figcaption id=\"caption-attachment-1969\" class=\"wp-caption-text\">Diese Windm\u00fchle arbeitet noch produktiv.<\/figcaption><\/figure>\n<p><a href=\"http:\/\/wandern.minnerop.de\/wp-content\/uploads\/2019\/05\/1556794536682.59446b47-822e-4d23-95cc-888257db3d32.jpg\"><img loading=\"lazy\" decoding=\"async\" class=\"aligncenter size-large wp-image-1970\" src=\"http:\/\/wandern.minnerop.de\/wp-content\/uploads\/2019\/05\/1556794536682.59446b47-822e-4d23-95cc-888257db3d32-1024x576.jpg\" alt=\"\" width=\"840\" height=\"473\" srcset=\"https:\/\/wandern.minnerop.de\/wp-content\/uploads\/2019\/05\/1556794536682.59446b47-822e-4d23-95cc-888257db3d32-1024x576.jpg 1024w, https:\/\/wandern.minnerop.de\/wp-content\/uploads\/2019\/05\/1556794536682.59446b47-822e-4d23-95cc-888257db3d32-300x169.jpg 300w, https:\/\/wandern.minnerop.de\/wp-content\/uploads\/2019\/05\/1556794536682.59446b47-822e-4d23-95cc-888257db3d32-768x432.jpg 768w, https:\/\/wandern.minnerop.de\/wp-content\/uploads\/2019\/05\/1556794536682.59446b47-822e-4d23-95cc-888257db3d32-1200x675.jpg 1200w, https:\/\/wandern.minnerop.de\/wp-content\/uploads\/2019\/05\/1556794536682.59446b47-822e-4d23-95cc-888257db3d32.jpg 2016w\" sizes=\"auto, (max-width: 840px) 100vw, 840px\" \/><\/a><\/p>\n<figure id=\"attachment_1971\" aria-describedby=\"caption-attachment-1971\" style=\"width: 840px\" class=\"wp-caption aligncenter\"><a href=\"http:\/\/wandern.minnerop.de\/wp-content\/uploads\/2019\/05\/1556794567876.c4705032-85c4-49a0-b6ac-28711de3556e.jpg\"><img loading=\"lazy\" decoding=\"async\" class=\"size-large wp-image-1971\" src=\"http:\/\/wandern.minnerop.de\/wp-content\/uploads\/2019\/05\/1556794567876.c4705032-85c4-49a0-b6ac-28711de3556e-1024x576.jpg\" alt=\"\" width=\"840\" height=\"473\" srcset=\"https:\/\/wandern.minnerop.de\/wp-content\/uploads\/2019\/05\/1556794567876.c4705032-85c4-49a0-b6ac-28711de3556e-1024x576.jpg 1024w, https:\/\/wandern.minnerop.de\/wp-content\/uploads\/2019\/05\/1556794567876.c4705032-85c4-49a0-b6ac-28711de3556e-300x169.jpg 300w, https:\/\/wandern.minnerop.de\/wp-content\/uploads\/2019\/05\/1556794567876.c4705032-85c4-49a0-b6ac-28711de3556e-768x432.jpg 768w, https:\/\/wandern.minnerop.de\/wp-content\/uploads\/2019\/05\/1556794567876.c4705032-85c4-49a0-b6ac-28711de3556e-1200x675.jpg 1200w, https:\/\/wandern.minnerop.de\/wp-content\/uploads\/2019\/05\/1556794567876.c4705032-85c4-49a0-b6ac-28711de3556e.jpg 2016w\" sizes=\"auto, (max-width: 840px) 100vw, 840px\" \/><\/a><figcaption id=\"caption-attachment-1971\" class=\"wp-caption-text\">Naturschutzgebiet P\u00fcttenbollen bei Weener<\/figcaption><\/figure>\n<figure id=\"attachment_1972\" aria-describedby=\"caption-attachment-1972\" style=\"width: 840px\" class=\"wp-caption aligncenter\"><a href=\"http:\/\/wandern.minnerop.de\/wp-content\/uploads\/2019\/05\/1556793316999.260f47d5-38c9-4524-947f-51ecf1eba21b.jpg\"><img loading=\"lazy\" decoding=\"async\" class=\"size-large wp-image-1972\" src=\"http:\/\/wandern.minnerop.de\/wp-content\/uploads\/2019\/05\/1556793316999.260f47d5-38c9-4524-947f-51ecf1eba21b-1024x576.jpg\" alt=\"\" width=\"840\" height=\"473\" srcset=\"https:\/\/wandern.minnerop.de\/wp-content\/uploads\/2019\/05\/1556793316999.260f47d5-38c9-4524-947f-51ecf1eba21b-1024x576.jpg 1024w, https:\/\/wandern.minnerop.de\/wp-content\/uploads\/2019\/05\/1556793316999.260f47d5-38c9-4524-947f-51ecf1eba21b-300x169.jpg 300w, https:\/\/wandern.minnerop.de\/wp-content\/uploads\/2019\/05\/1556793316999.260f47d5-38c9-4524-947f-51ecf1eba21b-768x432.jpg 768w, https:\/\/wandern.minnerop.de\/wp-content\/uploads\/2019\/05\/1556793316999.260f47d5-38c9-4524-947f-51ecf1eba21b-1200x675.jpg 1200w, https:\/\/wandern.minnerop.de\/wp-content\/uploads\/2019\/05\/1556793316999.260f47d5-38c9-4524-947f-51ecf1eba21b.jpg 2016w\" sizes=\"auto, (max-width: 840px) 100vw, 840px\" \/><\/a><figcaption id=\"caption-attachment-1972\" class=\"wp-caption-text\">Impressionen vom Weg<\/figcaption><\/figure>\n<figure id=\"attachment_1974\" aria-describedby=\"caption-attachment-1974\" style=\"width: 840px\" class=\"wp-caption aligncenter\"><a href=\"http:\/\/wandern.minnerop.de\/wp-content\/uploads\/2019\/05\/1556795840301.581755e9-9813-4ffc-8eda-031cfaa1547a.jpg\"><img loading=\"lazy\" decoding=\"async\" class=\"size-large wp-image-1974\" src=\"http:\/\/wandern.minnerop.de\/wp-content\/uploads\/2019\/05\/1556795840301.581755e9-9813-4ffc-8eda-031cfaa1547a-1024x576.jpg\" alt=\"\" width=\"840\" height=\"473\" srcset=\"https:\/\/wandern.minnerop.de\/wp-content\/uploads\/2019\/05\/1556795840301.581755e9-9813-4ffc-8eda-031cfaa1547a-1024x576.jpg 1024w, https:\/\/wandern.minnerop.de\/wp-content\/uploads\/2019\/05\/1556795840301.581755e9-9813-4ffc-8eda-031cfaa1547a-300x169.jpg 300w, https:\/\/wandern.minnerop.de\/wp-content\/uploads\/2019\/05\/1556795840301.581755e9-9813-4ffc-8eda-031cfaa1547a-768x432.jpg 768w, https:\/\/wandern.minnerop.de\/wp-content\/uploads\/2019\/05\/1556795840301.581755e9-9813-4ffc-8eda-031cfaa1547a-1200x675.jpg 1200w, https:\/\/wandern.minnerop.de\/wp-content\/uploads\/2019\/05\/1556795840301.581755e9-9813-4ffc-8eda-031cfaa1547a.jpg 2016w\" sizes=\"auto, (max-width: 840px) 100vw, 840px\" \/><\/a><figcaption id=\"caption-attachment-1974\" class=\"wp-caption-text\">Niederlande? Nein, Weener in Ostfriesland<\/figcaption><\/figure>\n<p>In Leer angekommen durchst\u00f6berte ich dann noch den n\u00f6rdlichen Teil des Ortes und kam durch einen sch\u00f6nen Park mit viel Wald.<\/p>\n<figure id=\"attachment_1975\" aria-describedby=\"caption-attachment-1975\" style=\"width: 840px\" class=\"wp-caption aligncenter\"><a href=\"http:\/\/wandern.minnerop.de\/wp-content\/uploads\/2019\/05\/20190502_151244.jpg\"><img loading=\"lazy\" decoding=\"async\" class=\"size-large wp-image-1975\" src=\"http:\/\/wandern.minnerop.de\/wp-content\/uploads\/2019\/05\/20190502_151244-1024x576.jpg\" alt=\"\" width=\"840\" height=\"473\" srcset=\"https:\/\/wandern.minnerop.de\/wp-content\/uploads\/2019\/05\/20190502_151244-1024x576.jpg 1024w, https:\/\/wandern.minnerop.de\/wp-content\/uploads\/2019\/05\/20190502_151244-300x169.jpg 300w, https:\/\/wandern.minnerop.de\/wp-content\/uploads\/2019\/05\/20190502_151244-768x432.jpg 768w, https:\/\/wandern.minnerop.de\/wp-content\/uploads\/2019\/05\/20190502_151244-1200x675.jpg 1200w\" sizes=\"auto, (max-width: 840px) 100vw, 840px\" \/><\/a><figcaption id=\"caption-attachment-1975\" class=\"wp-caption-text\">Park in Leer<\/figcaption><\/figure>\n","protected":false},"excerpt":{"rendered":"<p>Heute dann, bei diesigem, aber weitestgehend trockenem Wetter, die erste Wanderung. Ich war mit Bus und Bahn von Leer zum Startpunkt in Bad Nieuweschanz gefahren. Wie der Name schon sagt, liegt das in den Niederlanden. Zuerst ging es direkt \u00fcber eine Kanal-Hebebr\u00fccke, vorbei an einer gro\u00dfen Fabrik mit M\u00fchlsteinen und dann ab in die niederl\u00e4ndische [&hellip;]<\/p>\n","protected":false},"author":1,"featured_media":0,"comment_status":"open","ping_status":"open","sticky":false,"template":"","format":"standard","meta":{"footnotes":""},"categories":[14],"tags":[21,16,17,18,22],"class_list":["post-1954","post","type-post","status-publish","format-standard","hentry","category-e9-wanderungen","tag-bad-nieuweschanz","tag-e9","tag-leer","tag-ostfriesland","tag-weener"],"_links":{"self":[{"href":"https:\/\/wandern.minnerop.de\/index.php?rest_route=\/wp\/v2\/posts\/1954","targetHints":{"allow":["GET"]}}],"collection":[{"href":"https:\/\/wandern.minnerop.de\/index.php?rest_route=\/wp\/v2\/posts"}],"about":[{"href":"https:\/\/wandern.minnerop.de\/index.php?rest_route=\/wp\/v2\/types\/post"}],"author":[{"embeddable":true,"href":"https:\/\/wandern.minnerop.de\/index.php?rest_route=\/wp\/v2\/users\/1"}],"replies":[{"embeddable":true,"href":"https:\/\/wandern.minnerop.de\/index.php?rest_route=%2Fwp%2Fv2%2Fcomments&post=1954"}],"version-history":[{"count":5,"href":"https:\/\/wandern.minnerop.de\/index.php?rest_route=\/wp\/v2\/posts\/1954\/revisions"}],"predecessor-version":[{"id":2489,"href":"https:\/\/wandern.minnerop.de\/index.php?rest_route=\/wp\/v2\/posts\/1954\/revisions\/2489"}],"wp:attachment":[{"href":"https:\/\/wandern.minnerop.de\/index.php?rest_route=%2Fwp%2Fv2%2Fmedia&parent=1954"}],"wp:term":[{"taxonomy":"category","embeddable":true,"href":"https:\/\/wandern.minnerop.de\/index.php?rest_route=%2Fwp%2Fv2%2Fcategories&post=1954"},{"taxonomy":"post_tag","embeddable":true,"href":"https:\/\/wandern.minnerop.de\/index.php?rest_route=%2Fwp%2Fv2%2Ftags&post=1954"}],"curies":[{"name":"wp","href":"https:\/\/api.w.org\/{rel}","templated":true}]}}