{"id":1981,"date":"2019-05-03T19:14:27","date_gmt":"2019-05-03T17:14:27","guid":{"rendered":"http:\/\/wandern.minnerop.de\/?p=1981"},"modified":"2019-05-03T19:14:27","modified_gmt":"2019-05-03T17:14:27","slug":"tag-2-auf-dem-e9-von-weener-nach-leer-194km","status":"publish","type":"post","link":"https:\/\/wandern.minnerop.de\/?p=1981","title":{"rendered":"Tag 2 auf dem E9 von Weener nach Leer, 19,4km"},"content":{"rendered":"<figure id=\"attachment_1982\" aria-describedby=\"caption-attachment-1982\" style=\"width: 576px\" class=\"wp-caption aligncenter\"><a href=\"http:\/\/wandern.minnerop.de\/wp-content\/uploads\/2019\/05\/1556867365640.031edd61-6ab6-478a-bade-7058924195df.jpg\"><img loading=\"lazy\" decoding=\"async\" class=\"size-large wp-image-1982\" src=\"http:\/\/wandern.minnerop.de\/wp-content\/uploads\/2019\/05\/1556867365640.031edd61-6ab6-478a-bade-7058924195df-576x1024.jpg\" alt=\"\" width=\"576\" height=\"1024\" srcset=\"https:\/\/wandern.minnerop.de\/wp-content\/uploads\/2019\/05\/1556867365640.031edd61-6ab6-478a-bade-7058924195df-576x1024.jpg 576w, https:\/\/wandern.minnerop.de\/wp-content\/uploads\/2019\/05\/1556867365640.031edd61-6ab6-478a-bade-7058924195df-169x300.jpg 169w, https:\/\/wandern.minnerop.de\/wp-content\/uploads\/2019\/05\/1556867365640.031edd61-6ab6-478a-bade-7058924195df-768x1365.jpg 768w, https:\/\/wandern.minnerop.de\/wp-content\/uploads\/2019\/05\/1556867365640.031edd61-6ab6-478a-bade-7058924195df.jpg 1134w\" sizes=\"auto, (max-width: 576px) 100vw, 576px\" \/><\/a><figcaption id=\"caption-attachment-1982\" class=\"wp-caption-text\">Altstadt von Weener<\/figcaption><\/figure>\n<p>Das war heute eine richtig sch\u00f6ne Wanderung! Sie begann mit herrlichem Sonnenschein. Ich fuhr mit dem Bus von Leer nach Weener. Dort begann die Tour am Bahnhof, und f\u00fchrte dann durch die Altstadt zum Hafen. Hier wurde fr\u00fcher viel Torf angelandet, und von den Torffrauen umgeladen. Daf\u00fcr wurde ihnen ein Denkmal errichtet.<\/p>\n<p><!--more--><\/p>\n<figure id=\"attachment_1984\" aria-describedby=\"caption-attachment-1984\" style=\"width: 840px\" class=\"wp-caption aligncenter\"><a href=\"http:\/\/wandern.minnerop.de\/wp-content\/uploads\/2019\/05\/1556867788584.c0f52651-1dc2-4512-840d-86a566383dfb.jpg\"><img loading=\"lazy\" decoding=\"async\" class=\"size-large wp-image-1984\" src=\"http:\/\/wandern.minnerop.de\/wp-content\/uploads\/2019\/05\/1556867788584.c0f52651-1dc2-4512-840d-86a566383dfb-1024x576.jpg\" alt=\"\" width=\"840\" height=\"473\" srcset=\"https:\/\/wandern.minnerop.de\/wp-content\/uploads\/2019\/05\/1556867788584.c0f52651-1dc2-4512-840d-86a566383dfb-1024x576.jpg 1024w, https:\/\/wandern.minnerop.de\/wp-content\/uploads\/2019\/05\/1556867788584.c0f52651-1dc2-4512-840d-86a566383dfb-300x169.jpg 300w, https:\/\/wandern.minnerop.de\/wp-content\/uploads\/2019\/05\/1556867788584.c0f52651-1dc2-4512-840d-86a566383dfb-768x432.jpg 768w, https:\/\/wandern.minnerop.de\/wp-content\/uploads\/2019\/05\/1556867788584.c0f52651-1dc2-4512-840d-86a566383dfb-1200x675.jpg 1200w, https:\/\/wandern.minnerop.de\/wp-content\/uploads\/2019\/05\/1556867788584.c0f52651-1dc2-4512-840d-86a566383dfb.jpg 2016w\" sizes=\"auto, (max-width: 840px) 100vw, 840px\" \/><\/a><figcaption id=\"caption-attachment-1984\" class=\"wp-caption-text\">Die Torffrauen von Weener<\/figcaption><\/figure>\n<p><a href=\"http:\/\/wandern.minnerop.de\/wp-content\/uploads\/2019\/05\/1556867820126.16e9035d-48a6-4512-8329-322b6bda916f.jpg\"><img loading=\"lazy\" decoding=\"async\" class=\"aligncenter size-large wp-image-1985\" src=\"http:\/\/wandern.minnerop.de\/wp-content\/uploads\/2019\/05\/1556867820126.16e9035d-48a6-4512-8329-322b6bda916f-576x1024.jpg\" alt=\"\" width=\"576\" height=\"1024\" srcset=\"https:\/\/wandern.minnerop.de\/wp-content\/uploads\/2019\/05\/1556867820126.16e9035d-48a6-4512-8329-322b6bda916f-576x1024.jpg 576w, https:\/\/wandern.minnerop.de\/wp-content\/uploads\/2019\/05\/1556867820126.16e9035d-48a6-4512-8329-322b6bda916f-169x300.jpg 169w, https:\/\/wandern.minnerop.de\/wp-content\/uploads\/2019\/05\/1556867820126.16e9035d-48a6-4512-8329-322b6bda916f-768x1365.jpg 768w, https:\/\/wandern.minnerop.de\/wp-content\/uploads\/2019\/05\/1556867820126.16e9035d-48a6-4512-8329-322b6bda916f.jpg 1134w\" sizes=\"auto, (max-width: 576px) 100vw, 576px\" \/><\/a><\/p>\n<p>Vorbei am Denkmal ging es nun durch den erstaunlich gro\u00dfen Hafen. Hier liegen die unterschiedlichsten Schiffe. Viele sind sehr alt und dienen Ferienzwecken. Es gibt aber auch ganz moderne Boote und Schiffe.<\/p>\n<figure id=\"attachment_1986\" aria-describedby=\"caption-attachment-1986\" style=\"width: 840px\" class=\"wp-caption aligncenter\"><a href=\"http:\/\/wandern.minnerop.de\/wp-content\/uploads\/2019\/05\/1556868261772.517f526a-bfcf-4fe5-9413-9fc30d4fefca.jpg\"><img loading=\"lazy\" decoding=\"async\" class=\"size-large wp-image-1986\" src=\"http:\/\/wandern.minnerop.de\/wp-content\/uploads\/2019\/05\/1556868261772.517f526a-bfcf-4fe5-9413-9fc30d4fefca-1024x576.jpg\" alt=\"\" width=\"840\" height=\"473\" srcset=\"https:\/\/wandern.minnerop.de\/wp-content\/uploads\/2019\/05\/1556868261772.517f526a-bfcf-4fe5-9413-9fc30d4fefca-1024x576.jpg 1024w, https:\/\/wandern.minnerop.de\/wp-content\/uploads\/2019\/05\/1556868261772.517f526a-bfcf-4fe5-9413-9fc30d4fefca-300x169.jpg 300w, https:\/\/wandern.minnerop.de\/wp-content\/uploads\/2019\/05\/1556868261772.517f526a-bfcf-4fe5-9413-9fc30d4fefca-768x432.jpg 768w, https:\/\/wandern.minnerop.de\/wp-content\/uploads\/2019\/05\/1556868261772.517f526a-bfcf-4fe5-9413-9fc30d4fefca-1200x675.jpg 1200w, https:\/\/wandern.minnerop.de\/wp-content\/uploads\/2019\/05\/1556868261772.517f526a-bfcf-4fe5-9413-9fc30d4fefca.jpg 2016w\" sizes=\"auto, (max-width: 840px) 100vw, 840px\" \/><\/a><figcaption id=\"caption-attachment-1986\" class=\"wp-caption-text\">Hafen Weener<\/figcaption><\/figure>\n<figure id=\"attachment_1987\" aria-describedby=\"caption-attachment-1987\" style=\"width: 840px\" class=\"wp-caption aligncenter\"><a href=\"http:\/\/wandern.minnerop.de\/wp-content\/uploads\/2019\/05\/20190503_092821.jpg\"><img loading=\"lazy\" decoding=\"async\" class=\"size-large wp-image-1987\" src=\"http:\/\/wandern.minnerop.de\/wp-content\/uploads\/2019\/05\/20190503_092821-1024x576.jpg\" alt=\"\" width=\"840\" height=\"473\" srcset=\"https:\/\/wandern.minnerop.de\/wp-content\/uploads\/2019\/05\/20190503_092821-1024x576.jpg 1024w, https:\/\/wandern.minnerop.de\/wp-content\/uploads\/2019\/05\/20190503_092821-300x169.jpg 300w, https:\/\/wandern.minnerop.de\/wp-content\/uploads\/2019\/05\/20190503_092821-768x432.jpg 768w, https:\/\/wandern.minnerop.de\/wp-content\/uploads\/2019\/05\/20190503_092821-1200x675.jpg 1200w\" sizes=\"auto, (max-width: 840px) 100vw, 840px\" \/><\/a><figcaption id=\"caption-attachment-1987\" class=\"wp-caption-text\">Hafen Weener<\/figcaption><\/figure>\n<p>Am Ende des Hafens begann eine ganz andere Welt. Ab jetzt ging es mal hinter, mal auf dem Deich weiter. \u00dcberall Schafherden, die das frische Gras genossen.<\/p>\n<figure id=\"attachment_1988\" aria-describedby=\"caption-attachment-1988\" style=\"width: 840px\" class=\"wp-caption aligncenter\"><a href=\"http:\/\/wandern.minnerop.de\/wp-content\/uploads\/2019\/05\/1556868942437.6be2ea05-d617-4c89-8cda-a9b0886d94cf.jpg\"><img loading=\"lazy\" decoding=\"async\" class=\"size-large wp-image-1988\" src=\"http:\/\/wandern.minnerop.de\/wp-content\/uploads\/2019\/05\/1556868942437.6be2ea05-d617-4c89-8cda-a9b0886d94cf-1024x576.jpg\" alt=\"\" width=\"840\" height=\"473\" srcset=\"https:\/\/wandern.minnerop.de\/wp-content\/uploads\/2019\/05\/1556868942437.6be2ea05-d617-4c89-8cda-a9b0886d94cf-1024x576.jpg 1024w, https:\/\/wandern.minnerop.de\/wp-content\/uploads\/2019\/05\/1556868942437.6be2ea05-d617-4c89-8cda-a9b0886d94cf-300x169.jpg 300w, https:\/\/wandern.minnerop.de\/wp-content\/uploads\/2019\/05\/1556868942437.6be2ea05-d617-4c89-8cda-a9b0886d94cf-768x432.jpg 768w, https:\/\/wandern.minnerop.de\/wp-content\/uploads\/2019\/05\/1556868942437.6be2ea05-d617-4c89-8cda-a9b0886d94cf-1200x675.jpg 1200w, https:\/\/wandern.minnerop.de\/wp-content\/uploads\/2019\/05\/1556868942437.6be2ea05-d617-4c89-8cda-a9b0886d94cf.jpg 2016w\" sizes=\"auto, (max-width: 840px) 100vw, 840px\" \/><\/a><figcaption id=\"caption-attachment-1988\" class=\"wp-caption-text\">erster Blick auf die Ems<\/figcaption><\/figure>\n<p>Dann mal die Variation hinter dem Deich<\/p>\n<figure id=\"attachment_1989\" aria-describedby=\"caption-attachment-1989\" style=\"width: 840px\" class=\"wp-caption aligncenter\"><a href=\"http:\/\/wandern.minnerop.de\/wp-content\/uploads\/2019\/05\/1556869382462.c5bd8002-53a9-48a5-b602-4889f6f0673f.jpg\"><img loading=\"lazy\" decoding=\"async\" class=\"size-large wp-image-1989\" src=\"http:\/\/wandern.minnerop.de\/wp-content\/uploads\/2019\/05\/1556869382462.c5bd8002-53a9-48a5-b602-4889f6f0673f-1024x576.jpg\" alt=\"\" width=\"840\" height=\"473\" srcset=\"https:\/\/wandern.minnerop.de\/wp-content\/uploads\/2019\/05\/1556869382462.c5bd8002-53a9-48a5-b602-4889f6f0673f-1024x576.jpg 1024w, https:\/\/wandern.minnerop.de\/wp-content\/uploads\/2019\/05\/1556869382462.c5bd8002-53a9-48a5-b602-4889f6f0673f-300x169.jpg 300w, https:\/\/wandern.minnerop.de\/wp-content\/uploads\/2019\/05\/1556869382462.c5bd8002-53a9-48a5-b602-4889f6f0673f-768x432.jpg 768w, https:\/\/wandern.minnerop.de\/wp-content\/uploads\/2019\/05\/1556869382462.c5bd8002-53a9-48a5-b602-4889f6f0673f-1200x675.jpg 1200w, https:\/\/wandern.minnerop.de\/wp-content\/uploads\/2019\/05\/1556869382462.c5bd8002-53a9-48a5-b602-4889f6f0673f.jpg 2016w\" sizes=\"auto, (max-width: 840px) 100vw, 840px\" \/><\/a><figcaption id=\"caption-attachment-1989\" class=\"wp-caption-text\">&#8230;und immer hinterm Deich lang&#8230;<\/figcaption><\/figure>\n<p>Zur Abwechslung mal ein Storchennest. Man konnte dem P\u00e4\u00e4rchen vom Deich aus zusehen.<\/p>\n<figure id=\"attachment_1990\" aria-describedby=\"caption-attachment-1990\" style=\"width: 576px\" class=\"wp-caption aligncenter\"><a href=\"http:\/\/wandern.minnerop.de\/wp-content\/uploads\/2019\/05\/1556869103106.e2dfd2c7-4849-4cf8-80dc-5ba681f75945.jpg\"><img loading=\"lazy\" decoding=\"async\" class=\"size-large wp-image-1990\" src=\"http:\/\/wandern.minnerop.de\/wp-content\/uploads\/2019\/05\/1556869103106.e2dfd2c7-4849-4cf8-80dc-5ba681f75945-576x1024.jpg\" alt=\"\" width=\"576\" height=\"1024\" srcset=\"https:\/\/wandern.minnerop.de\/wp-content\/uploads\/2019\/05\/1556869103106.e2dfd2c7-4849-4cf8-80dc-5ba681f75945-576x1024.jpg 576w, https:\/\/wandern.minnerop.de\/wp-content\/uploads\/2019\/05\/1556869103106.e2dfd2c7-4849-4cf8-80dc-5ba681f75945-169x300.jpg 169w, https:\/\/wandern.minnerop.de\/wp-content\/uploads\/2019\/05\/1556869103106.e2dfd2c7-4849-4cf8-80dc-5ba681f75945-768x1365.jpg 768w, https:\/\/wandern.minnerop.de\/wp-content\/uploads\/2019\/05\/1556869103106.e2dfd2c7-4849-4cf8-80dc-5ba681f75945.jpg 1134w\" sizes=\"auto, (max-width: 576px) 100vw, 576px\" \/><\/a><figcaption id=\"caption-attachment-1990\" class=\"wp-caption-text\">Die St\u00f6rche bei der Arbeit, bald kommen die Kinder<\/figcaption><\/figure>\n<p>Nun kam mal echt was kurioses. Kunst aus Schrott. Sieht sehr interessant aus, wenn man davor steht.<\/p>\n<figure id=\"attachment_1991\" aria-describedby=\"caption-attachment-1991\" style=\"width: 840px\" class=\"wp-caption aligncenter\"><a href=\"http:\/\/wandern.minnerop.de\/wp-content\/uploads\/2019\/05\/1556870751530.5eaab73e-c670-4b06-bef9-2d83ce1245b6.jpg\"><img loading=\"lazy\" decoding=\"async\" class=\"size-large wp-image-1991\" src=\"http:\/\/wandern.minnerop.de\/wp-content\/uploads\/2019\/05\/1556870751530.5eaab73e-c670-4b06-bef9-2d83ce1245b6-1024x576.jpg\" alt=\"\" width=\"840\" height=\"473\" srcset=\"https:\/\/wandern.minnerop.de\/wp-content\/uploads\/2019\/05\/1556870751530.5eaab73e-c670-4b06-bef9-2d83ce1245b6-1024x576.jpg 1024w, https:\/\/wandern.minnerop.de\/wp-content\/uploads\/2019\/05\/1556870751530.5eaab73e-c670-4b06-bef9-2d83ce1245b6-300x169.jpg 300w, https:\/\/wandern.minnerop.de\/wp-content\/uploads\/2019\/05\/1556870751530.5eaab73e-c670-4b06-bef9-2d83ce1245b6-768x432.jpg 768w, https:\/\/wandern.minnerop.de\/wp-content\/uploads\/2019\/05\/1556870751530.5eaab73e-c670-4b06-bef9-2d83ce1245b6-1200x675.jpg 1200w, https:\/\/wandern.minnerop.de\/wp-content\/uploads\/2019\/05\/1556870751530.5eaab73e-c670-4b06-bef9-2d83ce1245b6.jpg 2016w\" sizes=\"auto, (max-width: 840px) 100vw, 840px\" \/><\/a><figcaption id=\"caption-attachment-1991\" class=\"wp-caption-text\">Schrottkunst<\/figcaption><\/figure>\n<p><a href=\"http:\/\/wandern.minnerop.de\/wp-content\/uploads\/2019\/05\/20190503_100838.jpg\"><img loading=\"lazy\" decoding=\"async\" class=\"aligncenter size-large wp-image-1992\" src=\"http:\/\/wandern.minnerop.de\/wp-content\/uploads\/2019\/05\/20190503_100838-1024x576.jpg\" alt=\"\" width=\"840\" height=\"473\" srcset=\"https:\/\/wandern.minnerop.de\/wp-content\/uploads\/2019\/05\/20190503_100838-1024x576.jpg 1024w, https:\/\/wandern.minnerop.de\/wp-content\/uploads\/2019\/05\/20190503_100838-300x169.jpg 300w, https:\/\/wandern.minnerop.de\/wp-content\/uploads\/2019\/05\/20190503_100838-768x432.jpg 768w, https:\/\/wandern.minnerop.de\/wp-content\/uploads\/2019\/05\/20190503_100838-1200x675.jpg 1200w\" sizes=\"auto, (max-width: 840px) 100vw, 840px\" \/><\/a><\/p>\n<figure id=\"attachment_1994\" aria-describedby=\"caption-attachment-1994\" style=\"width: 576px\" class=\"wp-caption aligncenter\"><a href=\"http:\/\/wandern.minnerop.de\/wp-content\/uploads\/2019\/05\/20190503_100814-e1556901467155.jpg\"><img loading=\"lazy\" decoding=\"async\" class=\"size-large wp-image-1994\" src=\"http:\/\/wandern.minnerop.de\/wp-content\/uploads\/2019\/05\/20190503_100814-e1556901467155-576x1024.jpg\" alt=\"\" width=\"576\" height=\"1024\" srcset=\"https:\/\/wandern.minnerop.de\/wp-content\/uploads\/2019\/05\/20190503_100814-e1556901467155-576x1024.jpg 576w, https:\/\/wandern.minnerop.de\/wp-content\/uploads\/2019\/05\/20190503_100814-e1556901467155-169x300.jpg 169w, https:\/\/wandern.minnerop.de\/wp-content\/uploads\/2019\/05\/20190503_100814-e1556901467155-768x1365.jpg 768w, https:\/\/wandern.minnerop.de\/wp-content\/uploads\/2019\/05\/20190503_100814-e1556901467155-1200x2133.jpg 1200w\" sizes=\"auto, (max-width: 576px) 100vw, 576px\" \/><\/a><figcaption id=\"caption-attachment-1994\" class=\"wp-caption-text\">Frauen aus Schrott<\/figcaption><\/figure>\n<p><a href=\"http:\/\/wandern.minnerop.de\/wp-content\/uploads\/2019\/05\/1556870806676.eddc4343-01b3-4a83-a765-b741a0aeb11b.jpg\"><img loading=\"lazy\" decoding=\"async\" class=\"aligncenter size-large wp-image-1995\" src=\"http:\/\/wandern.minnerop.de\/wp-content\/uploads\/2019\/05\/1556870806676.eddc4343-01b3-4a83-a765-b741a0aeb11b-1024x576.jpg\" alt=\"\" width=\"840\" height=\"473\" srcset=\"https:\/\/wandern.minnerop.de\/wp-content\/uploads\/2019\/05\/1556870806676.eddc4343-01b3-4a83-a765-b741a0aeb11b-1024x576.jpg 1024w, https:\/\/wandern.minnerop.de\/wp-content\/uploads\/2019\/05\/1556870806676.eddc4343-01b3-4a83-a765-b741a0aeb11b-300x169.jpg 300w, https:\/\/wandern.minnerop.de\/wp-content\/uploads\/2019\/05\/1556870806676.eddc4343-01b3-4a83-a765-b741a0aeb11b-768x432.jpg 768w, https:\/\/wandern.minnerop.de\/wp-content\/uploads\/2019\/05\/1556870806676.eddc4343-01b3-4a83-a765-b741a0aeb11b-1200x675.jpg 1200w, https:\/\/wandern.minnerop.de\/wp-content\/uploads\/2019\/05\/1556870806676.eddc4343-01b3-4a83-a765-b741a0aeb11b.jpg 2016w\" sizes=\"auto, (max-width: 840px) 100vw, 840px\" \/><\/a><\/p>\n<p>Und nun etlich Kilometer Idylle pur. Kurz vor der Br\u00fccke \u00fcber die Ems waren die Wege gesperrt, und ich musste etwa einen Kilometer an der Hauptstra\u00dfe herlaufen. Hier ereilte mich ein kurzer heftiger Schauer. Ansonsten war es den Tag \u00fcber meist sonnig oder leicht bew\u00f6lkt. Allerdings nur so um die 10 Grad. Warm ist anders. <\/p>\n<figure id=\"attachment_1996\" aria-describedby=\"caption-attachment-1996\" style=\"width: 840px\" class=\"wp-caption aligncenter\"><a href=\"http:\/\/wandern.minnerop.de\/wp-content\/uploads\/2019\/05\/1556871069124.ec941fa4-05ad-43c2-8ee2-4742acf47eba.jpg\"><img loading=\"lazy\" decoding=\"async\" class=\"size-large wp-image-1996\" src=\"http:\/\/wandern.minnerop.de\/wp-content\/uploads\/2019\/05\/1556871069124.ec941fa4-05ad-43c2-8ee2-4742acf47eba-1024x576.jpg\" alt=\"\" width=\"840\" height=\"473\" srcset=\"https:\/\/wandern.minnerop.de\/wp-content\/uploads\/2019\/05\/1556871069124.ec941fa4-05ad-43c2-8ee2-4742acf47eba-1024x576.jpg 1024w, https:\/\/wandern.minnerop.de\/wp-content\/uploads\/2019\/05\/1556871069124.ec941fa4-05ad-43c2-8ee2-4742acf47eba-300x169.jpg 300w, https:\/\/wandern.minnerop.de\/wp-content\/uploads\/2019\/05\/1556871069124.ec941fa4-05ad-43c2-8ee2-4742acf47eba-768x432.jpg 768w, https:\/\/wandern.minnerop.de\/wp-content\/uploads\/2019\/05\/1556871069124.ec941fa4-05ad-43c2-8ee2-4742acf47eba-1200x675.jpg 1200w, https:\/\/wandern.minnerop.de\/wp-content\/uploads\/2019\/05\/1556871069124.ec941fa4-05ad-43c2-8ee2-4742acf47eba.jpg 2016w\" sizes=\"auto, (max-width: 840px) 100vw, 840px\" \/><\/a><figcaption id=\"caption-attachment-1996\" class=\"wp-caption-text\">kleiner See hinterm Deich<\/figcaption><\/figure>\n<figure id=\"attachment_1997\" aria-describedby=\"caption-attachment-1997\" style=\"width: 840px\" class=\"wp-caption aligncenter\"><a href=\"http:\/\/wandern.minnerop.de\/wp-content\/uploads\/2019\/05\/1556873401171.f035ce06-34b4-4b31-87a7-a50934cb7680.jpg\"><img loading=\"lazy\" decoding=\"async\" class=\"size-large wp-image-1997\" src=\"http:\/\/wandern.minnerop.de\/wp-content\/uploads\/2019\/05\/1556873401171.f035ce06-34b4-4b31-87a7-a50934cb7680-1024x576.jpg\" alt=\"\" width=\"840\" height=\"473\" srcset=\"https:\/\/wandern.minnerop.de\/wp-content\/uploads\/2019\/05\/1556873401171.f035ce06-34b4-4b31-87a7-a50934cb7680-1024x576.jpg 1024w, https:\/\/wandern.minnerop.de\/wp-content\/uploads\/2019\/05\/1556873401171.f035ce06-34b4-4b31-87a7-a50934cb7680-300x169.jpg 300w, https:\/\/wandern.minnerop.de\/wp-content\/uploads\/2019\/05\/1556873401171.f035ce06-34b4-4b31-87a7-a50934cb7680-768x432.jpg 768w, https:\/\/wandern.minnerop.de\/wp-content\/uploads\/2019\/05\/1556873401171.f035ce06-34b4-4b31-87a7-a50934cb7680-1200x675.jpg 1200w, https:\/\/wandern.minnerop.de\/wp-content\/uploads\/2019\/05\/1556873401171.f035ce06-34b4-4b31-87a7-a50934cb7680.jpg 2016w\" sizes=\"auto, (max-width: 840px) 100vw, 840px\" \/><\/a><figcaption id=\"caption-attachment-1997\" class=\"wp-caption-text\">Wat wills du dann hee?<\/figcaption><\/figure>\n<figure id=\"attachment_1998\" aria-describedby=\"caption-attachment-1998\" style=\"width: 840px\" class=\"wp-caption aligncenter\"><a href=\"http:\/\/wandern.minnerop.de\/wp-content\/uploads\/2019\/05\/1556873451866.cf53c864-e618-477f-b0fd-8d379a4cff89.jpg\"><img loading=\"lazy\" decoding=\"async\" class=\"size-large wp-image-1998\" src=\"http:\/\/wandern.minnerop.de\/wp-content\/uploads\/2019\/05\/1556873451866.cf53c864-e618-477f-b0fd-8d379a4cff89-1024x576.jpg\" alt=\"\" width=\"840\" height=\"473\" srcset=\"https:\/\/wandern.minnerop.de\/wp-content\/uploads\/2019\/05\/1556873451866.cf53c864-e618-477f-b0fd-8d379a4cff89-1024x576.jpg 1024w, https:\/\/wandern.minnerop.de\/wp-content\/uploads\/2019\/05\/1556873451866.cf53c864-e618-477f-b0fd-8d379a4cff89-300x169.jpg 300w, https:\/\/wandern.minnerop.de\/wp-content\/uploads\/2019\/05\/1556873451866.cf53c864-e618-477f-b0fd-8d379a4cff89-768x432.jpg 768w, https:\/\/wandern.minnerop.de\/wp-content\/uploads\/2019\/05\/1556873451866.cf53c864-e618-477f-b0fd-8d379a4cff89-1200x675.jpg 1200w, https:\/\/wandern.minnerop.de\/wp-content\/uploads\/2019\/05\/1556873451866.cf53c864-e618-477f-b0fd-8d379a4cff89.jpg 2016w\" sizes=\"auto, (max-width: 840px) 100vw, 840px\" \/><\/a><figcaption id=\"caption-attachment-1998\" class=\"wp-caption-text\">Emsdeich<\/figcaption><\/figure>\n<p>Jetzt kam der Schauer, man sieht es an den Wolken. Dann die Jann-Berghaus Br\u00fccke. Ich hab sie schon oft im TV gesehen, wenn die Riesenschiffe aus Papenburg von der Werft \u00fcber die Ems ins Meer gebracht werden.<\/p>\n<figure id=\"attachment_1999\" aria-describedby=\"caption-attachment-1999\" style=\"width: 840px\" class=\"wp-caption aligncenter\"><a href=\"http:\/\/wandern.minnerop.de\/wp-content\/uploads\/2019\/05\/1556875688850.37ca95f9-85d1-47ee-906b-51c5f21f62cd.jpg\"><img loading=\"lazy\" decoding=\"async\" class=\"size-large wp-image-1999\" src=\"http:\/\/wandern.minnerop.de\/wp-content\/uploads\/2019\/05\/1556875688850.37ca95f9-85d1-47ee-906b-51c5f21f62cd-1024x576.jpg\" alt=\"\" width=\"840\" height=\"473\" srcset=\"https:\/\/wandern.minnerop.de\/wp-content\/uploads\/2019\/05\/1556875688850.37ca95f9-85d1-47ee-906b-51c5f21f62cd-1024x576.jpg 1024w, https:\/\/wandern.minnerop.de\/wp-content\/uploads\/2019\/05\/1556875688850.37ca95f9-85d1-47ee-906b-51c5f21f62cd-300x169.jpg 300w, https:\/\/wandern.minnerop.de\/wp-content\/uploads\/2019\/05\/1556875688850.37ca95f9-85d1-47ee-906b-51c5f21f62cd-768x432.jpg 768w, https:\/\/wandern.minnerop.de\/wp-content\/uploads\/2019\/05\/1556875688850.37ca95f9-85d1-47ee-906b-51c5f21f62cd-1200x675.jpg 1200w, https:\/\/wandern.minnerop.de\/wp-content\/uploads\/2019\/05\/1556875688850.37ca95f9-85d1-47ee-906b-51c5f21f62cd.jpg 2016w\" sizes=\"auto, (max-width: 840px) 100vw, 840px\" \/><\/a><figcaption id=\"caption-attachment-1999\" class=\"wp-caption-text\">Fahrraddenkmal an der F\u00e4hre vor der Br\u00fccke. F\u00e4hre au\u00dfer Betrieb.<\/figcaption><\/figure>\n<figure id=\"attachment_2000\" aria-describedby=\"caption-attachment-2000\" style=\"width: 840px\" class=\"wp-caption aligncenter\"><a href=\"http:\/\/wandern.minnerop.de\/wp-content\/uploads\/2019\/05\/1556876012687.43d29727-9c58-4c76-92c8-ea4b148e66fe.jpg\"><img loading=\"lazy\" decoding=\"async\" class=\"size-large wp-image-2000\" src=\"http:\/\/wandern.minnerop.de\/wp-content\/uploads\/2019\/05\/1556876012687.43d29727-9c58-4c76-92c8-ea4b148e66fe-1024x576.jpg\" alt=\"\" width=\"840\" height=\"473\" srcset=\"https:\/\/wandern.minnerop.de\/wp-content\/uploads\/2019\/05\/1556876012687.43d29727-9c58-4c76-92c8-ea4b148e66fe-1024x576.jpg 1024w, https:\/\/wandern.minnerop.de\/wp-content\/uploads\/2019\/05\/1556876012687.43d29727-9c58-4c76-92c8-ea4b148e66fe-300x169.jpg 300w, https:\/\/wandern.minnerop.de\/wp-content\/uploads\/2019\/05\/1556876012687.43d29727-9c58-4c76-92c8-ea4b148e66fe-768x432.jpg 768w, https:\/\/wandern.minnerop.de\/wp-content\/uploads\/2019\/05\/1556876012687.43d29727-9c58-4c76-92c8-ea4b148e66fe-1200x675.jpg 1200w, https:\/\/wandern.minnerop.de\/wp-content\/uploads\/2019\/05\/1556876012687.43d29727-9c58-4c76-92c8-ea4b148e66fe.jpg 2016w\" sizes=\"auto, (max-width: 840px) 100vw, 840px\" \/><\/a><figcaption id=\"caption-attachment-2000\" class=\"wp-caption-text\">Jann-Berghaus Br\u00fccke \u00fcber die Ems<\/figcaption><\/figure>\n<figure id=\"attachment_2001\" aria-describedby=\"caption-attachment-2001\" style=\"width: 840px\" class=\"wp-caption aligncenter\"><a href=\"http:\/\/wandern.minnerop.de\/wp-content\/uploads\/2019\/05\/1556876114447.c3a70a41-3051-4dbd-a370-a68fcb97d4a7.jpg\"><img loading=\"lazy\" decoding=\"async\" class=\"size-large wp-image-2001\" src=\"http:\/\/wandern.minnerop.de\/wp-content\/uploads\/2019\/05\/1556876114447.c3a70a41-3051-4dbd-a370-a68fcb97d4a7-1024x576.jpg\" alt=\"\" width=\"840\" height=\"473\" srcset=\"https:\/\/wandern.minnerop.de\/wp-content\/uploads\/2019\/05\/1556876114447.c3a70a41-3051-4dbd-a370-a68fcb97d4a7-1024x576.jpg 1024w, https:\/\/wandern.minnerop.de\/wp-content\/uploads\/2019\/05\/1556876114447.c3a70a41-3051-4dbd-a370-a68fcb97d4a7-300x169.jpg 300w, https:\/\/wandern.minnerop.de\/wp-content\/uploads\/2019\/05\/1556876114447.c3a70a41-3051-4dbd-a370-a68fcb97d4a7-768x432.jpg 768w, https:\/\/wandern.minnerop.de\/wp-content\/uploads\/2019\/05\/1556876114447.c3a70a41-3051-4dbd-a370-a68fcb97d4a7-1200x675.jpg 1200w, https:\/\/wandern.minnerop.de\/wp-content\/uploads\/2019\/05\/1556876114447.c3a70a41-3051-4dbd-a370-a68fcb97d4a7.jpg 2016w\" sizes=\"auto, (max-width: 840px) 100vw, 840px\" \/><\/a><figcaption id=\"caption-attachment-2001\" class=\"wp-caption-text\">Hier ist die Ems recht breit<\/figcaption><\/figure>\n<p>Das Wetter wurde nach der Br\u00fccke wieder besser, die Gegend wieder idyllisch, und ich machte Pause auf einer Bank zwischen den Schafen. Einige L\u00e4mmer kamen neugierig zu mir. Was dass denn wohl wieder f\u00fcr ein Typ war&#8230;&#8230;<\/p>\n<figure id=\"attachment_2002\" aria-describedby=\"caption-attachment-2002\" style=\"width: 840px\" class=\"wp-caption aligncenter\"><a href=\"http:\/\/wandern.minnerop.de\/wp-content\/uploads\/2019\/05\/1556876598531.0fb31816-e3c5-4e35-bde8-3a3a4203a900.jpg\"><img loading=\"lazy\" decoding=\"async\" class=\"size-large wp-image-2002\" src=\"http:\/\/wandern.minnerop.de\/wp-content\/uploads\/2019\/05\/1556876598531.0fb31816-e3c5-4e35-bde8-3a3a4203a900-1024x576.jpg\" alt=\"\" width=\"840\" height=\"473\" srcset=\"https:\/\/wandern.minnerop.de\/wp-content\/uploads\/2019\/05\/1556876598531.0fb31816-e3c5-4e35-bde8-3a3a4203a900-1024x576.jpg 1024w, https:\/\/wandern.minnerop.de\/wp-content\/uploads\/2019\/05\/1556876598531.0fb31816-e3c5-4e35-bde8-3a3a4203a900-300x169.jpg 300w, https:\/\/wandern.minnerop.de\/wp-content\/uploads\/2019\/05\/1556876598531.0fb31816-e3c5-4e35-bde8-3a3a4203a900-768x432.jpg 768w, https:\/\/wandern.minnerop.de\/wp-content\/uploads\/2019\/05\/1556876598531.0fb31816-e3c5-4e35-bde8-3a3a4203a900-1200x675.jpg 1200w, https:\/\/wandern.minnerop.de\/wp-content\/uploads\/2019\/05\/1556876598531.0fb31816-e3c5-4e35-bde8-3a3a4203a900.jpg 2016w\" sizes=\"auto, (max-width: 840px) 100vw, 840px\" \/><\/a><figcaption id=\"caption-attachment-2002\" class=\"wp-caption-text\">Pause auf dem Deich<\/figcaption><\/figure>\n<figure id=\"attachment_2003\" aria-describedby=\"caption-attachment-2003\" style=\"width: 840px\" class=\"wp-caption aligncenter\"><a href=\"http:\/\/wandern.minnerop.de\/wp-content\/uploads\/2019\/05\/1556877027727.adf7322d-567b-4f87-bdf9-4b610948b078.jpg\"><img loading=\"lazy\" decoding=\"async\" class=\"size-large wp-image-2003\" src=\"http:\/\/wandern.minnerop.de\/wp-content\/uploads\/2019\/05\/1556877027727.adf7322d-567b-4f87-bdf9-4b610948b078-1024x576.jpg\" alt=\"\" width=\"840\" height=\"473\" srcset=\"https:\/\/wandern.minnerop.de\/wp-content\/uploads\/2019\/05\/1556877027727.adf7322d-567b-4f87-bdf9-4b610948b078-1024x576.jpg 1024w, https:\/\/wandern.minnerop.de\/wp-content\/uploads\/2019\/05\/1556877027727.adf7322d-567b-4f87-bdf9-4b610948b078-300x169.jpg 300w, https:\/\/wandern.minnerop.de\/wp-content\/uploads\/2019\/05\/1556877027727.adf7322d-567b-4f87-bdf9-4b610948b078-768x432.jpg 768w, https:\/\/wandern.minnerop.de\/wp-content\/uploads\/2019\/05\/1556877027727.adf7322d-567b-4f87-bdf9-4b610948b078-1200x675.jpg 1200w, https:\/\/wandern.minnerop.de\/wp-content\/uploads\/2019\/05\/1556877027727.adf7322d-567b-4f87-bdf9-4b610948b078.jpg 2016w\" sizes=\"auto, (max-width: 840px) 100vw, 840px\" \/><\/a><figcaption id=\"caption-attachment-2003\" class=\"wp-caption-text\">Feuchtwiesen an der Ems<\/figcaption><\/figure>\n<p><a href=\"http:\/\/wandern.minnerop.de\/wp-content\/uploads\/2019\/05\/20190503_120950.jpg\"><img loading=\"lazy\" decoding=\"async\" class=\"aligncenter size-large wp-image-2004\" src=\"http:\/\/wandern.minnerop.de\/wp-content\/uploads\/2019\/05\/20190503_120950-1024x576.jpg\" alt=\"\" width=\"840\" height=\"473\" srcset=\"https:\/\/wandern.minnerop.de\/wp-content\/uploads\/2019\/05\/20190503_120950-1024x576.jpg 1024w, https:\/\/wandern.minnerop.de\/wp-content\/uploads\/2019\/05\/20190503_120950-300x169.jpg 300w, https:\/\/wandern.minnerop.de\/wp-content\/uploads\/2019\/05\/20190503_120950-768x432.jpg 768w, https:\/\/wandern.minnerop.de\/wp-content\/uploads\/2019\/05\/20190503_120950-1200x675.jpg 1200w\" sizes=\"auto, (max-width: 840px) 100vw, 840px\" \/><\/a><\/p>\n<p>Nun wurde ich von einigen jungen Damen am Hafen in Leer empfangen,  und danach ging es durch den Hafen, vorbei am Bahnhof in meine sehr hellh\u00f6rige und ungeheizte Unterkunft. Unten findet gerade eine Gruppenstunde mit religi\u00f6sen Liedern statt, w\u00e4hrend ich dies schreibe.<\/p>\n<figure id=\"attachment_2005\" aria-describedby=\"caption-attachment-2005\" style=\"width: 576px\" class=\"wp-caption aligncenter\"><a href=\"http:\/\/wandern.minnerop.de\/wp-content\/uploads\/2019\/05\/1556879532031.9b9c4df9-d2c3-485c-b6f2-7cbbc676b8ac.jpg\"><img loading=\"lazy\" decoding=\"async\" class=\"size-large wp-image-2005\" src=\"http:\/\/wandern.minnerop.de\/wp-content\/uploads\/2019\/05\/1556879532031.9b9c4df9-d2c3-485c-b6f2-7cbbc676b8ac-576x1024.jpg\" alt=\"\" width=\"576\" height=\"1024\" srcset=\"https:\/\/wandern.minnerop.de\/wp-content\/uploads\/2019\/05\/1556879532031.9b9c4df9-d2c3-485c-b6f2-7cbbc676b8ac-576x1024.jpg 576w, https:\/\/wandern.minnerop.de\/wp-content\/uploads\/2019\/05\/1556879532031.9b9c4df9-d2c3-485c-b6f2-7cbbc676b8ac-169x300.jpg 169w, https:\/\/wandern.minnerop.de\/wp-content\/uploads\/2019\/05\/1556879532031.9b9c4df9-d2c3-485c-b6f2-7cbbc676b8ac-768x1365.jpg 768w, https:\/\/wandern.minnerop.de\/wp-content\/uploads\/2019\/05\/1556879532031.9b9c4df9-d2c3-485c-b6f2-7cbbc676b8ac.jpg 1134w\" sizes=\"auto, (max-width: 576px) 100vw, 576px\" \/><\/a><figcaption id=\"caption-attachment-2005\" class=\"wp-caption-text\">Empfangskomitee f\u00fcr den m\u00fcden Wanderer<\/figcaption><\/figure>\n<figure id=\"attachment_2006\" aria-describedby=\"caption-attachment-2006\" style=\"width: 576px\" class=\"wp-caption aligncenter\"><a href=\"http:\/\/wandern.minnerop.de\/wp-content\/uploads\/2019\/05\/IMG-20190503-WA0001-e1556903213702.jpeg\"><img loading=\"lazy\" decoding=\"async\" class=\"size-large wp-image-2006\" src=\"http:\/\/wandern.minnerop.de\/wp-content\/uploads\/2019\/05\/IMG-20190503-WA0001-e1556903213702-576x1024.jpeg\" alt=\"\" width=\"576\" height=\"1024\" srcset=\"https:\/\/wandern.minnerop.de\/wp-content\/uploads\/2019\/05\/IMG-20190503-WA0001-e1556903213702-576x1024.jpeg 576w, https:\/\/wandern.minnerop.de\/wp-content\/uploads\/2019\/05\/IMG-20190503-WA0001-e1556903213702-169x300.jpeg 169w, https:\/\/wandern.minnerop.de\/wp-content\/uploads\/2019\/05\/IMG-20190503-WA0001-e1556903213702-768x1365.jpeg 768w, https:\/\/wandern.minnerop.de\/wp-content\/uploads\/2019\/05\/IMG-20190503-WA0001-e1556903213702-1200x2133.jpeg 1200w\" sizes=\"auto, (max-width: 576px) 100vw, 576px\" \/><\/a><figcaption id=\"caption-attachment-2006\" class=\"wp-caption-text\">Auch eine Meerjungfrau kam zum Empfang<\/figcaption><\/figure>\n<figure id=\"attachment_2007\" aria-describedby=\"caption-attachment-2007\" style=\"width: 840px\" class=\"wp-caption aligncenter\"><a href=\"http:\/\/wandern.minnerop.de\/wp-content\/uploads\/2019\/05\/1556879612990.a125cc27-5fe3-4171-9b7a-e91325bb52e5.jpg\"><img loading=\"lazy\" decoding=\"async\" class=\"size-large wp-image-2007\" src=\"http:\/\/wandern.minnerop.de\/wp-content\/uploads\/2019\/05\/1556879612990.a125cc27-5fe3-4171-9b7a-e91325bb52e5-1024x576.jpg\" alt=\"\" width=\"840\" height=\"473\" srcset=\"https:\/\/wandern.minnerop.de\/wp-content\/uploads\/2019\/05\/1556879612990.a125cc27-5fe3-4171-9b7a-e91325bb52e5-1024x576.jpg 1024w, https:\/\/wandern.minnerop.de\/wp-content\/uploads\/2019\/05\/1556879612990.a125cc27-5fe3-4171-9b7a-e91325bb52e5-300x169.jpg 300w, https:\/\/wandern.minnerop.de\/wp-content\/uploads\/2019\/05\/1556879612990.a125cc27-5fe3-4171-9b7a-e91325bb52e5-768x432.jpg 768w, https:\/\/wandern.minnerop.de\/wp-content\/uploads\/2019\/05\/1556879612990.a125cc27-5fe3-4171-9b7a-e91325bb52e5-1200x675.jpg 1200w, https:\/\/wandern.minnerop.de\/wp-content\/uploads\/2019\/05\/1556879612990.a125cc27-5fe3-4171-9b7a-e91325bb52e5.jpg 2016w\" sizes=\"auto, (max-width: 840px) 100vw, 840px\" \/><\/a><figcaption id=\"caption-attachment-2007\" class=\"wp-caption-text\">Der Hafen von Leer<\/figcaption><\/figure>\n","protected":false},"excerpt":{"rendered":"<p>Das war heute eine richtig sch\u00f6ne Wanderung! Sie begann mit herrlichem Sonnenschein. Ich fuhr mit dem Bus von Leer nach Weener. Dort begann die Tour am Bahnhof, und f\u00fchrte dann durch die Altstadt zum Hafen. Hier wurde fr\u00fcher viel Torf angelandet, und von den Torffrauen umgeladen. Daf\u00fcr wurde ihnen ein Denkmal errichtet.<\/p>\n","protected":false},"author":1,"featured_media":0,"comment_status":"open","ping_status":"open","sticky":false,"template":"","format":"standard","meta":{"footnotes":""},"categories":[14],"tags":[],"class_list":["post-1981","post","type-post","status-publish","format-standard","hentry","category-e9-wanderungen"],"_links":{"self":[{"href":"https:\/\/wandern.minnerop.de\/index.php?rest_route=\/wp\/v2\/posts\/1981","targetHints":{"allow":["GET"]}}],"collection":[{"href":"https:\/\/wandern.minnerop.de\/index.php?rest_route=\/wp\/v2\/posts"}],"about":[{"href":"https:\/\/wandern.minnerop.de\/index.php?rest_route=\/wp\/v2\/types\/post"}],"author":[{"embeddable":true,"href":"https:\/\/wandern.minnerop.de\/index.php?rest_route=\/wp\/v2\/users\/1"}],"replies":[{"embeddable":true,"href":"https:\/\/wandern.minnerop.de\/index.php?rest_route=%2Fwp%2Fv2%2Fcomments&post=1981"}],"version-history":[{"count":2,"href":"https:\/\/wandern.minnerop.de\/index.php?rest_route=\/wp\/v2\/posts\/1981\/revisions"}],"predecessor-version":[{"id":2008,"href":"https:\/\/wandern.minnerop.de\/index.php?rest_route=\/wp\/v2\/posts\/1981\/revisions\/2008"}],"wp:attachment":[{"href":"https:\/\/wandern.minnerop.de\/index.php?rest_route=%2Fwp%2Fv2%2Fmedia&parent=1981"}],"wp:term":[{"taxonomy":"category","embeddable":true,"href":"https:\/\/wandern.minnerop.de\/index.php?rest_route=%2Fwp%2Fv2%2Fcategories&post=1981"},{"taxonomy":"post_tag","embeddable":true,"href":"https:\/\/wandern.minnerop.de\/index.php?rest_route=%2Fwp%2Fv2%2Ftags&post=1981"}],"curies":[{"name":"wp","href":"https:\/\/api.w.org\/{rel}","templated":true}]}}