{"id":2009,"date":"2019-05-04T17:34:19","date_gmt":"2019-05-04T15:34:19","guid":{"rendered":"http:\/\/wandern.minnerop.de\/?p=2009"},"modified":"2019-05-04T17:35:05","modified_gmt":"2019-05-04T15:35:05","slug":"tag-3-auf-dem-e9-von-leer-nach-hesel","status":"publish","type":"post","link":"https:\/\/wandern.minnerop.de\/?p=2009","title":{"rendered":"Tag 3 auf dem E9 von Leer nach Hesel, 16,7km"},"content":{"rendered":"<figure id=\"attachment_2010\" aria-describedby=\"caption-attachment-2010\" style=\"width: 576px\" class=\"wp-caption aligncenter\"><a href=\"http:\/\/wandern.minnerop.de\/wp-content\/uploads\/2019\/05\/1556950094717.4b677af4-6f0a-42a4-a9dd-47c70cd872d0.jpg\"><img loading=\"lazy\" decoding=\"async\" class=\"size-large wp-image-2010\" src=\"http:\/\/wandern.minnerop.de\/wp-content\/uploads\/2019\/05\/1556950094717.4b677af4-6f0a-42a4-a9dd-47c70cd872d0-576x1024.jpg\" alt=\"\" width=\"576\" height=\"1024\" srcset=\"https:\/\/wandern.minnerop.de\/wp-content\/uploads\/2019\/05\/1556950094717.4b677af4-6f0a-42a4-a9dd-47c70cd872d0-576x1024.jpg 576w, https:\/\/wandern.minnerop.de\/wp-content\/uploads\/2019\/05\/1556950094717.4b677af4-6f0a-42a4-a9dd-47c70cd872d0-169x300.jpg 169w, https:\/\/wandern.minnerop.de\/wp-content\/uploads\/2019\/05\/1556950094717.4b677af4-6f0a-42a4-a9dd-47c70cd872d0-768x1365.jpg 768w, https:\/\/wandern.minnerop.de\/wp-content\/uploads\/2019\/05\/1556950094717.4b677af4-6f0a-42a4-a9dd-47c70cd872d0.jpg 1134w\" sizes=\"auto, (max-width: 576px) 100vw, 576px\" \/><\/a><figcaption id=\"caption-attachment-2010\" class=\"wp-caption-text\">Ostfriesland Wanderweg durch die Wallhecken<\/figcaption><\/figure>\n<p>Der Tag begann wieder mit herrlicher Sonne, aber bubu kalt. Es war nur 5 Grad. Der E9 liegt nur ein paar hundert Meter von meiner Unterkunft. Schnellen Schrittes, mir war kalt, ging ich also zum Startpunkt und dann durch die Wallhecken. Der Ostfriesland Wanderweg und eine Wallhecken Erlebnistour liegen hier mit dem E9 zusammen.<\/p>\n<p><!--more--><\/p>\n<figure id=\"attachment_2011\" aria-describedby=\"caption-attachment-2011\" style=\"width: 576px\" class=\"wp-caption aligncenter\"><a href=\"http:\/\/wandern.minnerop.de\/wp-content\/uploads\/2019\/05\/1556950885127.b21c35a0-f0cd-4f33-a31f-e4625c43f1b4.jpg\"><img loading=\"lazy\" decoding=\"async\" class=\"size-large wp-image-2011\" src=\"http:\/\/wandern.minnerop.de\/wp-content\/uploads\/2019\/05\/1556950885127.b21c35a0-f0cd-4f33-a31f-e4625c43f1b4-576x1024.jpg\" alt=\"\" width=\"576\" height=\"1024\" srcset=\"https:\/\/wandern.minnerop.de\/wp-content\/uploads\/2019\/05\/1556950885127.b21c35a0-f0cd-4f33-a31f-e4625c43f1b4-576x1024.jpg 576w, https:\/\/wandern.minnerop.de\/wp-content\/uploads\/2019\/05\/1556950885127.b21c35a0-f0cd-4f33-a31f-e4625c43f1b4-169x300.jpg 169w, https:\/\/wandern.minnerop.de\/wp-content\/uploads\/2019\/05\/1556950885127.b21c35a0-f0cd-4f33-a31f-e4625c43f1b4-768x1365.jpg 768w, https:\/\/wandern.minnerop.de\/wp-content\/uploads\/2019\/05\/1556950885127.b21c35a0-f0cd-4f33-a31f-e4625c43f1b4.jpg 1134w\" sizes=\"auto, (max-width: 576px) 100vw, 576px\" \/><\/a><figcaption id=\"caption-attachment-2011\" class=\"wp-caption-text\">E9-Ostfriesland Wanderweg<\/figcaption><\/figure>\n<p>Eine ordentliche Kennzeichnung des E9 gab es heute nicht. Man muss schon wissen, dass man obiger Kennzeichnung folgen muss.<\/p>\n<figure id=\"attachment_2013\" aria-describedby=\"caption-attachment-2013\" style=\"width: 840px\" class=\"wp-caption aligncenter\"><a href=\"http:\/\/wandern.minnerop.de\/wp-content\/uploads\/2019\/05\/1556951603380.b04825e1-13a8-4d65-998b-31f43403cc11.jpg\"><img loading=\"lazy\" decoding=\"async\" class=\"size-large wp-image-2013\" src=\"http:\/\/wandern.minnerop.de\/wp-content\/uploads\/2019\/05\/1556951603380.b04825e1-13a8-4d65-998b-31f43403cc11-1024x576.jpg\" alt=\"\" width=\"840\" height=\"473\" srcset=\"https:\/\/wandern.minnerop.de\/wp-content\/uploads\/2019\/05\/1556951603380.b04825e1-13a8-4d65-998b-31f43403cc11-1024x576.jpg 1024w, https:\/\/wandern.minnerop.de\/wp-content\/uploads\/2019\/05\/1556951603380.b04825e1-13a8-4d65-998b-31f43403cc11-300x169.jpg 300w, https:\/\/wandern.minnerop.de\/wp-content\/uploads\/2019\/05\/1556951603380.b04825e1-13a8-4d65-998b-31f43403cc11-768x432.jpg 768w, https:\/\/wandern.minnerop.de\/wp-content\/uploads\/2019\/05\/1556951603380.b04825e1-13a8-4d65-998b-31f43403cc11-1200x675.jpg 1200w, https:\/\/wandern.minnerop.de\/wp-content\/uploads\/2019\/05\/1556951603380.b04825e1-13a8-4d65-998b-31f43403cc11.jpg 2016w\" sizes=\"auto, (max-width: 840px) 100vw, 840px\" \/><\/a><figcaption id=\"caption-attachment-2013\" class=\"wp-caption-text\">Wallhecken sch\u00fczten das Land und die Leute<\/figcaption><\/figure>\n<p>Die Gegend ist sch\u00f6n zu laufen. Mal Felder und Wiesen, dann wieder lockere W\u00e4ldchen und Wallhecken als Tunnel. Auch Schweinereien finden gelegentlich statt.<\/p>\n<figure id=\"attachment_2014\" aria-describedby=\"caption-attachment-2014\" style=\"width: 840px\" class=\"wp-caption aligncenter\"><a href=\"http:\/\/wandern.minnerop.de\/wp-content\/uploads\/2019\/05\/1556952084774.38c841b5-2662-4b39-a829-3c5dfdb3a178.jpg\"><img loading=\"lazy\" decoding=\"async\" class=\"size-large wp-image-2014\" src=\"http:\/\/wandern.minnerop.de\/wp-content\/uploads\/2019\/05\/1556952084774.38c841b5-2662-4b39-a829-3c5dfdb3a178-1024x576.jpg\" alt=\"\" width=\"840\" height=\"473\" srcset=\"https:\/\/wandern.minnerop.de\/wp-content\/uploads\/2019\/05\/1556952084774.38c841b5-2662-4b39-a829-3c5dfdb3a178-1024x576.jpg 1024w, https:\/\/wandern.minnerop.de\/wp-content\/uploads\/2019\/05\/1556952084774.38c841b5-2662-4b39-a829-3c5dfdb3a178-300x169.jpg 300w, https:\/\/wandern.minnerop.de\/wp-content\/uploads\/2019\/05\/1556952084774.38c841b5-2662-4b39-a829-3c5dfdb3a178-768x432.jpg 768w, https:\/\/wandern.minnerop.de\/wp-content\/uploads\/2019\/05\/1556952084774.38c841b5-2662-4b39-a829-3c5dfdb3a178-1200x675.jpg 1200w, https:\/\/wandern.minnerop.de\/wp-content\/uploads\/2019\/05\/1556952084774.38c841b5-2662-4b39-a829-3c5dfdb3a178.jpg 2016w\" sizes=\"auto, (max-width: 840px) 100vw, 840px\" \/><\/a><figcaption id=\"caption-attachment-2014\" class=\"wp-caption-text\">Schweinerei am Wegesrand<\/figcaption><\/figure>\n<figure id=\"attachment_2015\" aria-describedby=\"caption-attachment-2015\" style=\"width: 840px\" class=\"wp-caption aligncenter\"><a href=\"http:\/\/wandern.minnerop.de\/wp-content\/uploads\/2019\/05\/1556952826094.de64c591-f0eb-41d8-a0f7-a68f3376e2e7.jpg\"><img loading=\"lazy\" decoding=\"async\" class=\"size-large wp-image-2015\" src=\"http:\/\/wandern.minnerop.de\/wp-content\/uploads\/2019\/05\/1556952826094.de64c591-f0eb-41d8-a0f7-a68f3376e2e7-1024x576.jpg\" alt=\"\" width=\"840\" height=\"473\" srcset=\"https:\/\/wandern.minnerop.de\/wp-content\/uploads\/2019\/05\/1556952826094.de64c591-f0eb-41d8-a0f7-a68f3376e2e7-1024x576.jpg 1024w, https:\/\/wandern.minnerop.de\/wp-content\/uploads\/2019\/05\/1556952826094.de64c591-f0eb-41d8-a0f7-a68f3376e2e7-300x169.jpg 300w, https:\/\/wandern.minnerop.de\/wp-content\/uploads\/2019\/05\/1556952826094.de64c591-f0eb-41d8-a0f7-a68f3376e2e7-768x432.jpg 768w, https:\/\/wandern.minnerop.de\/wp-content\/uploads\/2019\/05\/1556952826094.de64c591-f0eb-41d8-a0f7-a68f3376e2e7-1200x675.jpg 1200w, https:\/\/wandern.minnerop.de\/wp-content\/uploads\/2019\/05\/1556952826094.de64c591-f0eb-41d8-a0f7-a68f3376e2e7.jpg 2016w\" sizes=\"auto, (max-width: 840px) 100vw, 840px\" \/><\/a><figcaption id=\"caption-attachment-2015\" class=\"wp-caption-text\">Wetter und Landschaft sch\u00f6n<\/figcaption><\/figure>\n<figure id=\"attachment_2016\" aria-describedby=\"caption-attachment-2016\" style=\"width: 840px\" class=\"wp-caption aligncenter\"><a href=\"http:\/\/wandern.minnerop.de\/wp-content\/uploads\/2019\/05\/1556954757211.e1d947cf-b809-420f-bd4a-6e747303c704.jpg\"><img loading=\"lazy\" decoding=\"async\" class=\"size-large wp-image-2016\" src=\"http:\/\/wandern.minnerop.de\/wp-content\/uploads\/2019\/05\/1556954757211.e1d947cf-b809-420f-bd4a-6e747303c704-1024x576.jpg\" alt=\"\" width=\"840\" height=\"473\" srcset=\"https:\/\/wandern.minnerop.de\/wp-content\/uploads\/2019\/05\/1556954757211.e1d947cf-b809-420f-bd4a-6e747303c704-1024x576.jpg 1024w, https:\/\/wandern.minnerop.de\/wp-content\/uploads\/2019\/05\/1556954757211.e1d947cf-b809-420f-bd4a-6e747303c704-300x169.jpg 300w, https:\/\/wandern.minnerop.de\/wp-content\/uploads\/2019\/05\/1556954757211.e1d947cf-b809-420f-bd4a-6e747303c704-768x432.jpg 768w, https:\/\/wandern.minnerop.de\/wp-content\/uploads\/2019\/05\/1556954757211.e1d947cf-b809-420f-bd4a-6e747303c704-1200x675.jpg 1200w, https:\/\/wandern.minnerop.de\/wp-content\/uploads\/2019\/05\/1556954757211.e1d947cf-b809-420f-bd4a-6e747303c704.jpg 2016w\" sizes=\"auto, (max-width: 840px) 100vw, 840px\" \/><\/a><figcaption id=\"caption-attachment-2016\" class=\"wp-caption-text\">W\u00e4ldchen<\/figcaption><\/figure>\n<p>Durch einen bl\u00fchenden Weg ging ich auf ein erwachendes Feuerwehrfest zu. Die Verantwortlichen r\u00e4umten Unmengen von M\u00fcll und leeren Flaschen weg. Das muss ein zumindest intensives Fest gewesen sein. Traditionsgem\u00e4\u00df waren auch alle Stra\u00dfenschilder an der einzigen Kreuzung im Ort aus der Erde gezogen. Die sind dort steckbar, aus alter Erfahrung.<\/p>\n<p>Hier traf es mich und das Feuerwehrfest buchst\u00e4blich aus heiterem Himmel. Ein kr\u00e4ftiger Schauer. Aber kein Regen, es war Graupel. Und laut und heftig und schmerzend. Ich rettete mich also ins Feuerwehrfest. Noch eine halbe Stunde sp\u00e4ter lagen im Schatten \u00fcberall die Graupel. Die Sonne schien zwar wieder, aber es war noch k\u00e4lter.<\/p>\n<figure id=\"attachment_2017\" aria-describedby=\"caption-attachment-2017\" style=\"width: 840px\" class=\"wp-caption aligncenter\"><a href=\"http:\/\/wandern.minnerop.de\/wp-content\/uploads\/2019\/05\/1556956542161.fecf8e25-1e22-48d0-8202-2c35efb5d211.jpg\"><img loading=\"lazy\" decoding=\"async\" class=\"size-large wp-image-2017\" src=\"http:\/\/wandern.minnerop.de\/wp-content\/uploads\/2019\/05\/1556956542161.fecf8e25-1e22-48d0-8202-2c35efb5d211-1024x576.jpg\" alt=\"\" width=\"840\" height=\"473\" srcset=\"https:\/\/wandern.minnerop.de\/wp-content\/uploads\/2019\/05\/1556956542161.fecf8e25-1e22-48d0-8202-2c35efb5d211-1024x576.jpg 1024w, https:\/\/wandern.minnerop.de\/wp-content\/uploads\/2019\/05\/1556956542161.fecf8e25-1e22-48d0-8202-2c35efb5d211-300x169.jpg 300w, https:\/\/wandern.minnerop.de\/wp-content\/uploads\/2019\/05\/1556956542161.fecf8e25-1e22-48d0-8202-2c35efb5d211-768x432.jpg 768w, https:\/\/wandern.minnerop.de\/wp-content\/uploads\/2019\/05\/1556956542161.fecf8e25-1e22-48d0-8202-2c35efb5d211-1200x675.jpg 1200w, https:\/\/wandern.minnerop.de\/wp-content\/uploads\/2019\/05\/1556956542161.fecf8e25-1e22-48d0-8202-2c35efb5d211.jpg 2016w\" sizes=\"auto, (max-width: 840px) 100vw, 840px\" \/><\/a><figcaption id=\"caption-attachment-2017\" class=\"wp-caption-text\">Bl\u00fchender Weg<\/figcaption><\/figure>\n<figure id=\"attachment_2019\" aria-describedby=\"caption-attachment-2019\" style=\"width: 840px\" class=\"wp-caption aligncenter\"><a href=\"http:\/\/wandern.minnerop.de\/wp-content\/uploads\/2019\/05\/1556959500797.d32de553-8d88-48c2-be03-b4bfafea420b.jpg\"><img loading=\"lazy\" decoding=\"async\" class=\"size-large wp-image-2019\" src=\"http:\/\/wandern.minnerop.de\/wp-content\/uploads\/2019\/05\/1556959500797.d32de553-8d88-48c2-be03-b4bfafea420b-1024x576.jpg\" alt=\"\" width=\"840\" height=\"473\" srcset=\"https:\/\/wandern.minnerop.de\/wp-content\/uploads\/2019\/05\/1556959500797.d32de553-8d88-48c2-be03-b4bfafea420b-1024x576.jpg 1024w, https:\/\/wandern.minnerop.de\/wp-content\/uploads\/2019\/05\/1556959500797.d32de553-8d88-48c2-be03-b4bfafea420b-300x169.jpg 300w, https:\/\/wandern.minnerop.de\/wp-content\/uploads\/2019\/05\/1556959500797.d32de553-8d88-48c2-be03-b4bfafea420b-768x432.jpg 768w, https:\/\/wandern.minnerop.de\/wp-content\/uploads\/2019\/05\/1556959500797.d32de553-8d88-48c2-be03-b4bfafea420b-1200x675.jpg 1200w, https:\/\/wandern.minnerop.de\/wp-content\/uploads\/2019\/05\/1556959500797.d32de553-8d88-48c2-be03-b4bfafea420b.jpg 2016w\" sizes=\"auto, (max-width: 840px) 100vw, 840px\" \/><\/a><figcaption id=\"caption-attachment-2019\" class=\"wp-caption-text\">Graupel im Mai, April vorbei. Alte Bauernregel<\/figcaption><\/figure>\n<p>Aufgrund des k\u00fchlen Wetters hatte ich nur kurze Pausen gemacht. Vor 13 Uhr war ich schon in Hesel, meinem heutigen Zielort. Ich konnte dort im Combimarkt noch Kaffee und Kuchen einnehmen, dann ging es mit dem Bus wieder zur\u00fcck nach Leer in meine Unterkunft.<\/p>\n<p>Dort wollte ich dann die Tour f\u00fcr morgen planen. Sie geht von Hesel nach Ostgro\u00dfefehn. Also mit dem Bus nach Hesel, dann nach Ostgro\u00dfefehn wandern, und wieder zur\u00fcck mit dem Bus nach Leer. Aber! Dort fahren Sonntags keine Busse!!! Hammer. Also die Tour etwas umbauen zur n\u00e4chsten Hauptstra\u00dfe. Dort f\u00e4hrt der Bus von Aurich nach Leer. Ob so die deutsche Energiewende klappt? Am Samstag zwei Busverbindungen, und Sonntags keine?<\/p>\n","protected":false},"excerpt":{"rendered":"<p>Der Tag begann wieder mit herrlicher Sonne, aber bubu kalt. Es war nur 5 Grad. Der E9 liegt nur ein paar hundert Meter von meiner Unterkunft. Schnellen Schrittes, mir war kalt, ging ich also zum Startpunkt und dann durch die Wallhecken. Der Ostfriesland Wanderweg und eine Wallhecken Erlebnistour liegen hier mit dem E9 zusammen.<\/p>\n","protected":false},"author":1,"featured_media":0,"comment_status":"open","ping_status":"open","sticky":false,"template":"","format":"standard","meta":{"footnotes":""},"categories":[14],"tags":[],"class_list":["post-2009","post","type-post","status-publish","format-standard","hentry","category-e9-wanderungen"],"_links":{"self":[{"href":"https:\/\/wandern.minnerop.de\/index.php?rest_route=\/wp\/v2\/posts\/2009","targetHints":{"allow":["GET"]}}],"collection":[{"href":"https:\/\/wandern.minnerop.de\/index.php?rest_route=\/wp\/v2\/posts"}],"about":[{"href":"https:\/\/wandern.minnerop.de\/index.php?rest_route=\/wp\/v2\/types\/post"}],"author":[{"embeddable":true,"href":"https:\/\/wandern.minnerop.de\/index.php?rest_route=\/wp\/v2\/users\/1"}],"replies":[{"embeddable":true,"href":"https:\/\/wandern.minnerop.de\/index.php?rest_route=%2Fwp%2Fv2%2Fcomments&post=2009"}],"version-history":[{"count":3,"href":"https:\/\/wandern.minnerop.de\/index.php?rest_route=\/wp\/v2\/posts\/2009\/revisions"}],"predecessor-version":[{"id":2021,"href":"https:\/\/wandern.minnerop.de\/index.php?rest_route=\/wp\/v2\/posts\/2009\/revisions\/2021"}],"wp:attachment":[{"href":"https:\/\/wandern.minnerop.de\/index.php?rest_route=%2Fwp%2Fv2%2Fmedia&parent=2009"}],"wp:term":[{"taxonomy":"category","embeddable":true,"href":"https:\/\/wandern.minnerop.de\/index.php?rest_route=%2Fwp%2Fv2%2Fcategories&post=2009"},{"taxonomy":"post_tag","embeddable":true,"href":"https:\/\/wandern.minnerop.de\/index.php?rest_route=%2Fwp%2Fv2%2Ftags&post=2009"}],"curies":[{"name":"wp","href":"https:\/\/api.w.org\/{rel}","templated":true}]}}