{"id":2022,"date":"2019-05-05T18:06:23","date_gmt":"2019-05-05T16:06:23","guid":{"rendered":"http:\/\/wandern.minnerop.de\/?p=2022"},"modified":"2019-05-05T18:06:23","modified_gmt":"2019-05-05T16:06:23","slug":"tag-4-auf-dem-e9-von-hesel-nach-middelgrossefehn185km","status":"publish","type":"post","link":"https:\/\/wandern.minnerop.de\/?p=2022","title":{"rendered":"Tag 4 auf dem E9 von Hesel nach Middelgro\u00dfefehn=18,5km"},"content":{"rendered":"<figure id=\"attachment_2023\" aria-describedby=\"caption-attachment-2023\" style=\"width: 576px\" class=\"wp-caption aligncenter\"><a href=\"http:\/\/wandern.minnerop.de\/wp-content\/uploads\/2019\/05\/1557039158111.d3d8a208-28fe-479e-8996-95a1bd551bb7.jpg\"><img loading=\"lazy\" decoding=\"async\" class=\"size-large wp-image-2023\" src=\"http:\/\/wandern.minnerop.de\/wp-content\/uploads\/2019\/05\/1557039158111.d3d8a208-28fe-479e-8996-95a1bd551bb7-576x1024.jpg\" alt=\"\" width=\"576\" height=\"1024\" srcset=\"https:\/\/wandern.minnerop.de\/wp-content\/uploads\/2019\/05\/1557039158111.d3d8a208-28fe-479e-8996-95a1bd551bb7-576x1024.jpg 576w, https:\/\/wandern.minnerop.de\/wp-content\/uploads\/2019\/05\/1557039158111.d3d8a208-28fe-479e-8996-95a1bd551bb7-169x300.jpg 169w, https:\/\/wandern.minnerop.de\/wp-content\/uploads\/2019\/05\/1557039158111.d3d8a208-28fe-479e-8996-95a1bd551bb7-768x1365.jpg 768w, https:\/\/wandern.minnerop.de\/wp-content\/uploads\/2019\/05\/1557039158111.d3d8a208-28fe-479e-8996-95a1bd551bb7.jpg 1134w\" sizes=\"auto, (max-width: 576px) 100vw, 576px\" \/><\/a><figcaption id=\"caption-attachment-2023\" class=\"wp-caption-text\">Europ\u00e4ischer Fernwanderweg E9<\/figcaption><\/figure>\n<p>Wieder ein kalter Tag, aber \u00fcberwiegend sonnig. Ich ging um 7:30Uhr los zum Bus, der mich zum Startpunkt nach Hesel brachte. Direkt am Anfang begr\u00fc\u00dfte mich obiges Schild.<\/p>\n<p>Wieder ging es \u00fcberwiegend durch die bekannten Wallhecken und kleine W\u00e4ldchen. Das war bei dem schneidend kalten Wind auch gut so. Immer wenn es etwas offener wurde, fegte der Wind derma\u00dfen, dass es nur mit Kapuze ging. Meine kleinen zarten \u00d6hrchen \ud83d\ude42 schmerzten, und es pfiff in den Ohren. Ostfriesisches Wetter halt.<\/p>\n<p><!--more--><\/p>\n<figure id=\"attachment_2024\" aria-describedby=\"caption-attachment-2024\" style=\"width: 840px\" class=\"wp-caption aligncenter\"><a href=\"http:\/\/wandern.minnerop.de\/wp-content\/uploads\/2019\/05\/1557039367271.7f558312-6b91-45ab-8cf1-9e3547ecbfbf.jpg\"><img loading=\"lazy\" decoding=\"async\" class=\"size-large wp-image-2024\" src=\"http:\/\/wandern.minnerop.de\/wp-content\/uploads\/2019\/05\/1557039367271.7f558312-6b91-45ab-8cf1-9e3547ecbfbf-1024x576.jpg\" alt=\"\" width=\"840\" height=\"473\" srcset=\"https:\/\/wandern.minnerop.de\/wp-content\/uploads\/2019\/05\/1557039367271.7f558312-6b91-45ab-8cf1-9e3547ecbfbf-1024x576.jpg 1024w, https:\/\/wandern.minnerop.de\/wp-content\/uploads\/2019\/05\/1557039367271.7f558312-6b91-45ab-8cf1-9e3547ecbfbf-300x169.jpg 300w, https:\/\/wandern.minnerop.de\/wp-content\/uploads\/2019\/05\/1557039367271.7f558312-6b91-45ab-8cf1-9e3547ecbfbf-768x432.jpg 768w, https:\/\/wandern.minnerop.de\/wp-content\/uploads\/2019\/05\/1557039367271.7f558312-6b91-45ab-8cf1-9e3547ecbfbf-1200x675.jpg 1200w, https:\/\/wandern.minnerop.de\/wp-content\/uploads\/2019\/05\/1557039367271.7f558312-6b91-45ab-8cf1-9e3547ecbfbf.jpg 2016w\" sizes=\"auto, (max-width: 840px) 100vw, 840px\" \/><\/a><figcaption id=\"caption-attachment-2024\" class=\"wp-caption-text\">Akurater Garten<\/figcaption><\/figure>\n<p>Apropo Ostfriesland. Ich hatte dieses herrliche Moin vergessen. \u00dcberall schallt es dir entgegen. Zu jeder Tageszeit und in jeder Schattierung. Jeder Radfahrer Moint dich an, und jeder Fu\u00dfg\u00e4nger der dir entgegen kommt, es sei denn, es ist ein Tourist. Du f\u00fchlst dich immer sofort willkommen. Wir sollten das deutschlandweit als ostfriesisches Kulturerbe einf\u00fchren, und daf\u00fcr die Ostfriesenwitze einstampfen. \ud83d\ude09<\/p>\n<figure id=\"attachment_2025\" aria-describedby=\"caption-attachment-2025\" style=\"width: 576px\" class=\"wp-caption aligncenter\"><a href=\"http:\/\/wandern.minnerop.de\/wp-content\/uploads\/2019\/05\/1557039407056.b7896a8a-3379-4714-a285-d90ec18b6d66.jpg\"><img loading=\"lazy\" decoding=\"async\" class=\"size-large wp-image-2025\" src=\"http:\/\/wandern.minnerop.de\/wp-content\/uploads\/2019\/05\/1557039407056.b7896a8a-3379-4714-a285-d90ec18b6d66-576x1024.jpg\" alt=\"\" width=\"576\" height=\"1024\" srcset=\"https:\/\/wandern.minnerop.de\/wp-content\/uploads\/2019\/05\/1557039407056.b7896a8a-3379-4714-a285-d90ec18b6d66-576x1024.jpg 576w, https:\/\/wandern.minnerop.de\/wp-content\/uploads\/2019\/05\/1557039407056.b7896a8a-3379-4714-a285-d90ec18b6d66-169x300.jpg 169w, https:\/\/wandern.minnerop.de\/wp-content\/uploads\/2019\/05\/1557039407056.b7896a8a-3379-4714-a285-d90ec18b6d66-768x1365.jpg 768w, https:\/\/wandern.minnerop.de\/wp-content\/uploads\/2019\/05\/1557039407056.b7896a8a-3379-4714-a285-d90ec18b6d66.jpg 1134w\" sizes=\"auto, (max-width: 576px) 100vw, 576px\" \/><\/a><figcaption id=\"caption-attachment-2025\" class=\"wp-caption-text\">Ostfriesische B\u00fccherstube<\/figcaption><\/figure>\n<p>Die Ostfriesen haben noch mehr zu bieten! Zweitverwertung f\u00fcr alte Telefonzellen. Tolle Idee!<\/p>\n<figure id=\"attachment_2026\" aria-describedby=\"caption-attachment-2026\" style=\"width: 840px\" class=\"wp-caption aligncenter\"><a href=\"http:\/\/wandern.minnerop.de\/wp-content\/uploads\/2019\/05\/1557041465513.1dee3664-f709-4a7e-8f5e-da5f05fc2bf9.jpg\"><img loading=\"lazy\" decoding=\"async\" class=\"size-large wp-image-2026\" src=\"http:\/\/wandern.minnerop.de\/wp-content\/uploads\/2019\/05\/1557041465513.1dee3664-f709-4a7e-8f5e-da5f05fc2bf9-1024x576.jpg\" alt=\"\" width=\"840\" height=\"473\" srcset=\"https:\/\/wandern.minnerop.de\/wp-content\/uploads\/2019\/05\/1557041465513.1dee3664-f709-4a7e-8f5e-da5f05fc2bf9-1024x576.jpg 1024w, https:\/\/wandern.minnerop.de\/wp-content\/uploads\/2019\/05\/1557041465513.1dee3664-f709-4a7e-8f5e-da5f05fc2bf9-300x169.jpg 300w, https:\/\/wandern.minnerop.de\/wp-content\/uploads\/2019\/05\/1557041465513.1dee3664-f709-4a7e-8f5e-da5f05fc2bf9-768x432.jpg 768w, https:\/\/wandern.minnerop.de\/wp-content\/uploads\/2019\/05\/1557041465513.1dee3664-f709-4a7e-8f5e-da5f05fc2bf9-1200x675.jpg 1200w, https:\/\/wandern.minnerop.de\/wp-content\/uploads\/2019\/05\/1557041465513.1dee3664-f709-4a7e-8f5e-da5f05fc2bf9.jpg 2016w\" sizes=\"auto, (max-width: 840px) 100vw, 840px\" \/><\/a><figcaption id=\"caption-attachment-2026\" class=\"wp-caption-text\">Schutzh\u00fctte<\/figcaption><\/figure>\n<p>Wie man auf dem Foto der Schutzh\u00fctte sieht, zog es sich zeitweilig zu. Ich zog mir deshalb bei dieser H\u00fctte die Regenjacke an. Wirklich gebraucht habe ich sie aber nicht.<\/p>\n<figure id=\"attachment_2027\" aria-describedby=\"caption-attachment-2027\" style=\"width: 576px\" class=\"wp-caption aligncenter\"><a href=\"http:\/\/wandern.minnerop.de\/wp-content\/uploads\/2019\/05\/1557041604151.315eecec-597c-477e-b6b9-d84bedb94f8e.jpg\"><img loading=\"lazy\" decoding=\"async\" class=\"size-large wp-image-2027\" src=\"http:\/\/wandern.minnerop.de\/wp-content\/uploads\/2019\/05\/1557041604151.315eecec-597c-477e-b6b9-d84bedb94f8e-576x1024.jpg\" alt=\"\" width=\"576\" height=\"1024\" srcset=\"https:\/\/wandern.minnerop.de\/wp-content\/uploads\/2019\/05\/1557041604151.315eecec-597c-477e-b6b9-d84bedb94f8e-576x1024.jpg 576w, https:\/\/wandern.minnerop.de\/wp-content\/uploads\/2019\/05\/1557041604151.315eecec-597c-477e-b6b9-d84bedb94f8e-169x300.jpg 169w, https:\/\/wandern.minnerop.de\/wp-content\/uploads\/2019\/05\/1557041604151.315eecec-597c-477e-b6b9-d84bedb94f8e-768x1365.jpg 768w, https:\/\/wandern.minnerop.de\/wp-content\/uploads\/2019\/05\/1557041604151.315eecec-597c-477e-b6b9-d84bedb94f8e.jpg 1134w\" sizes=\"auto, (max-width: 576px) 100vw, 576px\" \/><\/a><figcaption id=\"caption-attachment-2027\" class=\"wp-caption-text\">toter Baum mit Nisth\u00f6hlen<\/figcaption><\/figure>\n<p>In dem Wald fand ich dann diesen toten Baum. Viele Insekten wohnen dort, und es gab auch einige Nisth\u00f6hlen. V\u00f6gel sah ich aber nicht. Wahrscheinlich waren sie vor mir gefl\u00fcchtet.<\/p>\n<p>Immer weiter ging es. Vorbei an mehreren Windm\u00fchlen, alten Kapellen und sch\u00f6nen Dorfkirchen. Sehr wenige Menschen unterwegs, wenn ich mal an kleinen Ansiedlungen vorbei kam.<\/p>\n<figure id=\"attachment_2028\" aria-describedby=\"caption-attachment-2028\" style=\"width: 840px\" class=\"wp-caption aligncenter\"><a href=\"http:\/\/wandern.minnerop.de\/wp-content\/uploads\/2019\/05\/1557044632125.105cc881-d966-4856-9523-8a13267dc717.jpg\"><img loading=\"lazy\" decoding=\"async\" class=\"size-large wp-image-2028\" src=\"http:\/\/wandern.minnerop.de\/wp-content\/uploads\/2019\/05\/1557044632125.105cc881-d966-4856-9523-8a13267dc717-1024x576.jpg\" alt=\"\" width=\"840\" height=\"473\" srcset=\"https:\/\/wandern.minnerop.de\/wp-content\/uploads\/2019\/05\/1557044632125.105cc881-d966-4856-9523-8a13267dc717-1024x576.jpg 1024w, https:\/\/wandern.minnerop.de\/wp-content\/uploads\/2019\/05\/1557044632125.105cc881-d966-4856-9523-8a13267dc717-300x169.jpg 300w, https:\/\/wandern.minnerop.de\/wp-content\/uploads\/2019\/05\/1557044632125.105cc881-d966-4856-9523-8a13267dc717-768x432.jpg 768w, https:\/\/wandern.minnerop.de\/wp-content\/uploads\/2019\/05\/1557044632125.105cc881-d966-4856-9523-8a13267dc717-1200x675.jpg 1200w, https:\/\/wandern.minnerop.de\/wp-content\/uploads\/2019\/05\/1557044632125.105cc881-d966-4856-9523-8a13267dc717.jpg 2016w\" sizes=\"auto, (max-width: 840px) 100vw, 840px\" \/><\/a><figcaption id=\"caption-attachment-2028\" class=\"wp-caption-text\">Dorfkirche in Bagband<\/figcaption><\/figure>\n<figure id=\"attachment_2029\" aria-describedby=\"caption-attachment-2029\" style=\"width: 576px\" class=\"wp-caption aligncenter\"><a href=\"http:\/\/wandern.minnerop.de\/wp-content\/uploads\/2019\/05\/1557044513146.44b24a50-36b8-4bf9-8148-63760876d026.jpg\"><img loading=\"lazy\" decoding=\"async\" class=\"size-large wp-image-2029\" src=\"http:\/\/wandern.minnerop.de\/wp-content\/uploads\/2019\/05\/1557044513146.44b24a50-36b8-4bf9-8148-63760876d026-576x1024.jpg\" alt=\"\" width=\"576\" height=\"1024\" srcset=\"https:\/\/wandern.minnerop.de\/wp-content\/uploads\/2019\/05\/1557044513146.44b24a50-36b8-4bf9-8148-63760876d026-576x1024.jpg 576w, https:\/\/wandern.minnerop.de\/wp-content\/uploads\/2019\/05\/1557044513146.44b24a50-36b8-4bf9-8148-63760876d026-169x300.jpg 169w, https:\/\/wandern.minnerop.de\/wp-content\/uploads\/2019\/05\/1557044513146.44b24a50-36b8-4bf9-8148-63760876d026-768x1365.jpg 768w, https:\/\/wandern.minnerop.de\/wp-content\/uploads\/2019\/05\/1557044513146.44b24a50-36b8-4bf9-8148-63760876d026.jpg 1134w\" sizes=\"auto, (max-width: 576px) 100vw, 576px\" \/><\/a><figcaption id=\"caption-attachment-2029\" class=\"wp-caption-text\">Schubberb\u00e4ume f\u00fcr K\u00fche als Kunst gibt es wohl auch nur in Ostfriesland<\/figcaption><\/figure>\n<figure id=\"attachment_2030\" aria-describedby=\"caption-attachment-2030\" style=\"width: 840px\" class=\"wp-caption aligncenter\"><a href=\"http:\/\/wandern.minnerop.de\/wp-content\/uploads\/2019\/05\/1557047604697.4b3e47d6-e8e3-49b9-8949-6822484718aa.jpg\"><img loading=\"lazy\" decoding=\"async\" class=\"size-large wp-image-2030\" src=\"http:\/\/wandern.minnerop.de\/wp-content\/uploads\/2019\/05\/1557047604697.4b3e47d6-e8e3-49b9-8949-6822484718aa-1024x576.jpg\" alt=\"\" width=\"840\" height=\"473\" srcset=\"https:\/\/wandern.minnerop.de\/wp-content\/uploads\/2019\/05\/1557047604697.4b3e47d6-e8e3-49b9-8949-6822484718aa-1024x576.jpg 1024w, https:\/\/wandern.minnerop.de\/wp-content\/uploads\/2019\/05\/1557047604697.4b3e47d6-e8e3-49b9-8949-6822484718aa-300x169.jpg 300w, https:\/\/wandern.minnerop.de\/wp-content\/uploads\/2019\/05\/1557047604697.4b3e47d6-e8e3-49b9-8949-6822484718aa-768x432.jpg 768w, https:\/\/wandern.minnerop.de\/wp-content\/uploads\/2019\/05\/1557047604697.4b3e47d6-e8e3-49b9-8949-6822484718aa-1200x675.jpg 1200w, https:\/\/wandern.minnerop.de\/wp-content\/uploads\/2019\/05\/1557047604697.4b3e47d6-e8e3-49b9-8949-6822484718aa.jpg 2016w\" sizes=\"auto, (max-width: 840px) 100vw, 840px\" \/><\/a><figcaption id=\"caption-attachment-2030\" class=\"wp-caption-text\">Kapelle in Spitzerfehn<\/figcaption><\/figure>\n<p>Kurz vor dem Tagesziel Ostgro\u00dfefehn bog ich ab nach Middelgro\u00dfefehn. Nur dort fahren am Sonntag Busse. Ich musste also dorthin ausweichen, um zu meiner Unterkunft zur\u00fcckzukommen. Morgen fr\u00fch geht es hier weiter. Dann wieder mit gro\u00dfem Gep\u00e4ck, da ich dann von Leer nach Aurich umziehe, und die n\u00e4chsten Etappen von dort gehe.<\/p>\n<p>In Middelgro\u00dfefehn gibt es ein Landgasthaus. Nicht preiswert, aber wirklich seeehr lecker! So kam ich durch den Umweg noch zu einem leckeren Mittagessen, da ich auf den Bus warten musste. Drau\u00dfen war mir das zu kalt. Der Bus kommt nur alle 2 Stunden und war gerade weg als ich ankam.<\/p>\n<p>\u00dc\u00fcberigendst! Von meinem kaputten Knie merke ich nichts. Ich mache zwar zur Vorsicht nachts weiterhin meine fein duftenden Krautwickel, aber es ist keine Schwellung und kein Schmerz da. Nur ein leichter Muskelkater. Durch die Knie-OP und die darauffolgende Schonzeit bin ich untrainiert. Dann noch die fehlenden Pausen. Es ist einfach zu kalt irgendwo gem\u00fctlich auf einer Bank zu sitzen. Nun ja, irgendwas ist ja immer, sagte mein letztj\u00e4hriger Wanderfreund Hubert immer.<\/p>\n<p>Huhuuu Hubert, ich bin bald in Hamburg, deiner Heimat. Lust auf ein gemeinsames St\u00fcck E1\/E9 durch den Sachsenwald?<\/p>\n","protected":false},"excerpt":{"rendered":"<p>Wieder ein kalter Tag, aber \u00fcberwiegend sonnig. Ich ging um 7:30Uhr los zum Bus, der mich zum Startpunkt nach Hesel brachte. Direkt am Anfang begr\u00fc\u00dfte mich obiges Schild. Wieder ging es \u00fcberwiegend durch die bekannten Wallhecken und kleine W\u00e4ldchen. Das war bei dem schneidend kalten Wind auch gut so. Immer wenn es etwas offener wurde, [&hellip;]<\/p>\n","protected":false},"author":1,"featured_media":0,"comment_status":"open","ping_status":"open","sticky":false,"template":"","format":"standard","meta":{"footnotes":""},"categories":[14],"tags":[],"class_list":["post-2022","post","type-post","status-publish","format-standard","hentry","category-e9-wanderungen"],"_links":{"self":[{"href":"https:\/\/wandern.minnerop.de\/index.php?rest_route=\/wp\/v2\/posts\/2022","targetHints":{"allow":["GET"]}}],"collection":[{"href":"https:\/\/wandern.minnerop.de\/index.php?rest_route=\/wp\/v2\/posts"}],"about":[{"href":"https:\/\/wandern.minnerop.de\/index.php?rest_route=\/wp\/v2\/types\/post"}],"author":[{"embeddable":true,"href":"https:\/\/wandern.minnerop.de\/index.php?rest_route=\/wp\/v2\/users\/1"}],"replies":[{"embeddable":true,"href":"https:\/\/wandern.minnerop.de\/index.php?rest_route=%2Fwp%2Fv2%2Fcomments&post=2022"}],"version-history":[{"count":1,"href":"https:\/\/wandern.minnerop.de\/index.php?rest_route=\/wp\/v2\/posts\/2022\/revisions"}],"predecessor-version":[{"id":2031,"href":"https:\/\/wandern.minnerop.de\/index.php?rest_route=\/wp\/v2\/posts\/2022\/revisions\/2031"}],"wp:attachment":[{"href":"https:\/\/wandern.minnerop.de\/index.php?rest_route=%2Fwp%2Fv2%2Fmedia&parent=2022"}],"wp:term":[{"taxonomy":"category","embeddable":true,"href":"https:\/\/wandern.minnerop.de\/index.php?rest_route=%2Fwp%2Fv2%2Fcategories&post=2022"},{"taxonomy":"post_tag","embeddable":true,"href":"https:\/\/wandern.minnerop.de\/index.php?rest_route=%2Fwp%2Fv2%2Ftags&post=2022"}],"curies":[{"name":"wp","href":"https:\/\/api.w.org\/{rel}","templated":true}]}}