{"id":2046,"date":"2019-05-08T19:22:07","date_gmt":"2019-05-08T17:22:07","guid":{"rendered":"http:\/\/wandern.minnerop.de\/?p=2046"},"modified":"2020-01-13T19:02:54","modified_gmt":"2020-01-13T18:02:54","slug":"tag-7-auf-dem-e9-etappe-6-von-wiesens-nach-upschoert-194km","status":"publish","type":"post","link":"https:\/\/wandern.minnerop.de\/?p=2046","title":{"rendered":"Tag 7 auf dem E9, Etappe 6 von Wiesens nach Upsch\u00f6rt = 19,4km"},"content":{"rendered":"<figure id=\"attachment_2047\" aria-describedby=\"caption-attachment-2047\" style=\"width: 840px\" class=\"wp-caption aligncenter\"><a href=\"http:\/\/wandern.minnerop.de\/wp-content\/uploads\/2019\/05\/1557299360408.b94d8e8a-2178-4a59-8ae1-01805f4c4e39.jpg\"><img loading=\"lazy\" decoding=\"async\" class=\"size-large wp-image-2047\" src=\"http:\/\/wandern.minnerop.de\/wp-content\/uploads\/2019\/05\/1557299360408.b94d8e8a-2178-4a59-8ae1-01805f4c4e39-1024x576.jpg\" alt=\"\" width=\"840\" height=\"473\" srcset=\"https:\/\/wandern.minnerop.de\/wp-content\/uploads\/2019\/05\/1557299360408.b94d8e8a-2178-4a59-8ae1-01805f4c4e39-1024x576.jpg 1024w, https:\/\/wandern.minnerop.de\/wp-content\/uploads\/2019\/05\/1557299360408.b94d8e8a-2178-4a59-8ae1-01805f4c4e39-300x169.jpg 300w, https:\/\/wandern.minnerop.de\/wp-content\/uploads\/2019\/05\/1557299360408.b94d8e8a-2178-4a59-8ae1-01805f4c4e39-768x432.jpg 768w, https:\/\/wandern.minnerop.de\/wp-content\/uploads\/2019\/05\/1557299360408.b94d8e8a-2178-4a59-8ae1-01805f4c4e39-1200x675.jpg 1200w, https:\/\/wandern.minnerop.de\/wp-content\/uploads\/2019\/05\/1557299360408.b94d8e8a-2178-4a59-8ae1-01805f4c4e39.jpg 2016w\" sizes=\"auto, (max-width: 840px) 100vw, 840px\" \/><\/a><figcaption id=\"caption-attachment-2047\" class=\"wp-caption-text\">Ems-Jade Kanal<\/figcaption><\/figure>\n<p>Moin!<\/p>\n<p>Heute war wieder den ganzen Tag Kanal angesagt. Das war aber nicht langweilig. Ganz im Gegenteil! Mir gef\u00e4llt das sehr gut am Kanal. Das Wetter war zumindest trocken, und ab und zu kam sogar die Sonne raus. Also eine Verbesserung gegen\u00fcber den letzten Tagen. Au\u00dfer meine zarten \u00d6hrchen st\u00f6rte sich niemand an den lediglich 6 Grad morgens. Aber sie wurden warm eingepackt und haben es \u00fcberstanden.<\/p>\n<p><!--more--><\/p>\n<figure id=\"attachment_2048\" aria-describedby=\"caption-attachment-2048\" style=\"width: 840px\" class=\"wp-caption aligncenter\"><a href=\"http:\/\/wandern.minnerop.de\/wp-content\/uploads\/2019\/05\/1557298837858.812b8a90-2bba-4fff-a561-75e1b3da19ae.jpg\"><img loading=\"lazy\" decoding=\"async\" class=\"size-large wp-image-2048\" src=\"http:\/\/wandern.minnerop.de\/wp-content\/uploads\/2019\/05\/1557298837858.812b8a90-2bba-4fff-a561-75e1b3da19ae-1024x576.jpg\" alt=\"\" width=\"840\" height=\"473\" srcset=\"https:\/\/wandern.minnerop.de\/wp-content\/uploads\/2019\/05\/1557298837858.812b8a90-2bba-4fff-a561-75e1b3da19ae-1024x576.jpg 1024w, https:\/\/wandern.minnerop.de\/wp-content\/uploads\/2019\/05\/1557298837858.812b8a90-2bba-4fff-a561-75e1b3da19ae-300x169.jpg 300w, https:\/\/wandern.minnerop.de\/wp-content\/uploads\/2019\/05\/1557298837858.812b8a90-2bba-4fff-a561-75e1b3da19ae-768x432.jpg 768w, https:\/\/wandern.minnerop.de\/wp-content\/uploads\/2019\/05\/1557298837858.812b8a90-2bba-4fff-a561-75e1b3da19ae-1200x675.jpg 1200w, https:\/\/wandern.minnerop.de\/wp-content\/uploads\/2019\/05\/1557298837858.812b8a90-2bba-4fff-a561-75e1b3da19ae.jpg 2016w\" sizes=\"auto, (max-width: 840px) 100vw, 840px\" \/><\/a><figcaption id=\"caption-attachment-2048\" class=\"wp-caption-text\">Kirche in Wiesens<\/figcaption><\/figure>\n<p>Aber an den Anfang. Erst mit dem Bus nach Wiesens. Dort steigt man vor der alten Kirche aus. Sie hat wohl ein sehr wechselvolles Leben hinter sich. Ein sehr kompakter Bau, mit teilweise zugemauerten gotischen, z.T. romanischen Fenstern. Eigentlich hat dieses Geb\u00e4ude aber \u00fcberhaupt nichts gotisch leichtes an sich. Eher ostfriesisch erdene Schwere. \ud83d\ude09 Ich habe eine Weile davor gestanden und sinniert, was hier denn wohl so alles passiert sein k\u00f6nnte. Google zu fragen habe ich mir geklemmt, dann w\u00e4r der Zauber verflogen.<\/p>\n<p>Die Hauptstra\u00dfe weiter, und dann kam ich wieder an die Br\u00fccke, \u00fcber die ich gestern schon aus der anderen Richtung gegangen war. Siehe Bericht gestern. Heute ging es in die entgegengesetute Richtung wie gestern. Wieder dieser feuchtneblige Kanal mir Erlk\u00f6nigs T\u00f6chtern. Dann kam die erste Schleuse kurz hinter Wiesens, und der Kanal wurde breiter. Auch ein kleiner Hafen ist dort.<\/p>\n<figure id=\"attachment_2049\" aria-describedby=\"caption-attachment-2049\" style=\"width: 840px\" class=\"wp-caption aligncenter\"><a href=\"http:\/\/wandern.minnerop.de\/wp-content\/uploads\/2019\/05\/1557300465795.63ca6c39-3e05-45bc-bb46-10373bc42013.jpg\"><img loading=\"lazy\" decoding=\"async\" class=\"size-large wp-image-2049\" src=\"http:\/\/wandern.minnerop.de\/wp-content\/uploads\/2019\/05\/1557300465795.63ca6c39-3e05-45bc-bb46-10373bc42013-1024x576.jpg\" alt=\"\" width=\"840\" height=\"473\" srcset=\"https:\/\/wandern.minnerop.de\/wp-content\/uploads\/2019\/05\/1557300465795.63ca6c39-3e05-45bc-bb46-10373bc42013-1024x576.jpg 1024w, https:\/\/wandern.minnerop.de\/wp-content\/uploads\/2019\/05\/1557300465795.63ca6c39-3e05-45bc-bb46-10373bc42013-300x169.jpg 300w, https:\/\/wandern.minnerop.de\/wp-content\/uploads\/2019\/05\/1557300465795.63ca6c39-3e05-45bc-bb46-10373bc42013-768x432.jpg 768w, https:\/\/wandern.minnerop.de\/wp-content\/uploads\/2019\/05\/1557300465795.63ca6c39-3e05-45bc-bb46-10373bc42013-1200x675.jpg 1200w, https:\/\/wandern.minnerop.de\/wp-content\/uploads\/2019\/05\/1557300465795.63ca6c39-3e05-45bc-bb46-10373bc42013.jpg 2016w\" sizes=\"auto, (max-width: 840px) 100vw, 840px\" \/><\/a><figcaption id=\"caption-attachment-2049\" class=\"wp-caption-text\">Schleuse und Hafen bei Wiesens<\/figcaption><\/figure>\n<figure id=\"attachment_2050\" aria-describedby=\"caption-attachment-2050\" style=\"width: 840px\" class=\"wp-caption aligncenter\"><a href=\"http:\/\/wandern.minnerop.de\/wp-content\/uploads\/2019\/05\/1557300559289.4dacada5-9a65-4585-80c5-58966a739249.jpg\"><img loading=\"lazy\" decoding=\"async\" class=\"size-large wp-image-2050\" src=\"http:\/\/wandern.minnerop.de\/wp-content\/uploads\/2019\/05\/1557300559289.4dacada5-9a65-4585-80c5-58966a739249-1024x576.jpg\" alt=\"\" width=\"840\" height=\"473\" srcset=\"https:\/\/wandern.minnerop.de\/wp-content\/uploads\/2019\/05\/1557300559289.4dacada5-9a65-4585-80c5-58966a739249-1024x576.jpg 1024w, https:\/\/wandern.minnerop.de\/wp-content\/uploads\/2019\/05\/1557300559289.4dacada5-9a65-4585-80c5-58966a739249-300x169.jpg 300w, https:\/\/wandern.minnerop.de\/wp-content\/uploads\/2019\/05\/1557300559289.4dacada5-9a65-4585-80c5-58966a739249-768x432.jpg 768w, https:\/\/wandern.minnerop.de\/wp-content\/uploads\/2019\/05\/1557300559289.4dacada5-9a65-4585-80c5-58966a739249-1200x675.jpg 1200w, https:\/\/wandern.minnerop.de\/wp-content\/uploads\/2019\/05\/1557300559289.4dacada5-9a65-4585-80c5-58966a739249.jpg 2016w\" sizes=\"auto, (max-width: 840px) 100vw, 840px\" \/><\/a><figcaption id=\"caption-attachment-2050\" class=\"wp-caption-text\">Schleuse Wiesens<\/figcaption><\/figure>\n<figure id=\"attachment_2051\" aria-describedby=\"caption-attachment-2051\" style=\"width: 840px\" class=\"wp-caption aligncenter\"><a href=\"http:\/\/wandern.minnerop.de\/wp-content\/uploads\/2019\/05\/1557300605882.db641b3a-a81d-4a0e-b13d-c1b3bba52803.jpg\"><img loading=\"lazy\" decoding=\"async\" class=\"size-large wp-image-2051\" src=\"http:\/\/wandern.minnerop.de\/wp-content\/uploads\/2019\/05\/1557300605882.db641b3a-a81d-4a0e-b13d-c1b3bba52803-1024x576.jpg\" alt=\"\" width=\"840\" height=\"473\" srcset=\"https:\/\/wandern.minnerop.de\/wp-content\/uploads\/2019\/05\/1557300605882.db641b3a-a81d-4a0e-b13d-c1b3bba52803-1024x576.jpg 1024w, https:\/\/wandern.minnerop.de\/wp-content\/uploads\/2019\/05\/1557300605882.db641b3a-a81d-4a0e-b13d-c1b3bba52803-300x169.jpg 300w, https:\/\/wandern.minnerop.de\/wp-content\/uploads\/2019\/05\/1557300605882.db641b3a-a81d-4a0e-b13d-c1b3bba52803-768x432.jpg 768w, https:\/\/wandern.minnerop.de\/wp-content\/uploads\/2019\/05\/1557300605882.db641b3a-a81d-4a0e-b13d-c1b3bba52803-1200x675.jpg 1200w, https:\/\/wandern.minnerop.de\/wp-content\/uploads\/2019\/05\/1557300605882.db641b3a-a81d-4a0e-b13d-c1b3bba52803.jpg 2016w\" sizes=\"auto, (max-width: 840px) 100vw, 840px\" \/><\/a><figcaption id=\"caption-attachment-2051\" class=\"wp-caption-text\">Mini-Hafen bei Wiesens<\/figcaption><\/figure>\n<p>Immer weiter ging es am Kanal. Sogar eins der nun so begehrten Tiny-H\u00e4user lag am Weg. Allerdings ist da noch ein wenig zu renovieren. \ud83d\ude09<\/p>\n<figure id=\"attachment_2052\" aria-describedby=\"caption-attachment-2052\" style=\"width: 840px\" class=\"wp-caption aligncenter\"><a href=\"http:\/\/wandern.minnerop.de\/wp-content\/uploads\/2019\/05\/1557302702972.1f83a548-f482-4511-baff-d469c1b762ba.jpg\"><img loading=\"lazy\" decoding=\"async\" class=\"size-large wp-image-2052\" src=\"http:\/\/wandern.minnerop.de\/wp-content\/uploads\/2019\/05\/1557302702972.1f83a548-f482-4511-baff-d469c1b762ba-1024x576.jpg\" alt=\"\" width=\"840\" height=\"473\" srcset=\"https:\/\/wandern.minnerop.de\/wp-content\/uploads\/2019\/05\/1557302702972.1f83a548-f482-4511-baff-d469c1b762ba-1024x576.jpg 1024w, https:\/\/wandern.minnerop.de\/wp-content\/uploads\/2019\/05\/1557302702972.1f83a548-f482-4511-baff-d469c1b762ba-300x169.jpg 300w, https:\/\/wandern.minnerop.de\/wp-content\/uploads\/2019\/05\/1557302702972.1f83a548-f482-4511-baff-d469c1b762ba-768x432.jpg 768w, https:\/\/wandern.minnerop.de\/wp-content\/uploads\/2019\/05\/1557302702972.1f83a548-f482-4511-baff-d469c1b762ba-1200x675.jpg 1200w, https:\/\/wandern.minnerop.de\/wp-content\/uploads\/2019\/05\/1557302702972.1f83a548-f482-4511-baff-d469c1b762ba.jpg 2016w\" sizes=\"auto, (max-width: 840px) 100vw, 840px\" \/><\/a><figcaption id=\"caption-attachment-2052\" class=\"wp-caption-text\">Immer weiter am Kanal<\/figcaption><\/figure>\n<figure id=\"attachment_2053\" aria-describedby=\"caption-attachment-2053\" style=\"width: 840px\" class=\"wp-caption aligncenter\"><a href=\"http:\/\/wandern.minnerop.de\/wp-content\/uploads\/2019\/05\/1557302384836.cc6c6f17-723c-423f-aea7-1d90db014aba.jpg\"><img loading=\"lazy\" decoding=\"async\" class=\"size-large wp-image-2053\" src=\"http:\/\/wandern.minnerop.de\/wp-content\/uploads\/2019\/05\/1557302384836.cc6c6f17-723c-423f-aea7-1d90db014aba-1024x576.jpg\" alt=\"\" width=\"840\" height=\"473\" srcset=\"https:\/\/wandern.minnerop.de\/wp-content\/uploads\/2019\/05\/1557302384836.cc6c6f17-723c-423f-aea7-1d90db014aba-1024x576.jpg 1024w, https:\/\/wandern.minnerop.de\/wp-content\/uploads\/2019\/05\/1557302384836.cc6c6f17-723c-423f-aea7-1d90db014aba-300x169.jpg 300w, https:\/\/wandern.minnerop.de\/wp-content\/uploads\/2019\/05\/1557302384836.cc6c6f17-723c-423f-aea7-1d90db014aba-768x432.jpg 768w, https:\/\/wandern.minnerop.de\/wp-content\/uploads\/2019\/05\/1557302384836.cc6c6f17-723c-423f-aea7-1d90db014aba-1200x675.jpg 1200w, https:\/\/wandern.minnerop.de\/wp-content\/uploads\/2019\/05\/1557302384836.cc6c6f17-723c-423f-aea7-1d90db014aba.jpg 2016w\" sizes=\"auto, (max-width: 840px) 100vw, 840px\" \/><\/a><figcaption id=\"caption-attachment-2053\" class=\"wp-caption-text\">Tiny Haus \ud83d\ude09<\/figcaption><\/figure>\n<figure id=\"attachment_2054\" aria-describedby=\"caption-attachment-2054\" style=\"width: 840px\" class=\"wp-caption aligncenter\"><a href=\"http:\/\/wandern.minnerop.de\/wp-content\/uploads\/2019\/05\/1557303901370.48519e23-2ac8-43b4-95c3-968b71d28ba7.jpg\"><img loading=\"lazy\" decoding=\"async\" class=\"size-large wp-image-2054\" src=\"http:\/\/wandern.minnerop.de\/wp-content\/uploads\/2019\/05\/1557303901370.48519e23-2ac8-43b4-95c3-968b71d28ba7-1024x576.jpg\" alt=\"\" width=\"840\" height=\"473\" srcset=\"https:\/\/wandern.minnerop.de\/wp-content\/uploads\/2019\/05\/1557303901370.48519e23-2ac8-43b4-95c3-968b71d28ba7-1024x576.jpg 1024w, https:\/\/wandern.minnerop.de\/wp-content\/uploads\/2019\/05\/1557303901370.48519e23-2ac8-43b4-95c3-968b71d28ba7-300x169.jpg 300w, https:\/\/wandern.minnerop.de\/wp-content\/uploads\/2019\/05\/1557303901370.48519e23-2ac8-43b4-95c3-968b71d28ba7-768x432.jpg 768w, https:\/\/wandern.minnerop.de\/wp-content\/uploads\/2019\/05\/1557303901370.48519e23-2ac8-43b4-95c3-968b71d28ba7-1200x675.jpg 1200w, https:\/\/wandern.minnerop.de\/wp-content\/uploads\/2019\/05\/1557303901370.48519e23-2ac8-43b4-95c3-968b71d28ba7.jpg 2016w\" sizes=\"auto, (max-width: 840px) 100vw, 840px\" \/><\/a><figcaption id=\"caption-attachment-2054\" class=\"wp-caption-text\">endlich Pause. Man beachte den Sticker auf dem Rucksack!<\/figcaption><\/figure>\n<p>Noch ein paar ostfriesische Impressionen. Mir gef\u00e4llt diese riesige Ebene und die gepflegten H\u00e4user. Ich muss das immer wieder fotografieren. \ud83d\ude09<\/p>\n<figure id=\"attachment_2055\" aria-describedby=\"caption-attachment-2055\" style=\"width: 840px\" class=\"wp-caption aligncenter\"><a href=\"http:\/\/wandern.minnerop.de\/wp-content\/uploads\/2019\/05\/1557304850295.d997df40-7c78-499f-a530-e5ebafebfcbf.jpg\"><img loading=\"lazy\" decoding=\"async\" class=\"size-large wp-image-2055\" src=\"http:\/\/wandern.minnerop.de\/wp-content\/uploads\/2019\/05\/1557304850295.d997df40-7c78-499f-a530-e5ebafebfcbf-1024x576.jpg\" alt=\"\" width=\"840\" height=\"473\" srcset=\"https:\/\/wandern.minnerop.de\/wp-content\/uploads\/2019\/05\/1557304850295.d997df40-7c78-499f-a530-e5ebafebfcbf-1024x576.jpg 1024w, https:\/\/wandern.minnerop.de\/wp-content\/uploads\/2019\/05\/1557304850295.d997df40-7c78-499f-a530-e5ebafebfcbf-300x169.jpg 300w, https:\/\/wandern.minnerop.de\/wp-content\/uploads\/2019\/05\/1557304850295.d997df40-7c78-499f-a530-e5ebafebfcbf-768x432.jpg 768w, https:\/\/wandern.minnerop.de\/wp-content\/uploads\/2019\/05\/1557304850295.d997df40-7c78-499f-a530-e5ebafebfcbf-1200x675.jpg 1200w, https:\/\/wandern.minnerop.de\/wp-content\/uploads\/2019\/05\/1557304850295.d997df40-7c78-499f-a530-e5ebafebfcbf.jpg 2016w\" sizes=\"auto, (max-width: 840px) 100vw, 840px\" \/><\/a><figcaption id=\"caption-attachment-2055\" class=\"wp-caption-text\">Ostfriesland<\/figcaption><\/figure>\n<p><a href=\"http:\/\/wandern.minnerop.de\/wp-content\/uploads\/2019\/05\/1557306599164.0a609e36-8646-4132-b4ca-687897bbc6ed.jpg\"><img loading=\"lazy\" decoding=\"async\" class=\"aligncenter size-large wp-image-2056\" src=\"http:\/\/wandern.minnerop.de\/wp-content\/uploads\/2019\/05\/1557306599164.0a609e36-8646-4132-b4ca-687897bbc6ed-1024x576.jpg\" alt=\"\" width=\"840\" height=\"473\" srcset=\"https:\/\/wandern.minnerop.de\/wp-content\/uploads\/2019\/05\/1557306599164.0a609e36-8646-4132-b4ca-687897bbc6ed-1024x576.jpg 1024w, https:\/\/wandern.minnerop.de\/wp-content\/uploads\/2019\/05\/1557306599164.0a609e36-8646-4132-b4ca-687897bbc6ed-300x169.jpg 300w, https:\/\/wandern.minnerop.de\/wp-content\/uploads\/2019\/05\/1557306599164.0a609e36-8646-4132-b4ca-687897bbc6ed-768x432.jpg 768w, https:\/\/wandern.minnerop.de\/wp-content\/uploads\/2019\/05\/1557306599164.0a609e36-8646-4132-b4ca-687897bbc6ed-1200x675.jpg 1200w, https:\/\/wandern.minnerop.de\/wp-content\/uploads\/2019\/05\/1557306599164.0a609e36-8646-4132-b4ca-687897bbc6ed.jpg 2016w\" sizes=\"auto, (max-width: 840px) 100vw, 840px\" \/><\/a><\/p>\n<figure id=\"attachment_2057\" aria-describedby=\"caption-attachment-2057\" style=\"width: 840px\" class=\"wp-caption aligncenter\"><a href=\"http:\/\/wandern.minnerop.de\/wp-content\/uploads\/2019\/05\/1557309495221.3b2680ba-c950-4b67-8872-61d5e8d8872a.jpg\"><img loading=\"lazy\" decoding=\"async\" class=\"wp-image-2057 size-large\" src=\"http:\/\/wandern.minnerop.de\/wp-content\/uploads\/2019\/05\/1557309495221.3b2680ba-c950-4b67-8872-61d5e8d8872a-e1557335236147-1024x576.jpg\" alt=\"\" width=\"840\" height=\"473\" srcset=\"https:\/\/wandern.minnerop.de\/wp-content\/uploads\/2019\/05\/1557309495221.3b2680ba-c950-4b67-8872-61d5e8d8872a-e1557335236147-1024x576.jpg 1024w, https:\/\/wandern.minnerop.de\/wp-content\/uploads\/2019\/05\/1557309495221.3b2680ba-c950-4b67-8872-61d5e8d8872a-e1557335236147-300x169.jpg 300w, https:\/\/wandern.minnerop.de\/wp-content\/uploads\/2019\/05\/1557309495221.3b2680ba-c950-4b67-8872-61d5e8d8872a-e1557335236147-768x432.jpg 768w, https:\/\/wandern.minnerop.de\/wp-content\/uploads\/2019\/05\/1557309495221.3b2680ba-c950-4b67-8872-61d5e8d8872a-e1557335236147-1200x675.jpg 1200w, https:\/\/wandern.minnerop.de\/wp-content\/uploads\/2019\/05\/1557309495221.3b2680ba-c950-4b67-8872-61d5e8d8872a-e1557335236147.jpg 2016w\" sizes=\"auto, (max-width: 840px) 100vw, 840px\" \/><\/a><figcaption id=\"caption-attachment-2057\" class=\"wp-caption-text\">Fr\u00fchlingsblumen<\/figcaption><\/figure>\n<p>Jetzt kam die Schleuse in Upsch\u00f6rt, und ich dachte, Ziel f\u00fcr heute erreicht, nach nur 14km. Aaaaber &#8230;.<\/p>\n<figure id=\"attachment_2058\" aria-describedby=\"caption-attachment-2058\" style=\"width: 840px\" class=\"wp-caption aligncenter\"><a href=\"http:\/\/wandern.minnerop.de\/wp-content\/uploads\/2019\/05\/1557311398041.cd42a0b6-b25f-4d25-bdc4-413e546b1987.jpg\"><img loading=\"lazy\" decoding=\"async\" class=\"size-large wp-image-2058\" src=\"http:\/\/wandern.minnerop.de\/wp-content\/uploads\/2019\/05\/1557311398041.cd42a0b6-b25f-4d25-bdc4-413e546b1987-1024x576.jpg\" alt=\"\" width=\"840\" height=\"473\" srcset=\"https:\/\/wandern.minnerop.de\/wp-content\/uploads\/2019\/05\/1557311398041.cd42a0b6-b25f-4d25-bdc4-413e546b1987-1024x576.jpg 1024w, https:\/\/wandern.minnerop.de\/wp-content\/uploads\/2019\/05\/1557311398041.cd42a0b6-b25f-4d25-bdc4-413e546b1987-300x169.jpg 300w, https:\/\/wandern.minnerop.de\/wp-content\/uploads\/2019\/05\/1557311398041.cd42a0b6-b25f-4d25-bdc4-413e546b1987-768x432.jpg 768w, https:\/\/wandern.minnerop.de\/wp-content\/uploads\/2019\/05\/1557311398041.cd42a0b6-b25f-4d25-bdc4-413e546b1987-1200x675.jpg 1200w, https:\/\/wandern.minnerop.de\/wp-content\/uploads\/2019\/05\/1557311398041.cd42a0b6-b25f-4d25-bdc4-413e546b1987.jpg 2016w\" sizes=\"auto, (max-width: 840px) 100vw, 840px\" \/><\/a><figcaption id=\"caption-attachment-2058\" class=\"wp-caption-text\">Schleuse Upsch\u00f6rt<\/figcaption><\/figure>\n<p>&nbsp;<\/p>\n<p><a href=\"http:\/\/wandern.minnerop.de\/wp-content\/uploads\/2019\/05\/1557311496641.22168c3e-0873-4acc-9f23-064e1b88447a.jpg\"><img loading=\"lazy\" decoding=\"async\" class=\"aligncenter size-large wp-image-2059\" src=\"http:\/\/wandern.minnerop.de\/wp-content\/uploads\/2019\/05\/1557311496641.22168c3e-0873-4acc-9f23-064e1b88447a-1024x576.jpg\" alt=\"\" width=\"840\" height=\"473\" srcset=\"https:\/\/wandern.minnerop.de\/wp-content\/uploads\/2019\/05\/1557311496641.22168c3e-0873-4acc-9f23-064e1b88447a-1024x576.jpg 1024w, https:\/\/wandern.minnerop.de\/wp-content\/uploads\/2019\/05\/1557311496641.22168c3e-0873-4acc-9f23-064e1b88447a-300x169.jpg 300w, https:\/\/wandern.minnerop.de\/wp-content\/uploads\/2019\/05\/1557311496641.22168c3e-0873-4acc-9f23-064e1b88447a-768x432.jpg 768w, https:\/\/wandern.minnerop.de\/wp-content\/uploads\/2019\/05\/1557311496641.22168c3e-0873-4acc-9f23-064e1b88447a-1200x675.jpg 1200w, https:\/\/wandern.minnerop.de\/wp-content\/uploads\/2019\/05\/1557311496641.22168c3e-0873-4acc-9f23-064e1b88447a.jpg 2016w\" sizes=\"auto, (max-width: 840px) 100vw, 840px\" \/><\/a><\/p>\n<figure id=\"attachment_2060\" aria-describedby=\"caption-attachment-2060\" style=\"width: 840px\" class=\"wp-caption aligncenter\"><a href=\"http:\/\/wandern.minnerop.de\/wp-content\/uploads\/2019\/05\/1557312075170.23a83228-c537-4740-97fc-11278ea8fc3e.jpg\"><img loading=\"lazy\" decoding=\"async\" class=\"size-large wp-image-2060\" src=\"http:\/\/wandern.minnerop.de\/wp-content\/uploads\/2019\/05\/1557312075170.23a83228-c537-4740-97fc-11278ea8fc3e-1024x576.jpg\" alt=\"\" width=\"840\" height=\"473\" srcset=\"https:\/\/wandern.minnerop.de\/wp-content\/uploads\/2019\/05\/1557312075170.23a83228-c537-4740-97fc-11278ea8fc3e-1024x576.jpg 1024w, https:\/\/wandern.minnerop.de\/wp-content\/uploads\/2019\/05\/1557312075170.23a83228-c537-4740-97fc-11278ea8fc3e-300x169.jpg 300w, https:\/\/wandern.minnerop.de\/wp-content\/uploads\/2019\/05\/1557312075170.23a83228-c537-4740-97fc-11278ea8fc3e-768x432.jpg 768w, https:\/\/wandern.minnerop.de\/wp-content\/uploads\/2019\/05\/1557312075170.23a83228-c537-4740-97fc-11278ea8fc3e-1200x675.jpg 1200w, https:\/\/wandern.minnerop.de\/wp-content\/uploads\/2019\/05\/1557312075170.23a83228-c537-4740-97fc-11278ea8fc3e.jpg 2016w\" sizes=\"auto, (max-width: 840px) 100vw, 840px\" \/><\/a><figcaption id=\"caption-attachment-2060\" class=\"wp-caption-text\">Jetzt noch 100m bis zur Bushaltestelle<\/figcaption><\/figure>\n<p>&#8230;.aber die Bushaltestelle war ausger\u00e4umt. Der Fahrplan entfernt. Ein vorbeikommender Junge sagte mir, der Bus f\u00fchre nicht im Moment, wegen Baustelle.<\/p>\n<p>Also den online Fahrplan studiert. Von hier w\u00e4re ich nach Wiesedermeer gefahren und dort umgestiegen. Dann Richtung Wiesmoor. Diese Linie kreuzt dann wieder meinen Weg, den ich gerade gegangen war. Also einfach 3,5km zur\u00fcck, und dann in Marcardsmoor in meinen Bus. Da ich nicht den gleichen Weg zur\u00fccklaufen wollte, nahm ich einen Weg der parallel verl\u00e4uft. Hier kam ich noch an einem Torfabbau vorbei. Sah interessant aus, erf\u00fcllte mich aber mit Grausen. Ist hier etwa ein Feuchtgebiet plattgemacht worden?<\/p>\n<figure id=\"attachment_2062\" aria-describedby=\"caption-attachment-2062\" style=\"width: 840px\" class=\"wp-caption aligncenter\"><a href=\"http:\/\/wandern.minnerop.de\/wp-content\/uploads\/2019\/05\/1557313781729.8bb88d93-3704-4fd2-b947-3131ccb9b4b3.jpg\"><img loading=\"lazy\" decoding=\"async\" class=\"size-large wp-image-2062\" src=\"http:\/\/wandern.minnerop.de\/wp-content\/uploads\/2019\/05\/1557313781729.8bb88d93-3704-4fd2-b947-3131ccb9b4b3-1024x576.jpg\" alt=\"\" width=\"840\" height=\"473\" srcset=\"https:\/\/wandern.minnerop.de\/wp-content\/uploads\/2019\/05\/1557313781729.8bb88d93-3704-4fd2-b947-3131ccb9b4b3-1024x576.jpg 1024w, https:\/\/wandern.minnerop.de\/wp-content\/uploads\/2019\/05\/1557313781729.8bb88d93-3704-4fd2-b947-3131ccb9b4b3-300x169.jpg 300w, https:\/\/wandern.minnerop.de\/wp-content\/uploads\/2019\/05\/1557313781729.8bb88d93-3704-4fd2-b947-3131ccb9b4b3-768x432.jpg 768w, https:\/\/wandern.minnerop.de\/wp-content\/uploads\/2019\/05\/1557313781729.8bb88d93-3704-4fd2-b947-3131ccb9b4b3-1200x675.jpg 1200w, https:\/\/wandern.minnerop.de\/wp-content\/uploads\/2019\/05\/1557313781729.8bb88d93-3704-4fd2-b947-3131ccb9b4b3.jpg 2016w\" sizes=\"auto, (max-width: 840px) 100vw, 840px\" \/><\/a><figcaption id=\"caption-attachment-2062\" class=\"wp-caption-text\">Torfabbau<\/figcaption><\/figure>\n<p>In Aurich angekommen g\u00f6nnte ich mir noch einen Stadtrundgang.<\/p>\n<figure id=\"attachment_2063\" aria-describedby=\"caption-attachment-2063\" style=\"width: 576px\" class=\"wp-caption aligncenter\"><a href=\"http:\/\/wandern.minnerop.de\/wp-content\/uploads\/2019\/05\/20190508_151011-e1557336075158.jpg\"><img loading=\"lazy\" decoding=\"async\" class=\"size-large wp-image-2063\" src=\"http:\/\/wandern.minnerop.de\/wp-content\/uploads\/2019\/05\/20190508_151011-e1557336075158-576x1024.jpg\" alt=\"\" width=\"576\" height=\"1024\" srcset=\"https:\/\/wandern.minnerop.de\/wp-content\/uploads\/2019\/05\/20190508_151011-e1557336075158-576x1024.jpg 576w, https:\/\/wandern.minnerop.de\/wp-content\/uploads\/2019\/05\/20190508_151011-e1557336075158-169x300.jpg 169w, https:\/\/wandern.minnerop.de\/wp-content\/uploads\/2019\/05\/20190508_151011-e1557336075158-768x1365.jpg 768w, https:\/\/wandern.minnerop.de\/wp-content\/uploads\/2019\/05\/20190508_151011-e1557336075158-1200x2133.jpg 1200w\" sizes=\"auto, (max-width: 576px) 100vw, 576px\" \/><\/a><figcaption id=\"caption-attachment-2063\" class=\"wp-caption-text\">Denkmal? in Aurich<\/figcaption><\/figure>\n","protected":false},"excerpt":{"rendered":"<p>Moin! Heute war wieder den ganzen Tag Kanal angesagt. Das war aber nicht langweilig. Ganz im Gegenteil! Mir gef\u00e4llt das sehr gut am Kanal. Das Wetter war zumindest trocken, und ab und zu kam sogar die Sonne raus. Also eine Verbesserung gegen\u00fcber den letzten Tagen. Au\u00dfer meine zarten \u00d6hrchen st\u00f6rte sich niemand an den lediglich [&hellip;]<\/p>\n","protected":false},"author":1,"featured_media":0,"comment_status":"open","ping_status":"open","sticky":false,"template":"","format":"standard","meta":{"footnotes":""},"categories":[14],"tags":[],"class_list":["post-2046","post","type-post","status-publish","format-standard","hentry","category-e9-wanderungen"],"_links":{"self":[{"href":"https:\/\/wandern.minnerop.de\/index.php?rest_route=\/wp\/v2\/posts\/2046","targetHints":{"allow":["GET"]}}],"collection":[{"href":"https:\/\/wandern.minnerop.de\/index.php?rest_route=\/wp\/v2\/posts"}],"about":[{"href":"https:\/\/wandern.minnerop.de\/index.php?rest_route=\/wp\/v2\/types\/post"}],"author":[{"embeddable":true,"href":"https:\/\/wandern.minnerop.de\/index.php?rest_route=\/wp\/v2\/users\/1"}],"replies":[{"embeddable":true,"href":"https:\/\/wandern.minnerop.de\/index.php?rest_route=%2Fwp%2Fv2%2Fcomments&post=2046"}],"version-history":[{"count":5,"href":"https:\/\/wandern.minnerop.de\/index.php?rest_route=\/wp\/v2\/posts\/2046\/revisions"}],"predecessor-version":[{"id":2479,"href":"https:\/\/wandern.minnerop.de\/index.php?rest_route=\/wp\/v2\/posts\/2046\/revisions\/2479"}],"wp:attachment":[{"href":"https:\/\/wandern.minnerop.de\/index.php?rest_route=%2Fwp%2Fv2%2Fmedia&parent=2046"}],"wp:term":[{"taxonomy":"category","embeddable":true,"href":"https:\/\/wandern.minnerop.de\/index.php?rest_route=%2Fwp%2Fv2%2Fcategories&post=2046"},{"taxonomy":"post_tag","embeddable":true,"href":"https:\/\/wandern.minnerop.de\/index.php?rest_route=%2Fwp%2Fv2%2Ftags&post=2046"}],"curies":[{"name":"wp","href":"https:\/\/api.w.org\/{rel}","templated":true}]}}