{"id":24,"date":"2017-09-10T10:07:15","date_gmt":"2017-09-10T10:07:15","guid":{"rendered":"http:\/\/wandern.minnerop.de\/?p=24"},"modified":"2017-09-10T10:15:14","modified_gmt":"2017-09-10T10:15:14","slug":"bald-geht-es-los-2","status":"publish","type":"post","link":"https:\/\/wandern.minnerop.de\/?p=24","title":{"rendered":"Bald geht es los :-)"},"content":{"rendered":"<header class=\"page-header\">\n<div class=\"taxonomy-description\">\n<p>Den unten, nach der Markierung folgenden Beitrag hatte ich am 8. Sep 2017 geschrieben. Das hat sich aber mittlerweisle wieder \u00fcberholt.<\/p>\n<p>Warum?<br \/>\nMir kam (positiv gesehen) die Erleuchtung, oder anders rum (realistisch gesehen) gesagt, ich war ganz sch\u00f6n bl\u00f6d. \ud83d\ude09<br \/>\nIch will ja einen &#8222;Probelauf&#8220; machen. Dies sollte der Rennsteig sein. Mein E1-Weg sollte dann am 1 Mai 2018 in Hamburg starten.<br \/>\nDabei habe ich dann die ganze Zeit \u00fcberlegt, wie ich denn die fehlenden Etappen in Deutschland noch laufen k\u00f6nnte.<br \/>\nNun klingelt es wahrscheinlich gerade auch bei dir. \ud83d\ude09 Nat\u00fcrlich kann ich meinen Probelauf auch direkt auf dem E1 machen. Also positiv gedacht, das war die Erleuchtung.<\/p>\n<p>Nun denn, gesagt getan. Ich habe gestern noch die ersten 6 Etappen von Schleswig bis Kiel geplant. \u00dcbernachtungen \u00fcberwiegend im Zelt, 2mal in der Jugendherberge, da kein Zeltplatz am Wege ist.<\/p>\n<\/div>\n<p>So, jetzt dann den alten Beitrag weiter unten als Kopie.<\/p>\n<div class=\"taxonomy-description\">\n<p>&#8212;&#8212;&#8212;&#8212;&#8212;&#8212;&#8212;&#8211; &#8212;&#8212;&#8212;&#8212;&#8212;&#8212;&#8212;&#8212;&#8212;&#8212;&#8212;&#8212;&#8211; &#8212;&#8212;&#8212;&#8212;&#8212;&#8212;&#8212;&#8212;&#8212;&#8212;<\/p>\n<p>&nbsp;<\/p>\n<p>Der Rennsteig, einer der beliebtesten Wanderwege Deutschlands<\/p>\n<\/div>\n<\/header>\n<div id=\"primary\" class=\"content-area\">\n<article id=\"post-18\" class=\"post-18 post type-post status-publish format-standard hentry category-rennsteig\">\n<header class=\"entry-header\">\n<div class=\"entry-meta\"><span class=\"screen-reader-text\">Ver\u00f6ffentlicht am<\/span> <a href=\"http:\/\/wandern.minnerop.de\/?p=18\" rel=\"bookmark\"><time class=\"entry-date published updated\" datetime=\"2017-09-08T19:09:11+00:00\">September 8, 2017<\/time><\/a><\/div>\n<h2 class=\"entry-title\"><a href=\"http:\/\/wandern.minnerop.de\/?p=18\" rel=\"bookmark\">Bald geht es los<\/a><\/h2>\n<\/header>\n<div class=\"entry-content\">\n<p>Kurze Vorrede.<\/p>\n<p>&nbsp;<\/p>\n<p>Vor ca. 14 Tagen habe ich beschlossen ab 1. Mai 2018, das ist der Beginn meines Rentenalters, den Europ\u00e4ischen Fernwanderweg E1 zu laufen. Das mache ich mir zum Geschenk zum Dank f\u00fcr fast 50 Jahre Arbeit. Ich bin am 1. Aug 1969 in die Lehre gekommen. W\u00e4re ich mit 65 in Rente gegangen, und nicht mit 63, h\u00e4tte ich die 50 Jahre vollgekriegt. <img decoding=\"async\" class=\"emoji\" draggable=\"false\" src=\"https:\/\/s.w.org\/images\/core\/emoji\/2.3\/svg\/1f609.svg\" alt=\"&#x1f609;\" \/> Nun denn, ich kann drauf verzichten.<\/p>\n<p>Um nun so ein gro\u00dfes Wagnis zu stemmen, werde ich einige Probel\u00e4ufe machen. Ich will dabei meine k\u00f6rperliche Fitnes testen, und meine Ausr\u00fcstung richtig zusammenstellen und testen. Ich habe sowas ja noch nie gemacht. Ich gehe zwar viel wandern, aber der E1 ist ja doch eine richtige Hausnummer.<\/p>\n<p>Mein erster Probelauf wird der Rennsteig sein. Nach jetziger Planung werde ich am\u00a0 Freitag den 13. Oktober aufbrechen, und dann in 6 Etappen die 164km laufen. Dabei werde ich ausschlie\u00dflich in den Schutzh\u00fctten oder in meinem Zelt schlafen. Sofern Internetempfang ist, werde ich jeden Abend hier etwas zu meinem Tag posten. Wenn es geht mit Bildern. So habe ich dann ein tolles Tagebuch f\u00fcr mich, und vielleicht jemanden, der auch sowas verr\u00fccktes machen will. <img decoding=\"async\" class=\"emoji\" draggable=\"false\" src=\"https:\/\/s.w.org\/images\/core\/emoji\/2.3\/svg\/1f609.svg\" alt=\"&#x1f609;\" \/><\/p>\n<p>Da mit schlechtem Wetter zu rechnen ist, wird das ein guter Test f\u00fcr eine Wanderung, die anstrengend ist und unter schlechten Bedingungen stattfindet. Wenn ich das schaffe, kommt das gro\u00dfe Wagnis E1 einen Schritt n\u00e4her.<\/p>\n<p>Heute habe ich dazu mit meinem neuen Rucksack (er erhielt den Namen \u201eDas Monster\u201c. Das habe ich aus dem Film \u201eWild\u201c geklaut. Ein sehr sehenswerter Film, in dem eine junge Frau einmal durch Amerika wandert, auf einem ebenso legend\u00e4ren Weg wie der E1.) Auch meine neuen Schuhe wurden mit getestet. Es hat 10km in Str\u00f6men geregnet. F\u00e4ngt also wirklich gut an.<\/p>\n<p>Eine Sache habe ich schon gelernt heute. F\u00fcr meine F\u00fc\u00dfe waren die 10km zum Schuhe einlaufen kein Problem. Aber der R\u00fccken sagt deutlich: 20kg ist zu viel, da musst du noch etwas \u00fcben lieber Rainer.<\/p>\n<p>Und hier ist das Monster. Etwa 20kg schwer. Bei all der tollen Tragetechnik die Deuter da anbietet, irgendwie m\u00fcssen die 20kg gestemmt werden. Mein erster Versuch erinnerte mich an die junge Frau aus dem Film Wild. Sie fiel glatt auf den R\u00fccken, als sie den Rucksack das erste Mal aufsetzen wollte. :lol<\/p>\n<p><img loading=\"lazy\" decoding=\"async\" class=\"alignnone size-medium wp-image-19\" src=\"http:\/\/wandern.minnerop.de\/wp-content\/uploads\/2017\/09\/20170908_202433-e1504897546925-169x300.jpg\" sizes=\"auto, (max-width: 169px) 100vw, 169px\" srcset=\"http:\/\/wandern.minnerop.de\/wp-content\/uploads\/2017\/09\/20170908_202433-e1504897546925-169x300.jpg 169w, http:\/\/wandern.minnerop.de\/wp-content\/uploads\/2017\/09\/20170908_202433-e1504897546925-768x1365.jpg 768w, http:\/\/wandern.minnerop.de\/wp-content\/uploads\/2017\/09\/20170908_202433-e1504897546925-576x1024.jpg 576w\" alt=\"\" width=\"169\" height=\"300\" \/><\/p>\n<\/div>\n<\/article>\n<\/div>\n","protected":false},"excerpt":{"rendered":"<p>Den unten, nach der Markierung folgenden Beitrag hatte ich am 8. Sep 2017 geschrieben. Das hat sich aber mittlerweisle wieder \u00fcberholt. Warum? Mir kam (positiv gesehen) die Erleuchtung, oder anders rum (realistisch gesehen) gesagt, ich war ganz sch\u00f6n bl\u00f6d. \ud83d\ude09 Ich will ja einen &#8222;Probelauf&#8220; machen. Dies sollte der Rennsteig sein. Mein E1-Weg sollte dann [&hellip;]<\/p>\n","protected":false},"author":1,"featured_media":0,"comment_status":"open","ping_status":"open","sticky":false,"template":"","format":"standard","meta":{"footnotes":""},"categories":[2],"tags":[],"class_list":["post-24","post","type-post","status-publish","format-standard","hentry","category-fernwanderweg-e1"],"_links":{"self":[{"href":"https:\/\/wandern.minnerop.de\/index.php?rest_route=\/wp\/v2\/posts\/24","targetHints":{"allow":["GET"]}}],"collection":[{"href":"https:\/\/wandern.minnerop.de\/index.php?rest_route=\/wp\/v2\/posts"}],"about":[{"href":"https:\/\/wandern.minnerop.de\/index.php?rest_route=\/wp\/v2\/types\/post"}],"author":[{"embeddable":true,"href":"https:\/\/wandern.minnerop.de\/index.php?rest_route=\/wp\/v2\/users\/1"}],"replies":[{"embeddable":true,"href":"https:\/\/wandern.minnerop.de\/index.php?rest_route=%2Fwp%2Fv2%2Fcomments&post=24"}],"version-history":[{"count":3,"href":"https:\/\/wandern.minnerop.de\/index.php?rest_route=\/wp\/v2\/posts\/24\/revisions"}],"predecessor-version":[{"id":27,"href":"https:\/\/wandern.minnerop.de\/index.php?rest_route=\/wp\/v2\/posts\/24\/revisions\/27"}],"wp:attachment":[{"href":"https:\/\/wandern.minnerop.de\/index.php?rest_route=%2Fwp%2Fv2%2Fmedia&parent=24"}],"wp:term":[{"taxonomy":"category","embeddable":true,"href":"https:\/\/wandern.minnerop.de\/index.php?rest_route=%2Fwp%2Fv2%2Fcategories&post=24"},{"taxonomy":"post_tag","embeddable":true,"href":"https:\/\/wandern.minnerop.de\/index.php?rest_route=%2Fwp%2Fv2%2Ftags&post=24"}],"curies":[{"name":"wp","href":"https:\/\/api.w.org\/{rel}","templated":true}]}}