{"id":374,"date":"2018-01-21T00:33:12","date_gmt":"2018-01-20T23:33:12","guid":{"rendered":"http:\/\/wandern.minnerop.de\/?p=374"},"modified":"2018-01-21T12:49:46","modified_gmt":"2018-01-21T11:49:46","slug":"etappe-12-luebeck-krumesse-ratzeburg","status":"publish","type":"post","link":"https:\/\/wandern.minnerop.de\/?p=374","title":{"rendered":"Etappe 12 L\u00fcbeck-Krumesse &#8211; Ratzeburg"},"content":{"rendered":"<figure id=\"attachment_423\" aria-describedby=\"caption-attachment-423\" style=\"width: 840px\" class=\"wp-caption aligncenter\"><a href=\"http:\/\/wandern.minnerop.de\/wp-content\/uploads\/2018\/01\/1508746325760.ddd1cd1c-91fd-4568-bdcf-a5254d0ebdc2.jpg\"><img loading=\"lazy\" decoding=\"async\" class=\"size-large wp-image-423\" src=\"http:\/\/wandern.minnerop.de\/wp-content\/uploads\/2018\/01\/1508746325760.ddd1cd1c-91fd-4568-bdcf-a5254d0ebdc2-1024x768.jpg\" alt=\"\" width=\"840\" height=\"630\" srcset=\"https:\/\/wandern.minnerop.de\/wp-content\/uploads\/2018\/01\/1508746325760.ddd1cd1c-91fd-4568-bdcf-a5254d0ebdc2-1024x768.jpg 1024w, https:\/\/wandern.minnerop.de\/wp-content\/uploads\/2018\/01\/1508746325760.ddd1cd1c-91fd-4568-bdcf-a5254d0ebdc2-300x225.jpg 300w, https:\/\/wandern.minnerop.de\/wp-content\/uploads\/2018\/01\/1508746325760.ddd1cd1c-91fd-4568-bdcf-a5254d0ebdc2-768x576.jpg 768w, https:\/\/wandern.minnerop.de\/wp-content\/uploads\/2018\/01\/1508746325760.ddd1cd1c-91fd-4568-bdcf-a5254d0ebdc2-1200x900.jpg 1200w\" sizes=\"auto, (max-width: 840px) 100vw, 840px\" \/><\/a><figcaption id=\"caption-attachment-423\" class=\"wp-caption-text\">Regenmeditaion am Kanal<\/figcaption><\/figure>\n<p>Von Pansdorf ging es mit dem Bus nach L\u00fcbeck rein, dann am n\u00e4chsten Tag von L\u00fcbeck weiter, Einzelheiten im mp3.<br \/>\nEin sehr! regnerischer Tag mit meditativen Elementen am Kanal<\/p>\n<p><a href=\"http:\/\/wandern.minnerop.de\/wp-content\/uploads\/2018\/01\/2017-10-23_24455651_e1-deutschland-1-14-luebeck-krumesse-ratzeburg_export.gpx\">2017-10-23_24455651_e1-deutschland-1-14-luebeck-krumesse-ratzeburg_export<\/a><\/p>\n<audio class=\"wp-audio-shortcode\" id=\"audio-374-1\" preload=\"none\" style=\"width: 100%;\" controls=\"controls\"><source type=\"audio\/mpeg\" src=\"http:\/\/wandern.minnerop.de\/wp-content\/uploads\/2018\/01\/2017_10_23_09_00_14.mp3?_=1\" \/><a href=\"http:\/\/wandern.minnerop.de\/wp-content\/uploads\/2018\/01\/2017_10_23_09_00_14.mp3\">http:\/\/wandern.minnerop.de\/wp-content\/uploads\/2018\/01\/2017_10_23_09_00_14.mp3<\/a><\/audio>\n<p><!--more--><br \/>\n<a href=\"http:\/\/wandern.minnerop.de\/wp-content\/uploads\/2018\/01\/1508748877924.ae178314-9ec1-47df-959f-42d1c0a32b63.jpg\"><img loading=\"lazy\" decoding=\"async\" class=\"aligncenter size-large wp-image-424\" src=\"http:\/\/wandern.minnerop.de\/wp-content\/uploads\/2018\/01\/1508748877924.ae178314-9ec1-47df-959f-42d1c0a32b63-1024x576.jpg\" alt=\"\" width=\"840\" height=\"473\" srcset=\"https:\/\/wandern.minnerop.de\/wp-content\/uploads\/2018\/01\/1508748877924.ae178314-9ec1-47df-959f-42d1c0a32b63-1024x576.jpg 1024w, https:\/\/wandern.minnerop.de\/wp-content\/uploads\/2018\/01\/1508748877924.ae178314-9ec1-47df-959f-42d1c0a32b63-300x169.jpg 300w, https:\/\/wandern.minnerop.de\/wp-content\/uploads\/2018\/01\/1508748877924.ae178314-9ec1-47df-959f-42d1c0a32b63-768x432.jpg 768w, https:\/\/wandern.minnerop.de\/wp-content\/uploads\/2018\/01\/1508748877924.ae178314-9ec1-47df-959f-42d1c0a32b63-1200x675.jpg 1200w, https:\/\/wandern.minnerop.de\/wp-content\/uploads\/2018\/01\/1508748877924.ae178314-9ec1-47df-959f-42d1c0a32b63.jpg 2016w\" sizes=\"auto, (max-width: 840px) 100vw, 840px\" \/><\/a><a href=\"http:\/\/wandern.minnerop.de\/wp-content\/uploads\/2018\/01\/1508749375869.cc16e712-04d5-4cce-9d17-b86194857fc4.jpg\"><img loading=\"lazy\" decoding=\"async\" class=\"aligncenter size-large wp-image-427\" src=\"http:\/\/wandern.minnerop.de\/wp-content\/uploads\/2018\/01\/1508749375869.cc16e712-04d5-4cce-9d17-b86194857fc4-576x1024.jpg\" alt=\"\" width=\"576\" height=\"1024\" srcset=\"https:\/\/wandern.minnerop.de\/wp-content\/uploads\/2018\/01\/1508749375869.cc16e712-04d5-4cce-9d17-b86194857fc4-576x1024.jpg 576w, https:\/\/wandern.minnerop.de\/wp-content\/uploads\/2018\/01\/1508749375869.cc16e712-04d5-4cce-9d17-b86194857fc4-169x300.jpg 169w, https:\/\/wandern.minnerop.de\/wp-content\/uploads\/2018\/01\/1508749375869.cc16e712-04d5-4cce-9d17-b86194857fc4-768x1365.jpg 768w, https:\/\/wandern.minnerop.de\/wp-content\/uploads\/2018\/01\/1508749375869.cc16e712-04d5-4cce-9d17-b86194857fc4.jpg 1134w\" sizes=\"auto, (max-width: 576px) 100vw, 576px\" \/><\/a><a href=\"http:\/\/wandern.minnerop.de\/wp-content\/uploads\/2018\/01\/1508749441103.7f7a8df1-4af9-4d1d-90c4-9368dc6b14fa.jpg\"><img loading=\"lazy\" decoding=\"async\" class=\"aligncenter size-large wp-image-428\" src=\"http:\/\/wandern.minnerop.de\/wp-content\/uploads\/2018\/01\/1508749441103.7f7a8df1-4af9-4d1d-90c4-9368dc6b14fa-1024x576.jpg\" alt=\"\" width=\"840\" height=\"473\" srcset=\"https:\/\/wandern.minnerop.de\/wp-content\/uploads\/2018\/01\/1508749441103.7f7a8df1-4af9-4d1d-90c4-9368dc6b14fa-1024x576.jpg 1024w, https:\/\/wandern.minnerop.de\/wp-content\/uploads\/2018\/01\/1508749441103.7f7a8df1-4af9-4d1d-90c4-9368dc6b14fa-300x169.jpg 300w, https:\/\/wandern.minnerop.de\/wp-content\/uploads\/2018\/01\/1508749441103.7f7a8df1-4af9-4d1d-90c4-9368dc6b14fa-768x432.jpg 768w, https:\/\/wandern.minnerop.de\/wp-content\/uploads\/2018\/01\/1508749441103.7f7a8df1-4af9-4d1d-90c4-9368dc6b14fa-1200x675.jpg 1200w, https:\/\/wandern.minnerop.de\/wp-content\/uploads\/2018\/01\/1508749441103.7f7a8df1-4af9-4d1d-90c4-9368dc6b14fa.jpg 2016w\" sizes=\"auto, (max-width: 840px) 100vw, 840px\" \/><\/a><\/p>\n","protected":false},"excerpt":{"rendered":"<p>Von Pansdorf ging es mit dem Bus nach L\u00fcbeck rein, dann am n\u00e4chsten Tag von L\u00fcbeck weiter, Einzelheiten im mp3. Ein sehr! regnerischer Tag mit meditativen Elementen am Kanal 2017-10-23_24455651_e1-deutschland-1-14-luebeck-krumesse-ratzeburg_export<\/p>\n","protected":false},"author":1,"featured_media":0,"comment_status":"open","ping_status":"open","sticky":false,"template":"","format":"standard","meta":{"footnotes":""},"categories":[2],"tags":[],"class_list":["post-374","post","type-post","status-publish","format-standard","hentry","category-fernwanderweg-e1"],"_links":{"self":[{"href":"https:\/\/wandern.minnerop.de\/index.php?rest_route=\/wp\/v2\/posts\/374","targetHints":{"allow":["GET"]}}],"collection":[{"href":"https:\/\/wandern.minnerop.de\/index.php?rest_route=\/wp\/v2\/posts"}],"about":[{"href":"https:\/\/wandern.minnerop.de\/index.php?rest_route=\/wp\/v2\/types\/post"}],"author":[{"embeddable":true,"href":"https:\/\/wandern.minnerop.de\/index.php?rest_route=\/wp\/v2\/users\/1"}],"replies":[{"embeddable":true,"href":"https:\/\/wandern.minnerop.de\/index.php?rest_route=%2Fwp%2Fv2%2Fcomments&post=374"}],"version-history":[{"count":3,"href":"https:\/\/wandern.minnerop.de\/index.php?rest_route=\/wp\/v2\/posts\/374\/revisions"}],"predecessor-version":[{"id":429,"href":"https:\/\/wandern.minnerop.de\/index.php?rest_route=\/wp\/v2\/posts\/374\/revisions\/429"}],"wp:attachment":[{"href":"https:\/\/wandern.minnerop.de\/index.php?rest_route=%2Fwp%2Fv2%2Fmedia&parent=374"}],"wp:term":[{"taxonomy":"category","embeddable":true,"href":"https:\/\/wandern.minnerop.de\/index.php?rest_route=%2Fwp%2Fv2%2Fcategories&post=374"},{"taxonomy":"post_tag","embeddable":true,"href":"https:\/\/wandern.minnerop.de\/index.php?rest_route=%2Fwp%2Fv2%2Ftags&post=374"}],"curies":[{"name":"wp","href":"https:\/\/api.w.org\/{rel}","templated":true}]}}