{"id":458,"date":"2018-03-02T19:22:19","date_gmt":"2018-03-02T18:22:19","guid":{"rendered":"http:\/\/wandern.minnerop.de\/?p=458"},"modified":"2018-03-02T19:22:19","modified_gmt":"2018-03-02T18:22:19","slug":"la-gomera","status":"publish","type":"post","link":"https:\/\/wandern.minnerop.de\/?p=458","title":{"rendered":"La Gomera"},"content":{"rendered":"<p>Jetzt bin ich schon eine Woche auf der wundersch\u00f6nen Insel des ewigen Fr\u00fchlings, La Gomera.<\/p>\n<p>Kurz ausgedr\u00fcckt: Es ist derma\u00dfen toll, dass mir die Worte fehlen! Die Natur ist derma\u00dfen grandios, da fehlen einfach die Begriffe, um das auszudr\u00fccken.<\/p>\n<p>Ich habe schon einige Touren gemacht, und einen Orkan erlebt. Ausf\u00fchrliche Beschreibungen kann ich erst Posten,\u00a0 wenn ich wieder zu Hause bin. Von hier aus wird das recht teuer. Internet klappt \u00fcbrigens<\/p>\n<p>wunderbar, ich habe hier um Hermigua immer LTE. In den Bergen ist das manchmal weg, aber nur selten.<\/p>\n<figure id=\"attachment_459\" aria-describedby=\"caption-attachment-459\" style=\"width: 840px\" class=\"wp-caption aligncenter\"><a href=\"http:\/\/wandern.minnerop.de\/wp-content\/uploads\/2018\/03\/DSC00210.jpg\"><img loading=\"lazy\" decoding=\"async\" class=\"size-large wp-image-459\" src=\"http:\/\/wandern.minnerop.de\/wp-content\/uploads\/2018\/03\/DSC00210-1024x576.jpg\" alt=\"\" width=\"840\" height=\"473\" srcset=\"https:\/\/wandern.minnerop.de\/wp-content\/uploads\/2018\/03\/DSC00210-1024x576.jpg 1024w, https:\/\/wandern.minnerop.de\/wp-content\/uploads\/2018\/03\/DSC00210-300x169.jpg 300w, https:\/\/wandern.minnerop.de\/wp-content\/uploads\/2018\/03\/DSC00210-768x432.jpg 768w, https:\/\/wandern.minnerop.de\/wp-content\/uploads\/2018\/03\/DSC00210-1200x675.jpg 1200w\" sizes=\"auto, (max-width: 840px) 100vw, 840px\" \/><\/a><figcaption id=\"caption-attachment-459\" class=\"wp-caption-text\">Aussicht bei Agulo<\/figcaption><\/figure>\n<p>Hier mal ein Ausblick beim Abstieg vom Mirador de Abrante. So sieht das hier \u00fcberall aus.<\/p>\n","protected":false},"excerpt":{"rendered":"<p>Jetzt bin ich schon eine Woche auf der wundersch\u00f6nen Insel des ewigen Fr\u00fchlings, La Gomera. Kurz ausgedr\u00fcckt: Es ist derma\u00dfen toll, dass mir die Worte fehlen! Die Natur ist derma\u00dfen grandios, da fehlen einfach die Begriffe, um das auszudr\u00fccken. Ich habe schon einige Touren gemacht, und einen Orkan erlebt. Ausf\u00fchrliche Beschreibungen kann ich erst Posten,\u00a0 [&hellip;]<\/p>\n","protected":false},"author":1,"featured_media":0,"comment_status":"open","ping_status":"open","sticky":false,"template":"","format":"standard","meta":{"footnotes":""},"categories":[1,13],"tags":[],"class_list":["post-458","post","type-post","status-publish","format-standard","hentry","category-allgemein","category-la-gomera"],"_links":{"self":[{"href":"https:\/\/wandern.minnerop.de\/index.php?rest_route=\/wp\/v2\/posts\/458","targetHints":{"allow":["GET"]}}],"collection":[{"href":"https:\/\/wandern.minnerop.de\/index.php?rest_route=\/wp\/v2\/posts"}],"about":[{"href":"https:\/\/wandern.minnerop.de\/index.php?rest_route=\/wp\/v2\/types\/post"}],"author":[{"embeddable":true,"href":"https:\/\/wandern.minnerop.de\/index.php?rest_route=\/wp\/v2\/users\/1"}],"replies":[{"embeddable":true,"href":"https:\/\/wandern.minnerop.de\/index.php?rest_route=%2Fwp%2Fv2%2Fcomments&post=458"}],"version-history":[{"count":1,"href":"https:\/\/wandern.minnerop.de\/index.php?rest_route=\/wp\/v2\/posts\/458\/revisions"}],"predecessor-version":[{"id":460,"href":"https:\/\/wandern.minnerop.de\/index.php?rest_route=\/wp\/v2\/posts\/458\/revisions\/460"}],"wp:attachment":[{"href":"https:\/\/wandern.minnerop.de\/index.php?rest_route=%2Fwp%2Fv2%2Fmedia&parent=458"}],"wp:term":[{"taxonomy":"category","embeddable":true,"href":"https:\/\/wandern.minnerop.de\/index.php?rest_route=%2Fwp%2Fv2%2Fcategories&post=458"},{"taxonomy":"post_tag","embeddable":true,"href":"https:\/\/wandern.minnerop.de\/index.php?rest_route=%2Fwp%2Fv2%2Ftags&post=458"}],"curies":[{"name":"wp","href":"https:\/\/api.w.org\/{rel}","templated":true}]}}