{"id":462,"date":"2018-03-14T17:15:32","date_gmt":"2018-03-14T16:15:32","guid":{"rendered":"http:\/\/wandern.minnerop.de\/?p=462"},"modified":"2018-03-14T17:53:29","modified_gmt":"2018-03-14T16:53:29","slug":"tag-1-tour-zum-mirador-de-abrantes","status":"publish","type":"post","link":"https:\/\/wandern.minnerop.de\/?p=462","title":{"rendered":"Tag 1, Tour zum Mirador de Abrantes"},"content":{"rendered":"<p>Gleich am ersten Tag nach der Ankunft hatte ich mir den Mirador (Aussichtspunkt) de Abrantes ausgesucht. Ich hatte etlich Videos dazu gesehen, und diverse Beschreibungen dazu gelesen.<\/p>\n<p>Ich machte mich also von meiner Unterkunft in Hermigua zu Fu\u00df auf nach Agulo, dem Nachbarort. Dort ist eine ca. 450m hohe senkrechte Felswand. <!--more-->Ganz oben schaut, wie eine Sprungschanze, der Mirador \u00fcber den Fels. In seinem Boden ist eine Glasplatte. Wenn man auf ihr steht, dann hat man unter sich 450m &#8230;&#8230;.. NICHTS!<\/p>\n<p>Noch ein kleiner Hinweis. Ich bin von Hermigua aus gelaufen. Das macht aber eigentlich keinen Sinn. Es ist deutlich besser, direkt aus Agulo zu laufen. Im &#8222;Zentrum&#8220; des D\u00f6rfchens sind reichlich Parkpl\u00e4tze, L\u00e4den und Kneipen\/Restaurants f\u00fcr Nachher. Das D\u00f6rfchen selbst ist auch sehenswert.<\/p>\n<p>Hier das Video zum Aufstieg: (kleiner Hinweis. Es war zwar Ende Februar, aber ich hatte noch 4 Stunden bereits einen Sonnenbrand. Deswegen meine neue Kreation eines Sonnenhutes. \ud83d\ude42 )<br \/>\n<iframe loading=\"lazy\" title=\"mirador de abrantes HD\" width=\"580\" height=\"326\" src=\"https:\/\/www.youtube.com\/embed\/G2suSLgL1gM?feature=oembed\" frameborder=\"0\" allow=\"accelerometer; autoplay; clipboard-write; encrypted-media; gyroscope; picture-in-picture; web-share\" referrerpolicy=\"strict-origin-when-cross-origin\" allowfullscreen><\/iframe><\/p>\n<p>So sieht das von Au\u00dfen aus:<\/p>\n<figure id=\"attachment_463\" aria-describedby=\"caption-attachment-463\" style=\"width: 576px\" class=\"wp-caption aligncenter\"><a href=\"http:\/\/wandern.minnerop.de\/wp-content\/uploads\/2018\/03\/DSC00249.jpg\"><img loading=\"lazy\" decoding=\"async\" class=\"size-large wp-image-463\" src=\"http:\/\/wandern.minnerop.de\/wp-content\/uploads\/2018\/03\/DSC00249-576x1024.jpg\" alt=\"\" width=\"576\" height=\"1024\" srcset=\"https:\/\/wandern.minnerop.de\/wp-content\/uploads\/2018\/03\/DSC00249-576x1024.jpg 576w, https:\/\/wandern.minnerop.de\/wp-content\/uploads\/2018\/03\/DSC00249-169x300.jpg 169w, https:\/\/wandern.minnerop.de\/wp-content\/uploads\/2018\/03\/DSC00249-768x1365.jpg 768w, https:\/\/wandern.minnerop.de\/wp-content\/uploads\/2018\/03\/DSC00249-1200x2133.jpg 1200w\" sizes=\"auto, (max-width: 576px) 100vw, 576px\" \/><\/a><figcaption id=\"caption-attachment-463\" class=\"wp-caption-text\">Aufstieg zum Mirador, der ganz oben \u00fcber die Felskante schaut<\/figcaption><\/figure>\n<p>und so von innen:<\/p>\n<figure id=\"attachment_464\" aria-describedby=\"caption-attachment-464\" style=\"width: 840px\" class=\"wp-caption aligncenter\"><a href=\"http:\/\/wandern.minnerop.de\/wp-content\/uploads\/2018\/03\/DSC00200.jpg\"><img loading=\"lazy\" decoding=\"async\" class=\"size-large wp-image-464\" src=\"http:\/\/wandern.minnerop.de\/wp-content\/uploads\/2018\/03\/DSC00200-1024x576.jpg\" alt=\"\" width=\"840\" height=\"473\" srcset=\"https:\/\/wandern.minnerop.de\/wp-content\/uploads\/2018\/03\/DSC00200-1024x576.jpg 1024w, https:\/\/wandern.minnerop.de\/wp-content\/uploads\/2018\/03\/DSC00200-300x169.jpg 300w, https:\/\/wandern.minnerop.de\/wp-content\/uploads\/2018\/03\/DSC00200-768x432.jpg 768w, https:\/\/wandern.minnerop.de\/wp-content\/uploads\/2018\/03\/DSC00200-1200x675.jpg 1200w\" sizes=\"auto, (max-width: 840px) 100vw, 840px\" \/><\/a><figcaption id=\"caption-attachment-464\" class=\"wp-caption-text\">Der Mirador von Innen. Man achte auf das Bild zu meinen F\u00fc\u00dfen!<\/figcaption><\/figure>\n<p>Du stehst hier wirklich im Nichts. Ein zuerst etwas mulmiges Gef\u00fchl, aber es wird schnell besser, und dann ist es wirklich toll!<\/p>\n<p>Ich m\u00f6chte noch einiges zum Aufstieg sagen. Vorab: Das sind absolut grandiose Eindr\u00fccke. Diese Aussichten, diese Vegetation, diese Felsformationen, das ist einfach unbeschreiblich sch\u00f6n. Das kann man nur erleben, nicht beschreiben. Ich jedenfalls nicht.<br \/>\nAber! Dieser Aufstieg geht durch eine senkrechte Felswand. Die Gomeros sind schon recht genial, was das Anlegen solcher Pfade in den Felsen betrifft. Aber auch ihnen sind Grenzen gesetzt. Der Weg ist weit davon entfernt, was der Wanderer so aus dem Sauerland oder der Eifel oder sonstigen Mittelgebirgen kennt. Er ist extrem steil, er ist schmal, und er ist v\u00f6llig ungesichert. Keine Gel\u00e4nder, keine Drahtseile zum Festhalten, so wie in den Alpen. Manchmal gehst du auf einem schmalen Sims, und neben dir geht es ein paar hundert Meter senkrecht abw\u00e4rts.<\/p>\n<p>Wer hier hochgeht, muss schon wirklich schwindelfrei sein. Er muss gute Schuhe haben. Turnschuhe sind absolut ungeeignet. Und das Wetter muss gut sein. Vielleicht erkennt man auf den Bildern, dass das alles nicht nur grandios und toll ist, sonder auch ein wenig gef\u00e4hrlich. Dieser Weg ist m.E. so die Grenze, was sich der Normalwanderer zumuten kann. In den n\u00e4chsten Tagen habe ich noch deutlich schlimmere\/gef\u00e4hrlichere Wege kennengelernt.<\/p>\n<p>Schon w\u00e4hrend Aufstiegs hat man tollen Ausblicke. Beim Abstieg, der um den Berg herum zur\u00fcck nach Agulo f\u00fchrt, kommt man weiter aus dem Staunen und Schw\u00e4rmen nicht heraus. Die Vegetation wechselt mehrfach komplett. Die Felsformationen sind sehr urt\u00fcmlich, und man sieht \u00fcberall die verschiedenen Schichten in den Felsen, und man sieht auch, dass alles br\u00f6ckelt. Auf weiten Strecken kann man die Schichten zwischen den harten Gesteinen mit den Fingern herausprockeln. Es liegt also auch immer ein wenig Steinschlag auf den Wegen, die aber sehr h\u00e4ufig ger\u00e4umt werden.<\/p>\n<p>Hier noch ein paar Impressionen vom Abstieg.<\/p>\n<figure id=\"attachment_469\" aria-describedby=\"caption-attachment-469\" style=\"width: 840px\" class=\"wp-caption aligncenter\"><a href=\"http:\/\/wandern.minnerop.de\/wp-content\/uploads\/2018\/03\/DSC00201.jpg\"><img loading=\"lazy\" decoding=\"async\" class=\"size-large wp-image-469\" src=\"http:\/\/wandern.minnerop.de\/wp-content\/uploads\/2018\/03\/DSC00201-1024x576.jpg\" alt=\"\" width=\"840\" height=\"473\" srcset=\"https:\/\/wandern.minnerop.de\/wp-content\/uploads\/2018\/03\/DSC00201-1024x576.jpg 1024w, https:\/\/wandern.minnerop.de\/wp-content\/uploads\/2018\/03\/DSC00201-300x169.jpg 300w, https:\/\/wandern.minnerop.de\/wp-content\/uploads\/2018\/03\/DSC00201-768x432.jpg 768w, https:\/\/wandern.minnerop.de\/wp-content\/uploads\/2018\/03\/DSC00201-1200x675.jpg 1200w\" sizes=\"auto, (max-width: 840px) 100vw, 840px\" \/><\/a><figcaption id=\"caption-attachment-469\" class=\"wp-caption-text\">Abstieg vom Mirador de Abtrantes<\/figcaption><\/figure>\n<figure id=\"attachment_470\" aria-describedby=\"caption-attachment-470\" style=\"width: 840px\" class=\"wp-caption aligncenter\"><a href=\"http:\/\/wandern.minnerop.de\/wp-content\/uploads\/2018\/03\/DSC00203.jpg\"><img loading=\"lazy\" decoding=\"async\" class=\"size-large wp-image-470\" src=\"http:\/\/wandern.minnerop.de\/wp-content\/uploads\/2018\/03\/DSC00203-1024x576.jpg\" alt=\"\" width=\"840\" height=\"473\" srcset=\"https:\/\/wandern.minnerop.de\/wp-content\/uploads\/2018\/03\/DSC00203-1024x576.jpg 1024w, https:\/\/wandern.minnerop.de\/wp-content\/uploads\/2018\/03\/DSC00203-300x169.jpg 300w, https:\/\/wandern.minnerop.de\/wp-content\/uploads\/2018\/03\/DSC00203-768x432.jpg 768w, https:\/\/wandern.minnerop.de\/wp-content\/uploads\/2018\/03\/DSC00203-1200x675.jpg 1200w\" sizes=\"auto, (max-width: 840px) 100vw, 840px\" \/><\/a><figcaption id=\"caption-attachment-470\" class=\"wp-caption-text\">Ein St\u00fcck des Weges<\/figcaption><\/figure>\n<figure id=\"attachment_472\" aria-describedby=\"caption-attachment-472\" style=\"width: 840px\" class=\"wp-caption aligncenter\"><a href=\"http:\/\/wandern.minnerop.de\/wp-content\/uploads\/2018\/03\/DSC00208.jpg\"><img loading=\"lazy\" decoding=\"async\" class=\"size-large wp-image-472\" src=\"http:\/\/wandern.minnerop.de\/wp-content\/uploads\/2018\/03\/DSC00208-1024x576.jpg\" alt=\"\" width=\"840\" height=\"473\" srcset=\"https:\/\/wandern.minnerop.de\/wp-content\/uploads\/2018\/03\/DSC00208-1024x576.jpg 1024w, https:\/\/wandern.minnerop.de\/wp-content\/uploads\/2018\/03\/DSC00208-300x169.jpg 300w, https:\/\/wandern.minnerop.de\/wp-content\/uploads\/2018\/03\/DSC00208-768x432.jpg 768w, https:\/\/wandern.minnerop.de\/wp-content\/uploads\/2018\/03\/DSC00208-1200x675.jpg 1200w\" sizes=\"auto, (max-width: 840px) 100vw, 840px\" \/><\/a><figcaption id=\"caption-attachment-472\" class=\"wp-caption-text\">Langsam wird es wieder gr\u00fcn<\/figcaption><\/figure>\n<figure id=\"attachment_474\" aria-describedby=\"caption-attachment-474\" style=\"width: 840px\" class=\"wp-caption aligncenter\"><a href=\"http:\/\/wandern.minnerop.de\/wp-content\/uploads\/2018\/03\/DSC00210-1.jpg\"><img loading=\"lazy\" decoding=\"async\" class=\"size-large wp-image-474\" src=\"http:\/\/wandern.minnerop.de\/wp-content\/uploads\/2018\/03\/DSC00210-1-1024x576.jpg\" alt=\"\" width=\"840\" height=\"473\" srcset=\"https:\/\/wandern.minnerop.de\/wp-content\/uploads\/2018\/03\/DSC00210-1-1024x576.jpg 1024w, https:\/\/wandern.minnerop.de\/wp-content\/uploads\/2018\/03\/DSC00210-1-300x169.jpg 300w, https:\/\/wandern.minnerop.de\/wp-content\/uploads\/2018\/03\/DSC00210-1-768x432.jpg 768w, https:\/\/wandern.minnerop.de\/wp-content\/uploads\/2018\/03\/DSC00210-1-1200x675.jpg 1200w\" sizes=\"auto, (max-width: 840px) 100vw, 840px\" \/><\/a><figcaption id=\"caption-attachment-474\" class=\"wp-caption-text\">bald bin ich unten&#8230;<\/figcaption><\/figure>\n<p>Ich h\u00e4nge noch ein Video, mein Audiotagebuch von unterwegs, und das GPX f\u00fcrs Navi dran. Kann sein, dass das ein paar Stunden dauert, bis alles hochgeladen ist.<\/p>\n","protected":false},"excerpt":{"rendered":"<p>Gleich am ersten Tag nach der Ankunft hatte ich mir den Mirador (Aussichtspunkt) de Abrantes ausgesucht. Ich hatte etlich Videos dazu gesehen, und diverse Beschreibungen dazu gelesen. Ich machte mich also von meiner Unterkunft in Hermigua zu Fu\u00df auf nach Agulo, dem Nachbarort. Dort ist eine ca. 450m hohe senkrechte Felswand.<\/p>\n","protected":false},"author":1,"featured_media":0,"comment_status":"open","ping_status":"open","sticky":false,"template":"","format":"standard","meta":{"footnotes":""},"categories":[13],"tags":[],"class_list":["post-462","post","type-post","status-publish","format-standard","hentry","category-la-gomera"],"_links":{"self":[{"href":"https:\/\/wandern.minnerop.de\/index.php?rest_route=\/wp\/v2\/posts\/462","targetHints":{"allow":["GET"]}}],"collection":[{"href":"https:\/\/wandern.minnerop.de\/index.php?rest_route=\/wp\/v2\/posts"}],"about":[{"href":"https:\/\/wandern.minnerop.de\/index.php?rest_route=\/wp\/v2\/types\/post"}],"author":[{"embeddable":true,"href":"https:\/\/wandern.minnerop.de\/index.php?rest_route=\/wp\/v2\/users\/1"}],"replies":[{"embeddable":true,"href":"https:\/\/wandern.minnerop.de\/index.php?rest_route=%2Fwp%2Fv2%2Fcomments&post=462"}],"version-history":[{"count":8,"href":"https:\/\/wandern.minnerop.de\/index.php?rest_route=\/wp\/v2\/posts\/462\/revisions"}],"predecessor-version":[{"id":476,"href":"https:\/\/wandern.minnerop.de\/index.php?rest_route=\/wp\/v2\/posts\/462\/revisions\/476"}],"wp:attachment":[{"href":"https:\/\/wandern.minnerop.de\/index.php?rest_route=%2Fwp%2Fv2%2Fmedia&parent=462"}],"wp:term":[{"taxonomy":"category","embeddable":true,"href":"https:\/\/wandern.minnerop.de\/index.php?rest_route=%2Fwp%2Fv2%2Fcategories&post=462"},{"taxonomy":"post_tag","embeddable":true,"href":"https:\/\/wandern.minnerop.de\/index.php?rest_route=%2Fwp%2Fv2%2Ftags&post=462"}],"curies":[{"name":"wp","href":"https:\/\/api.w.org\/{rel}","templated":true}]}}