{"id":68,"date":"2017-09-18T17:29:28","date_gmt":"2017-09-18T15:29:28","guid":{"rendered":"http:\/\/wandern.minnerop.de\/?p=68"},"modified":"2017-09-23T19:29:37","modified_gmt":"2017-09-23T17:29:37","slug":"abschlusspruefung","status":"publish","type":"post","link":"https:\/\/wandern.minnerop.de\/?p=68","title":{"rendered":"&#8222;Abschlusspr\u00fcfung&#8220;"},"content":{"rendered":"<p>Heute habe ich quasi meine &#8222;Abschlusspr\u00fcfung&#8220; f\u00fcr die ersten Etappen auf dem E1 gemacht. Ich bin 23km in drei Etappen heute gelaufen. Mit der Kleidung die ich tragen will, und mit dem Rucksack mit knapp 20kg.<br \/>\n1te und 2te Etappe morgens, je 8km und ein bischen. Dann eine knappe Stunde Pause, etwas Essen, und dann die letzten knapp 7km.<\/p>\n<p>Laufzeit: 9:00 bis etwa 15:00 Uhr.<\/p>\n<p>Ich h\u00e4tte da gerne noch eine Runde gedreht, damit ich auf 25km gekommen w\u00e4re.<br \/>\nAber leider stellte sich auch hier bei meinen Halbschuhen von Salomon heraus, genau wie bei den hohen Schuhen, dass ich bei einem so gro\u00dfen Gewicht auf dem R\u00fccken die Schuhe eine halbe Nummer gr\u00f6\u00dfer brauche. Genau wie bei den hohen Schuhen tat es nach einiger Zeit weh. Ab km 20 dachte ich, es zieht mir die Zehenn\u00e4gel raus. Im Film &#8222;Wild&#8220; war das auch so, da waren die Schuhe zu klein.<br \/>\nBei normalem Gewicht laufe ich mit diesen Schuhen ganz bequem 25km ohne gr\u00f6\u00dfere Pause. Durch das Gewicht ver\u00e4ndert sich das. Der Fu\u00df scheint sich deutlich breiter und l\u00e4nger zu dr\u00fccken. Als ich bei den hohen Schuhen eine halbe Nummer gr\u00f6\u00dfter gew\u00e4hlt habe, war das weg. Werde das bei den Halbschuhen auch so machen. Hab dann leider jeweils zwei Paar Schuhe da stehen. Einmal f\u00fcr Wanderungen mit Tagesgep\u00e4ck, und einmal f\u00fcr den 20kg Fernwanderrucksack.<br \/>\nTeurer Spa\u00df!<\/p>\n<p><img loading=\"lazy\" decoding=\"async\" class=\"alignnone wp-image-69\" src=\"http:\/\/wandern.minnerop.de\/wp-content\/uploads\/2017\/09\/1505748068249-3fe602b61d088091-3fd590d8874a1f00-225x300.jpg\" alt=\"\" width=\"440\" height=\"586\" srcset=\"https:\/\/wandern.minnerop.de\/wp-content\/uploads\/2017\/09\/1505748068249-3fe602b61d088091-3fd590d8874a1f00-225x300.jpg 225w, https:\/\/wandern.minnerop.de\/wp-content\/uploads\/2017\/09\/1505748068249-3fe602b61d088091-3fd590d8874a1f00-768x1024.jpg 768w, https:\/\/wandern.minnerop.de\/wp-content\/uploads\/2017\/09\/1505748068249-3fe602b61d088091-3fd590d8874a1f00.jpg 810w\" sizes=\"auto, (max-width: 440px) 100vw, 440px\" \/><\/p>\n<p>Rainer mit Rucksack 20kg<\/p>\n<p>Hier die GPX-Dateien als Zip. Ich habe mal getestet, ob man die gpx-Dateien direkt in den Blog laden kann. Dies ist leider von WordPress blockiert. \ud83d\ude41 Als Zip geht es.<a href=\"http:\/\/wandern.minnerop.de\/wp-content\/uploads\/2017\/09\/GPX-Dateien.zip\"><br \/>\nGPX-Dateien<\/a><\/p>\n<p>&nbsp;<\/p>\n","protected":false},"excerpt":{"rendered":"<p>Heute habe ich quasi meine &#8222;Abschlusspr\u00fcfung&#8220; f\u00fcr die ersten Etappen auf dem E1 gemacht. Ich bin 23km in drei Etappen heute gelaufen. Mit der Kleidung die ich tragen will, und mit dem Rucksack mit knapp 20kg. 1te und 2te Etappe morgens, je 8km und ein bischen. Dann eine knappe Stunde Pause, etwas Essen, und dann [&hellip;]<\/p>\n","protected":false},"author":1,"featured_media":0,"comment_status":"open","ping_status":"open","sticky":false,"template":"","format":"standard","meta":{"footnotes":""},"categories":[2],"tags":[],"class_list":["post-68","post","type-post","status-publish","format-standard","hentry","category-fernwanderweg-e1"],"_links":{"self":[{"href":"https:\/\/wandern.minnerop.de\/index.php?rest_route=\/wp\/v2\/posts\/68","targetHints":{"allow":["GET"]}}],"collection":[{"href":"https:\/\/wandern.minnerop.de\/index.php?rest_route=\/wp\/v2\/posts"}],"about":[{"href":"https:\/\/wandern.minnerop.de\/index.php?rest_route=\/wp\/v2\/types\/post"}],"author":[{"embeddable":true,"href":"https:\/\/wandern.minnerop.de\/index.php?rest_route=\/wp\/v2\/users\/1"}],"replies":[{"embeddable":true,"href":"https:\/\/wandern.minnerop.de\/index.php?rest_route=%2Fwp%2Fv2%2Fcomments&post=68"}],"version-history":[{"count":6,"href":"https:\/\/wandern.minnerop.de\/index.php?rest_route=\/wp\/v2\/posts\/68\/revisions"}],"predecessor-version":[{"id":114,"href":"https:\/\/wandern.minnerop.de\/index.php?rest_route=\/wp\/v2\/posts\/68\/revisions\/114"}],"wp:attachment":[{"href":"https:\/\/wandern.minnerop.de\/index.php?rest_route=%2Fwp%2Fv2%2Fmedia&parent=68"}],"wp:term":[{"taxonomy":"category","embeddable":true,"href":"https:\/\/wandern.minnerop.de\/index.php?rest_route=%2Fwp%2Fv2%2Fcategories&post=68"},{"taxonomy":"post_tag","embeddable":true,"href":"https:\/\/wandern.minnerop.de\/index.php?rest_route=%2Fwp%2Fv2%2Ftags&post=68"}],"curies":[{"name":"wp","href":"https:\/\/api.w.org\/{rel}","templated":true}]}}